{"id":3900,"date":"2020-10-27T13:55:59","date_gmt":"2020-10-27T12:55:59","guid":{"rendered":"http:\/\/fleschmazowsza.com.pl\/?p=3900"},"modified":"2020-10-27T13:56:00","modified_gmt":"2020-10-27T12:56:00","slug":"szpital-polowy-pod-warszawa","status":"publish","type":"post","link":"https:\/\/fleschmazowsza.com.pl\/?p=3900","title":{"rendered":"Szpital polowy pod Warszaw\u0105"},"content":{"rendered":"\n<p><strong>Kilka tysi\u0119cy \u0142\u00f3\u017cek dla pacjent\u00f3w koronawirusa by\u0107 mo\u017ce stanie na terenie PTAK Warsaw Expo w Nadarzynie. &#8211; Jeste\u015bmy gotowi, przekaza\u0107 nieodp\u0142atnie hale PTAK Warsaw Expo znajduj\u0105ce si\u0119 w Nadarzynie \u2013 deklaruje Tomasz Szypu\u0142a, prezes firmy.<\/strong><\/p>\n\n\n\n<p>Podobnie jak w marcu, teraz r\u00f3wnie\u017c prezes Warsaw Expo oferuje ch\u0119\u0107 pomocy w rozwi\u0105zaniu problemu braku miejsca w szpitalach z powodu pandemii koronawirusa. Wtedy jednak ostatecznie podj\u0119to decyzj\u0119 o braku konieczno\u015bci organizowania tam szpitala polowego. Obecnie, sytuacja epidemiczna jest znacznie gorsza. Zapad\u0142y zatem wi\u0105\u017c\u0105ce deklaracje.<\/p>\n\n\n\n<p>\u2013Dlatego podtrzymujemy nasz\u0105 gotowo\u015b\u0107 i je\u017celi b\u0119dzie taka potrzeba, to oddajemy do dyspozycji pa\u0144stwa polskiego mo\u017cliwo\u015b\u0107 niekomercyjnego przeznaczenia naszych obiekt\u00f3w w Nadarzynie \u2013 powiedzia\u0142 w wywiadzie dla WP Tomasz Szypu\u0142a.<\/p>\n\n\n\n<p>W planach na szpital przeznaczonych zostanie 6 hal, kt\u00f3re \u0142\u0105cznie stanowi\u0105 powierzchni\u0119 150 tys. m2. Taki metra\u017c pozwoli na pomieszczenie kilku tysi\u0119cy \u0142\u00f3\u017cek, na kt\u00f3rych mogliby przechodzi\u0107 hospitalizacj\u0119 pacjenci chorzy na COVID. \uf02d Na pewno by\u0142yby to tysi\u0105ce \u0142\u00f3\u017cek. Dok\u0142adn\u0105 liczb\u0119 musia\u0142by wyliczy\u0107 G\u0142\u00f3wny Inspektor Sanitarny razem z Ministerstwem Zdrowia \u2013 m\u00f3wi Szypu\u0142a.<\/p>\n\n\n\n<p>Decyzja o oddaniu miejsca pod szpital zosta\u0142a ju\u017c przekazana do Pa\u0142acu Prezydenckiego oraz Kancelarii Prezesa Rady Ministr\u00f3w.<\/p>\n\n\n\n<p>-Wszyscy nasi pracownicy dzia\u0142u technicznego mog\u0105 od razu w\u0142\u0105czy\u0107 si\u0119 w przygotowanie do adaptacji przestrzeni pod szpital. Mamy sprz\u0119t, wyposa\u017cenie i zaplecze techniczne. Hale s\u0105 ogrzewane, obok s\u0105 ogromne parkingi. Nie trzeba by\u0142oby budowa\u0107 szpitali przy u\u017cyciu namiot\u00f3w czy prowizorycznych materia\u0142\u00f3w \u2013 powiedzia\u0142 prezes PTAK Warsaw Expo.<\/p>\n\n\n\n<p class=\"has-text-align-right\"><strong>(ak)<\/strong>, Fot.: <strong><em>Pixabay.com<\/em><\/strong><\/p>\n","protected":false},"excerpt":{"rendered":"<p>Kilka tysi\u0119cy \u0142\u00f3\u017cek dla pacjent\u00f3w koronawirusa by\u0107 mo\u017ce stanie na terenie PTAK Warsaw Expo w Nadarzynie. &#8211; Jeste\u015bmy gotowi, przekaza\u0107 nieodp\u0142atnie hale PTAK Warsaw Expo znajduj\u0105ce si\u0119 w Nadarzynie \u2013 deklaruje Tomasz Szypu\u0142a, prezes firmy. Podobnie jak w marcu, teraz r\u00f3wnie\u017c prezes Warsaw Expo oferuje ch\u0119\u0107 pomocy w rozwi\u0105zaniu problemu braku miejsca w szpitalach z [&hellip;]<\/p>\n","protected":false},"author":2,"featured_media":3901,"comment_status":"closed","ping_status":"open","sticky":false,"template":"","format":"standard","meta":{"footnotes":""},"categories":[5],"tags":[],"class_list":["post-3900","post","type-post","status-publish","format-standard","has-post-thumbnail","hentry","category-wiadomosci"],"_links":{"self":[{"href":"https:\/\/fleschmazowsza.com.pl\/index.php?rest_route=\/wp\/v2\/posts\/3900","targetHints":{"allow":["GET"]}}],"collection":[{"href":"https:\/\/fleschmazowsza.com.pl\/index.php?rest_route=\/wp\/v2\/posts"}],"about":[{"href":"https:\/\/fleschmazowsza.com.pl\/index.php?rest_route=\/wp\/v2\/types\/post"}],"author":[{"embeddable":true,"href":"https:\/\/fleschmazowsza.com.pl\/index.php?rest_route=\/wp\/v2\/users\/2"}],"replies":[{"embeddable":true,"href":"https:\/\/fleschmazowsza.com.pl\/index.php?rest_route=%2Fwp%2Fv2%2Fcomments&post=3900"}],"version-history":[{"count":2,"href":"https:\/\/fleschmazowsza.com.pl\/index.php?rest_route=\/wp\/v2\/posts\/3900\/revisions"}],"predecessor-version":[{"id":3903,"href":"https:\/\/fleschmazowsza.com.pl\/index.php?rest_route=\/wp\/v2\/posts\/3900\/revisions\/3903"}],"wp:featuredmedia":[{"embeddable":true,"href":"https:\/\/fleschmazowsza.com.pl\/index.php?rest_route=\/wp\/v2\/media\/3901"}],"wp:attachment":[{"href":"https:\/\/fleschmazowsza.com.pl\/index.php?rest_route=%2Fwp%2Fv2%2Fmedia&parent=3900"}],"wp:term":[{"taxonomy":"category","embeddable":true,"href":"https:\/\/fleschmazowsza.com.pl\/index.php?rest_route=%2Fwp%2Fv2%2Fcategories&post=3900"},{"taxonomy":"post_tag","embeddable":true,"href":"https:\/\/fleschmazowsza.com.pl\/index.php?rest_route=%2Fwp%2Fv2%2Ftags&post=3900"}],"curies":[{"name":"wp","href":"https:\/\/api.w.org\/{rel}","templated":true}]}}