{"id":390,"date":"2016-11-25T15:39:50","date_gmt":"2016-11-25T14:39:50","guid":{"rendered":"http:\/\/fleschmazowsza.com.pl\/?p=390"},"modified":"2016-11-25T15:39:50","modified_gmt":"2016-11-25T14:39:50","slug":"gdzie-pojezdzimy-na-lyzwach","status":"publish","type":"post","link":"https:\/\/fleschmazowsza.com.pl\/?p=390","title":{"rendered":"Gdzie poje\u017adzimy na \u0142y\u017cwach?"},"content":{"rendered":"<p>Mieszka\u0144cy naszego regionu z niecierpliwo\u015bci\u0105 czekaj\u0105 na otwarcie lodowisk. Zimowe szale\u0144stwo rozpocz\u0105\u0107 si\u0119 ma ju\u017c za miesi\u0105c. Sprawdzili\u015bmy, gdzie w tym roku b\u0119dzie mo\u017cna poje\u017adzi\u0107 na \u0142y\u017cwach.<\/p>\n<p>W tym roku og\u00f3lnodost\u0119pne lodowisko powstanie w Grodzisku Mazowieckim. W\u0142adze miasta zadecydowa\u0142y, \u017ce \u015blizgawka otwarta zostanie przy ul. \u017bwirki i Wigury, nieopodal siedziby Ochotniczej Stra\u017cy Po\u017carnej. Do dyspozycji mi\u0142o\u015bnik\u00f3w sport\u00f3w zimowych b\u0119dzie sztuczna tafla o wymiarach 20\u00d740 m. Znajdzie si\u0119 tu r\u00f3wnie\u017c wypo\u017cyczalnia \u0142y\u017cew, toalety i zaplecze sanitarne. Jak zapewniaj\u0105 organizatorzy, lodowisko przy ul. \u017bwirki i Wigury zostanie uruchomione w po\u0142owie grudnia.<\/p>\n<p>Podobnie jak w ubieg\u0142ych latach r\u00f3wnie\u017c mieszka\u0144cy powiatu pruszkowskiego b\u0119d\u0105 mogli korzysta\u0107 z lodowiska zlokalizowanego na terenie Mi\u0119dzyszkolnego O\u015brodka Sportowego przy ulicy Gomuli\u0144skiego 2 w Pruszkowie. Na jego otwarcie pruszkowianie b\u0119d\u0105 jednak musieli poczeka\u0107 do nadej\u015bcia zimy.<\/p>\n<p>&#8211; Jego otwarcie przede wszystkim uzale\u017cnione jest od warunk\u00f3w pogodowych to znaczy, \u017ce aby m\u00f3c z niego korzysta\u0107 potrzebujemy temperatury stale utrzymuj\u0105cej si\u0119 w okolicach 0 stopni Celsjusza \u2013 komentuje Krzysztof Bukowski, Zast\u0119pca Naczelnika z Biura Zarz\u0105du Powiatu Pruszkowskiego.<\/p>\n<p>Dobr\u0105 wiadomo\u015b\u0107 mamy tak\u017ce dla mieszka\u0144c\u00f3w Podkowy Le\u015bnej. Jak uda\u0142o nam si\u0119 dowiedzie\u0107, w\u0142adze miasta zebra\u0142y oferty na organizacj\u0119 lodowiska, kt\u00f3re powsta\u0107 mia\u0142oby na terenie Szko\u0142y Samorz\u0105dowej na boisku od strony ulicy Parkowej.<\/p>\n<p>&#8211; Znalaz\u0142em tak\u017ce pieni\u0105dze na realizacj\u0119 tego przedsi\u0119wzi\u0119cia. Na najbli\u017cszej Sesji Rady Miasta Podkowa Le\u015bna zarekomenduj\u0119 radnym przesuni\u0119cia \u015brodk\u00f3w bud\u017cetowych. Otwarcie nast\u0105pi\u0142oby w pierwszych dniach grudnia, na okres trzech miesi\u0119cy tj. do ko\u0144ca lutego 2017 r. \u2013 m\u00f3wi Artur Tusi\u0144ski, Burmistrz Podkowy Le\u015bnej.<\/p>\n<p style=\"text-align: right;\"><strong>Kinga Rochalska<\/strong><\/p>\n<p style=\"text-align: right;\">Fot. Internet<\/p>\n","protected":false},"excerpt":{"rendered":"<p>Mieszka\u0144cy naszego regionu z niecierpliwo\u015bci\u0105 czekaj\u0105 na otwarcie lodowisk. Zimowe szale\u0144stwo rozpocz\u0105\u0107 si\u0119 ma ju\u017c za miesi\u0105c. Sprawdzili\u015bmy, gdzie w tym roku b\u0119dzie mo\u017cna poje\u017adzi\u0107 na \u0142y\u017cwach. W tym roku og\u00f3lnodost\u0119pne lodowisko powstanie w Grodzisku Mazowieckim. W\u0142adze miasta zadecydowa\u0142y, \u017ce \u015blizgawka otwarta zostanie przy ul. \u017bwirki i Wigury, nieopodal siedziby Ochotniczej Stra\u017cy Po\u017carnej. Do dyspozycji [&hellip;]<\/p>\n","protected":false},"author":2,"featured_media":391,"comment_status":"closed","ping_status":"open","sticky":false,"template":"","format":"standard","meta":{"footnotes":""},"categories":[1],"tags":[],"class_list":["post-390","post","type-post","status-publish","format-standard","has-post-thumbnail","hentry","category-uncategorized"],"_links":{"self":[{"href":"https:\/\/fleschmazowsza.com.pl\/index.php?rest_route=\/wp\/v2\/posts\/390","targetHints":{"allow":["GET"]}}],"collection":[{"href":"https:\/\/fleschmazowsza.com.pl\/index.php?rest_route=\/wp\/v2\/posts"}],"about":[{"href":"https:\/\/fleschmazowsza.com.pl\/index.php?rest_route=\/wp\/v2\/types\/post"}],"author":[{"embeddable":true,"href":"https:\/\/fleschmazowsza.com.pl\/index.php?rest_route=\/wp\/v2\/users\/2"}],"replies":[{"embeddable":true,"href":"https:\/\/fleschmazowsza.com.pl\/index.php?rest_route=%2Fwp%2Fv2%2Fcomments&post=390"}],"version-history":[{"count":1,"href":"https:\/\/fleschmazowsza.com.pl\/index.php?rest_route=\/wp\/v2\/posts\/390\/revisions"}],"predecessor-version":[{"id":392,"href":"https:\/\/fleschmazowsza.com.pl\/index.php?rest_route=\/wp\/v2\/posts\/390\/revisions\/392"}],"wp:featuredmedia":[{"embeddable":true,"href":"https:\/\/fleschmazowsza.com.pl\/index.php?rest_route=\/wp\/v2\/media\/391"}],"wp:attachment":[{"href":"https:\/\/fleschmazowsza.com.pl\/index.php?rest_route=%2Fwp%2Fv2%2Fmedia&parent=390"}],"wp:term":[{"taxonomy":"category","embeddable":true,"href":"https:\/\/fleschmazowsza.com.pl\/index.php?rest_route=%2Fwp%2Fv2%2Fcategories&post=390"},{"taxonomy":"post_tag","embeddable":true,"href":"https:\/\/fleschmazowsza.com.pl\/index.php?rest_route=%2Fwp%2Fv2%2Ftags&post=390"}],"curies":[{"name":"wp","href":"https:\/\/api.w.org\/{rel}","templated":true}]}}