{"id":3881,"date":"2020-10-09T12:15:34","date_gmt":"2020-10-09T11:15:34","guid":{"rendered":"http:\/\/fleschmazowsza.com.pl\/?p=3881"},"modified":"2020-10-09T12:15:35","modified_gmt":"2020-10-09T11:15:35","slug":"polacy-kochaja-sport","status":"publish","type":"post","link":"https:\/\/fleschmazowsza.com.pl\/?p=3881","title":{"rendered":"Polacy kochaj\u0105 sport!"},"content":{"rendered":"\n<p><strong>P\u00f3\u0142 tysi\u0105ca trening\u00f3w, ponad dwa tysi\u0105ce informacji w mediach oraz tysi\u0105ce \u0107wicz\u0105cych \u2013 tegoroczny Narodowy Dzie\u0144 Sportu za nami. W sobot\u0119, 19 wrze\u015bnia, w ca\u0142ym kraju odby\u0142y si\u0119 bezp\u0142atne treningi sportowe dla doros\u0142ych i dzieci. Polacy i Polki ju\u017c po raz \u00f3smy udowodnili, \u017ce kochaj\u0105 sport!<\/strong><\/p>\n\n\n\n<p>Zaczynaj\u0105c od sport\u00f3w dru\u017cynowych, takich jak pi\u0142ka no\u017cna, siatk\u00f3wka, hokej czy koszyk\u00f3wka, poprzez spokojne dyscypliny jak joga, tai chi, golf oraz pilates, a ko\u0144cz\u0105c na treningach pe\u0142nych wra\u017ce\u0144 \u2013 futbolu australijskim, stand up paddle, gimnastyce artystycznej i nartach wodnych \u2013 w ramach 8. edycji Narodowego Dnia Sportu by\u0142o w czym wybiera\u0107.<\/p>\n\n\n\n<p>Jak zawsze to wielkie \u015bwi\u0119to wszystkich os\u00f3b aktywnych fizycznie by\u0142o r\u00f3wnie\u017c doskona\u0142ym pretekstem do rozpocz\u0119cia nowej, sportowej przygody. Udzia\u0142 we wszystkich wydarzeniach by\u0142 bezp\u0142atny, a w tym roku organizatorzy przenie\u015bli si\u0119 r\u00f3wnie\u017c do internetu, gdzie mo\u017cna by\u0142o ogl\u0105da\u0107 m.in. wydarzenia na \u017cywo.<\/p>\n\n\n\n<p class=\"has-text-align-center\"><strong>Trzeba nas zach\u0119ci\u0107<\/strong><\/p>\n\n\n\n<p>\u2013Poprzednie edycje Narodowego Dnia Sportu przyci\u0105ga\u0142y tysi\u0105ce os\u00f3b i r\u00f3wnie\u017c tym razem Polacy i Polki zmobilizowali si\u0119 i stan\u0119li na wysoko\u015bci zadania, udowadniaj\u0105c jednocze\u015bnie, \u017ce jeste\u015bmy narodem, kt\u00f3ry lubi \u0107wiczy\u0107. Trzeba go tylko do tego zach\u0119ci\u0107 \u2013 podsumowuje tegoroczn\u0105 edycj\u0119 Krystyna Radkowska, Prezeska Fundacji Zwalcz Nud\u0119, organizatora kampanii. \u2013 W tym roku uczestniczy\u0107 w wydarzeniu mo\u017cna by\u0142o r\u00f3wnie\u017c w domu, bo w ramach Narodowego Dnia Sportu wraz z partnerami zorganizowali\u015bmy treningi online na \u017cywo oraz stworzyli\u015bmy wielk\u0105 baz\u0119 trening\u00f3w dost\u0119pnych na co dzie\u0144 w internecie.<\/p>\n\n\n\n<p>Do uprawiania sportu w ten wyj\u0105tkowy dzie\u0144 namawiali r\u00f3wnie\u017c wybitni polscy sportowcy i wybitne polskie sportsmenki. Do grona dru\u017cyny Narodowego Dnia Sportu do\u0142\u0105czyli m.in. Pawe\u0142 Korzeniowski, Sebastian \u015awiderski, Hubert Hurkacz, Artur Si\u00f3dmiak czy Paulina Wo\u017aniak. Bezp\u0142atny trening przeprowadzili m.in. utytu\u0142owany polski judoka Krzysztof Wi\u0142komirski oraz br\u0105zowa medalistka w wio\u015blarstwie z Rio de Janeiro Joanna Hentka.<\/p>\n\n\n\n<p class=\"has-text-align-center\"><strong>Mazowsze \u2013 najbardziej aktywnym regionem<\/strong><\/p>\n\n\n\n<p>W 2020 roku Polacy i Polki rozgrzewali si\u0119 r\u00f3wnie\u017c przed wielkim fina\u0142em Narodowego Dnia Sportu. W tegorocznej edycji mo\u017cna by\u0142o wzi\u0105\u0107 udzia\u0142 bowiem w Wielkiej Rozgrzewce za po\u015brednictwem aplikacji Endomondo. Uczestniczki i uczestnicy sprawdzili swoje umiej\u0119tno\u015bci, mogli poprawi\u0107 kondycj\u0119, odkry\u0107 na nowo sportowe pasje, promowa\u0107 aktywno\u015b\u0107 fizyczn\u0105, a tak\u017ce wzi\u0105\u0107 udzia\u0142 w og\u00f3lnopolskiej rywalizacji wojew\u00f3dztw. Najbardziej aktywnym sportowo wojew\u00f3dztwem zosta\u0142o wojew\u00f3dztwo mazowieckie. Mieszka\u0144cy Mazowsza \u0107wiczyli wsp\u00f3lnie a\u017c 518 060 minut, czyli w przeliczeniu \u2013 blisko 12 miesi\u0119cy!<\/p>\n\n\n\n<p>W tym roku, w wyniku pandemii, wiele zwi\u0105zk\u00f3w, organizacji sportowych, przedstawicieli tego \u015brodowiska boryka\u0142o i ci\u0105gle boryka si\u0119 z problemami i trudno\u015bciami w dzia\u0142alno\u015bci \u2013 musz\u0105 dostosowa\u0107 si\u0119 do zmieniaj\u0105cych si\u0119 obostrze\u0144 czy przenie\u015b\u0107 treningi do internetu. Obecna sytuacja daje jednak r\u00f3wnie\u017c nowe mo\u017cliwo\u015bci rozwoju na nieznanych dot\u0105d obszarach.<\/p>\n\n\n\n<p class=\"has-text-align-center\"><strong>Nowa sytuacja wymaga nowych rozwi\u0105za\u0144<\/strong><\/p>\n\n\n\n<p>W zwi\u0105zku z tym w ramach Narodowego Dnia Sportu organizatorzy stworzyli specjaln\u0105 przestrze\u0144 do wymiany do\u015bwiadcze\u0144 i opinii \u2013 panel dyskusyjny \u201eWyzwania \u015brodowiska sportowego w dobie pandemii\u201d. Wzi\u0119li w nim udzia\u0142 przedstawiciele zwi\u0105zk\u00f3w sportowych, komitet\u00f3w, Ministerstwa Sportu oraz sportowcy. Wsp\u00f3lnie starali si\u0119 wypracowa\u0107 rekomendacje, kt\u00f3re u\u0142atwi\u0105 organizacj\u0119 wydarze\u0144 sportowych czy trening\u00f3w w przysz\u0142o\u015bci.<\/p>\n\n\n\n<p>\u2013W tej chwili jeste\u015bmy na etapie wdra\u017cania wydarze\u0144 hybrydowych na rynku eventowym. To b\u0119d\u0105 wydarzenia, w kt\u00f3rych z jednej strony b\u0119dzie mo\u017cna uczestniczy\u0107 na miejscu na PGE Narodowym, a z drugiej strony bra\u0107 udzia\u0142 online. Mam wra\u017cenie, \u017ce hybryda jest przysz\u0142o\u015bci\u0105 i nawet gdy sko\u0144czy si\u0119 pandemia, to b\u0119dziemy korzysta\u0107 z takiej mo\u017cliwo\u015bci spotka\u0144. Dzi\u0119ki hybrydzie mo\u017cliwe staje si\u0119 obni\u017cenie koszt\u00f3w oraz, co bardzo wa\u017cne, w spotkaniach mog\u0105 uczestniczy\u0107 te osoby, kt\u00f3re nie mog\u0105 przyby\u0107 na miejsce \u2013 m\u00f3wi Monika Borzdy\u0144ska, Dyrektor ds. Komunikacji, Promocji i Marketingu PGE Narodowego.<\/p>\n\n\n\n<p>Panel odby\u0142 si\u0119 17 wrze\u015bnia na PGE Narodowym w Warszawie.<\/p>\n\n\n\n<p>Tegoroczny Narodowy Dzie\u0144 Sportu by\u0142 wsp\u00f3\u0142finansowany przez Ministerstwo Sportu.<\/p>\n\n\n\n<p class=\"has-text-align-right\"><strong>(a)<\/strong>, fot. <strong><em>Karol Samborski<\/em><\/strong><\/p>\n","protected":false},"excerpt":{"rendered":"<p>P\u00f3\u0142 tysi\u0105ca trening\u00f3w, ponad dwa tysi\u0105ce informacji w mediach oraz tysi\u0105ce \u0107wicz\u0105cych \u2013 tegoroczny Narodowy Dzie\u0144 Sportu za nami. W sobot\u0119, 19 wrze\u015bnia, w ca\u0142ym kraju odby\u0142y si\u0119 bezp\u0142atne treningi sportowe dla doros\u0142ych i dzieci. Polacy i Polki ju\u017c po raz \u00f3smy udowodnili, \u017ce kochaj\u0105 sport! Zaczynaj\u0105c od sport\u00f3w dru\u017cynowych, takich jak pi\u0142ka no\u017cna, siatk\u00f3wka, [&hellip;]<\/p>\n","protected":false},"author":2,"featured_media":3882,"comment_status":"closed","ping_status":"open","sticky":false,"template":"","format":"standard","meta":{"footnotes":""},"categories":[4],"tags":[],"class_list":["post-3881","post","type-post","status-publish","format-standard","has-post-thumbnail","hentry","category-sport"],"_links":{"self":[{"href":"https:\/\/fleschmazowsza.com.pl\/index.php?rest_route=\/wp\/v2\/posts\/3881","targetHints":{"allow":["GET"]}}],"collection":[{"href":"https:\/\/fleschmazowsza.com.pl\/index.php?rest_route=\/wp\/v2\/posts"}],"about":[{"href":"https:\/\/fleschmazowsza.com.pl\/index.php?rest_route=\/wp\/v2\/types\/post"}],"author":[{"embeddable":true,"href":"https:\/\/fleschmazowsza.com.pl\/index.php?rest_route=\/wp\/v2\/users\/2"}],"replies":[{"embeddable":true,"href":"https:\/\/fleschmazowsza.com.pl\/index.php?rest_route=%2Fwp%2Fv2%2Fcomments&post=3881"}],"version-history":[{"count":1,"href":"https:\/\/fleschmazowsza.com.pl\/index.php?rest_route=\/wp\/v2\/posts\/3881\/revisions"}],"predecessor-version":[{"id":3883,"href":"https:\/\/fleschmazowsza.com.pl\/index.php?rest_route=\/wp\/v2\/posts\/3881\/revisions\/3883"}],"wp:featuredmedia":[{"embeddable":true,"href":"https:\/\/fleschmazowsza.com.pl\/index.php?rest_route=\/wp\/v2\/media\/3882"}],"wp:attachment":[{"href":"https:\/\/fleschmazowsza.com.pl\/index.php?rest_route=%2Fwp%2Fv2%2Fmedia&parent=3881"}],"wp:term":[{"taxonomy":"category","embeddable":true,"href":"https:\/\/fleschmazowsza.com.pl\/index.php?rest_route=%2Fwp%2Fv2%2Fcategories&post=3881"},{"taxonomy":"post_tag","embeddable":true,"href":"https:\/\/fleschmazowsza.com.pl\/index.php?rest_route=%2Fwp%2Fv2%2Ftags&post=3881"}],"curies":[{"name":"wp","href":"https:\/\/api.w.org\/{rel}","templated":true}]}}