{"id":3874,"date":"2020-10-09T12:03:00","date_gmt":"2020-10-09T11:03:00","guid":{"rendered":"http:\/\/fleschmazowsza.com.pl\/?p=3874"},"modified":"2020-10-09T12:03:01","modified_gmt":"2020-10-09T11:03:01","slug":"regaty-zeglarskie-w-grodzisku-mazowieckim","status":"publish","type":"post","link":"https:\/\/fleschmazowsza.com.pl\/?p=3874","title":{"rendered":"Regaty \u017ceglarskie w Grodzisku Mazowieckim"},"content":{"rendered":"\n<p><strong>Kto by uwierzy\u0142, \u017ce w Grodzisku mo\u017cna \u017ceglowa\u0107? Poczu\u0107 ten \u017ceglarski wiatr we w\u0142osach, jak na Mazurach? A jednak&#8230; Grzegorz Benedykci\u0144ski Burmistrz Grodziska Mazowieckiego, sam wielki mi\u0142o\u015bnik \u017ceglarstwa, zarz\u0105dzi\u0142 regaty na Stawach Walczewskiego. Tym samym duch Leonida Teligi \u2013 \u017ceglarz mieszka\u0142 w Grodzisku, a op\u0142yn\u0105\u0142 Ziemi\u0119 na jachcie \u2013 ostatecznie zatriumfowa\u0142. Niedzielne wydarzenie z 4 pa\u017adziernika mo\u017cna uzna\u0107 za zwiastun popularyzacji \u017ceglarstwa w Grodzisku \u2013 jakkolwiek by to zaskakuj\u0105co nie brzmia\u0142o, bo przecie\u017c Grodzisk to nie Mazury.<\/strong><\/p>\n\n\n\n<p>Dla porz\u0105dku przypomnijmy, \u017ce nazwa \u201eregaty\u201d znaczy tyle, co wy\u015bcigi jednostek p\u0142ywaj\u0105cych. Poprzednie Grodziskie Regaty \u017beglarskie, zwie\u0144czane Pucharem Burmistrza naszego miasta, odby\u0142y si\u0119 ju\u017c czterokrotnie w latach 2016-2019, w maju, jednak bynajmniej nie w Grodzisku, ale w Krainie Wielkich Jezior, na wi\u0119kszych akwenach.<\/p>\n\n\n\n<p>Ten rok wprowadzi\u0142 ograniczenia, ale jak wiadomo pomys\u0142owo\u015b\u0107 ludzka nie zna ogranicze\u0144. Pod has\u0142em: \u201eNajwi\u0119ksze regaty na najmniejszym akwenie\u201d Stawy Walczewskiego sta\u0142y si\u0119 miejscem sportowej rywalizacji \u017ceglarzy, ich \u201eszlachetnej walki\u201d na wodzie, jak to okre\u015bli\u0142 w swoim przem\u00f3wieniu przyby\u0142y na Regaty burmistrz mazurskiego Gi\u017cycka \u2013 miasta partnerskiego Grodziska \u2013 kt\u00f3rego ekipa r\u00f3wnie\u017c wzi\u0119\u0142a udzia\u0142 w zawodach.<\/p>\n\n\n\n<p class=\"has-text-align-center\"><strong>Walor rekreacyjny<\/strong><\/p>\n\n\n\n<p>Regaty rozpocz\u0119\u0142y si\u0119 rano przy stuprocentowo \u017ceglarskiej pogodzie: s\u0142onecznej, ciep\u0142ej i wietrznej, co doda\u0142o imprezie wybitnie rekreacyjnego waloru. M\u0142odzi i jeszcze m\u0142odsi zawodnicy wystartowali w czterech kategoriach wiekowych: 6\u20139, 10\u201313, 14\u201315 i 16+, na jedno- i dwuosobowych \u017cagl\u00f3wkach, p\u0142ywaj\u0105cych malowniczo na obu stawach. W sumie do rywalizacji stan\u0119\u0142o siedem zespo\u0142\u00f3w, a zaanga\u017cowan\u0105 publiczno\u015b\u0107 stanowi\u0142y rodziny zawodnik\u00f3w, kt\u00f3re w skupieniu \u015bledzi\u0142y trzepocz\u0105ce \u017cagle \u2013 z nabrze\u017ca, z pomost\u00f3w i podest\u00f3w, kt\u00f3rych na Stawach Walczewskiego nie brakuje. Zmagania na akwenie trwa\u0142y \u0142\u0105cznie kilka godzin, \u0142\u00f3dki kursowa\u0142y na wyznaczonej trasie pomi\u0119dzy bojami. Przez ca\u0142y ten czas klimat \u017ceglarskiej przygody wspomaga\u0142y nieod\u0142\u0105czne w takich okoliczno\u015bciach optymistyczne szanty, p\u0142yn\u0105ce z g\u0142o\u015bnik\u00f3w.<\/p>\n\n\n\n<p class=\"has-text-align-center\"><strong>Imprezy towarzysz\u0105ce<\/strong><\/p>\n\n\n\n<p>Dla obrazu ca\u0142o\u015bci wydarzenia warto doda\u0107, \u017ce od rana na Stawach Walczewskiego odbywa\u0142y si\u0119 r\u00f3wnolegle dwie inne imprezy sportowe: Mistrzostwa Nordic Walking i Mistrzostwa w Biegach Prze\u0142ajowych, w kt\u00f3rych uczestniczy\u0142o wielu zawodnik\u00f3w; jednocze\u015bnie na boiskach sportowych dru\u017cyny gra\u0142y w pi\u0142k\u0119 no\u017cn\u0105, na urz\u0105dzeniach do street workoutu \u0107wiczy\u0142, kto mia\u0142 ochot\u0119, rowerzy\u015bci je\u017adzili, a spacerowicze spacerowali, z psimi ulubie\u0144cami albo z dzie\u0107mi, dzieci szala\u0142y na placu zabaw i na zje\u017cd\u017calniach. \u201ePojemno\u015b\u0107\u201d Staw\u00f3w Walczewskiego jest najwyra\u017aniej nieograniczona.<\/p>\n\n\n\n<p class=\"has-text-align-center\"><strong>W\u0142asne jezioro<\/strong><\/p>\n\n\n\n<p>Przysz\u0142o\u015b\u0107 poka\u017ce, na ile Regaty \u017beglarskie w Grodzisku Mazowieckim rozwin\u0105 si\u0119 w coroczne wydarzenie miejskie \u2013 wygl\u0105da to obiecuj\u0105co.<\/p>\n\n\n\n<p>Burmistrz Grodziska Grzegorz Benedykci\u0144ski ucieszy\u0142 (oraz zaskoczy\u0142) wszystkich przyby\u0142ych na Regaty informacj\u0105, \u017ce b\u0119dziemy mieli nasze w\u0142asne lokalne \u201ejezioro\u201d. Pomi\u0119dzy Chlebni\u0105 a G\u00f3rami Szwedzkimi powstanie mianowicie akwen o powierzchni 50 ha, a wi\u0119c ok. dziesi\u0119ciokrotnie wi\u0119kszy ni\u017c Stawy Walczewskiego. Pozwoli to promowa\u0107 i rozwija\u0107 na terenie gminy sporty wodne o proprzyrodniczym charakterze, a takim jest bez w\u0105tpienia \u017ceglarstwo.<\/p>\n\n\n\n<p>Od lat mamy ju\u017c Grodziski Klub \u017beglarski \u201eCzysty Wiatr\u201d, dzi\u0119ki nowemu akwenowi nabierze on bez w\u0105tpienia dodatkowego wiatru w \u017cagle i przyci\u0105gnie nowych adept\u00f3w \u017ceglarstwa. B\u0119dziemy mieli nasze w\u0142asne Mazury.<\/p>\n\n\n\n<p class=\"has-text-align-right\">Tekst i foto: <strong>Sylwia Pa\u0144k\u00f3w<\/strong><\/p>\n","protected":false},"excerpt":{"rendered":"<p>Kto by uwierzy\u0142, \u017ce w Grodzisku mo\u017cna \u017ceglowa\u0107? Poczu\u0107 ten \u017ceglarski wiatr we w\u0142osach, jak na Mazurach? A jednak&#8230; Grzegorz Benedykci\u0144ski Burmistrz Grodziska Mazowieckiego, sam wielki mi\u0142o\u015bnik \u017ceglarstwa, zarz\u0105dzi\u0142 regaty na Stawach Walczewskiego. Tym samym duch Leonida Teligi \u2013 \u017ceglarz mieszka\u0142 w Grodzisku, a op\u0142yn\u0105\u0142 Ziemi\u0119 na jachcie \u2013 ostatecznie zatriumfowa\u0142. Niedzielne wydarzenie z 4 [&hellip;]<\/p>\n","protected":false},"author":2,"featured_media":3875,"comment_status":"closed","ping_status":"open","sticky":false,"template":"","format":"standard","meta":{"footnotes":""},"categories":[4,5],"tags":[],"class_list":["post-3874","post","type-post","status-publish","format-standard","has-post-thumbnail","hentry","category-sport","category-wiadomosci"],"_links":{"self":[{"href":"https:\/\/fleschmazowsza.com.pl\/index.php?rest_route=\/wp\/v2\/posts\/3874","targetHints":{"allow":["GET"]}}],"collection":[{"href":"https:\/\/fleschmazowsza.com.pl\/index.php?rest_route=\/wp\/v2\/posts"}],"about":[{"href":"https:\/\/fleschmazowsza.com.pl\/index.php?rest_route=\/wp\/v2\/types\/post"}],"author":[{"embeddable":true,"href":"https:\/\/fleschmazowsza.com.pl\/index.php?rest_route=\/wp\/v2\/users\/2"}],"replies":[{"embeddable":true,"href":"https:\/\/fleschmazowsza.com.pl\/index.php?rest_route=%2Fwp%2Fv2%2Fcomments&post=3874"}],"version-history":[{"count":2,"href":"https:\/\/fleschmazowsza.com.pl\/index.php?rest_route=\/wp\/v2\/posts\/3874\/revisions"}],"predecessor-version":[{"id":3877,"href":"https:\/\/fleschmazowsza.com.pl\/index.php?rest_route=\/wp\/v2\/posts\/3874\/revisions\/3877"}],"wp:featuredmedia":[{"embeddable":true,"href":"https:\/\/fleschmazowsza.com.pl\/index.php?rest_route=\/wp\/v2\/media\/3875"}],"wp:attachment":[{"href":"https:\/\/fleschmazowsza.com.pl\/index.php?rest_route=%2Fwp%2Fv2%2Fmedia&parent=3874"}],"wp:term":[{"taxonomy":"category","embeddable":true,"href":"https:\/\/fleschmazowsza.com.pl\/index.php?rest_route=%2Fwp%2Fv2%2Fcategories&post=3874"},{"taxonomy":"post_tag","embeddable":true,"href":"https:\/\/fleschmazowsza.com.pl\/index.php?rest_route=%2Fwp%2Fv2%2Ftags&post=3874"}],"curies":[{"name":"wp","href":"https:\/\/api.w.org\/{rel}","templated":true}]}}