{"id":3871,"date":"2020-10-09T11:58:33","date_gmt":"2020-10-09T10:58:33","guid":{"rendered":"http:\/\/fleschmazowsza.com.pl\/?p=3871"},"modified":"2020-10-09T11:58:33","modified_gmt":"2020-10-09T10:58:33","slug":"muzyczne-ozywianie-tradycji","status":"publish","type":"post","link":"https:\/\/fleschmazowsza.com.pl\/?p=3871","title":{"rendered":"Muzyczne o\u017cywianie tradycji"},"content":{"rendered":"\n<p><strong>Muzyka w stylu folk to ludowo\u015b\u0107 w daleko uwsp\u00f3\u0142cze\u015bnionej wersji albo szerzej: muzyka wsp\u00f3\u0142czesna si\u0119gaj\u0105ca do r\u00f3\u017cnych lokalnych korzeni. Muzyka folkowa jest tak r\u00f3\u017cna, jak r\u00f3\u017cni s\u0105 jej wykonawcy i tradycje muzyczne, z kt\u00f3rych czerpi\u0105 \u2013 ale nawet dla niewprawnego ucha te tradycyjne motywy wydaj\u0105 si\u0119 cz\u0119sto znajome, swojskie, jakby gdzie\u015b ju\u017c zas\u0142yszane. Maj\u0105 swoje miejsce w naszej kulturze, cho\u0107 mniej lub bardziej zapomniane i muzyka folkowa te tematy o\u017cywia, wydobywa powt\u00f3rnie na \u015bwiat\u0142o dzienne.<\/strong><\/p>\n\n\n\n<p>To muzyczne o\u017cywianie tradycji jest w Polsce coraz bardziej widoczne. Warto wi\u0119c wiedzie\u0107, \u017ce na fali tej, bardzo powa\u017cnej, mody go\u015bci\u0142y ostatnio w naszych powiatach \u2013 nie umniejszaj\u0105c innych koncert\u00f3w \u2013 wspania\u0142e wykonawczynie muzyki folk: dziewczyny z zespo\u0142u Sutari, Moriah Woods i Karolina Cicha.<\/p>\n\n\n\n<p class=\"has-text-align-center\"><strong>Sutari w Pruszkowie<\/strong><\/p>\n\n\n\n<p>Koncert tria Sutari by\u0142 artystycznym zwie\u0144czeniem Pruszkowskiego Festiwalu Archeologicznego ARTEfakty, po\u015bwi\u0119conego tkactwu na przestrzeni wiek\u00f3w. Zaproszenie akurat tego zespo\u0142u nie by\u0142o przypadkowe, bo \u201etkanie pie\u015bni\u201d z przeplataj\u0105cych si\u0119 g\u0142os\u00f3w to w\u0142a\u015bnie styl \u015bpiewania dziewczyn z Sutari.<\/p>\n\n\n\n<p>Nazwa zespo\u0142u nawi\u0105zuje do litewskiej tradycji \u015bpiew\u00f3w wielog\u0142osowych \u2013\u201esutartines\u201d, a efektem jest finezyjne dostrojenie trzech g\u0142os\u00f3w wzajemnie ws\u0142uchuj\u0105cych si\u0119 w siebie dziewczyn. Materia\u0142 stanowi\u0105 tradycyjne polskie pie\u015bni ludowe, ale w autorskiej i bardzo tw\u00f3rczej aran\u017cacji zespo\u0142u. Dziewczyny graj\u0105 na instrumentach smyczkowych, wzbogaconych o d\u017awi\u0119ki np. prostych przybor\u00f3w kuchennych. Takie eksperymentowanie z d\u017awi\u0119kami osadza pie\u015bni w ich pierwotnym kontek\u015bcie \u2013 tradycyjnych prac kobiet, kt\u00f3re umilano sobie wsp\u00f3lnym \u015bpiewem.<\/p>\n\n\n\n<p class=\"has-text-align-center\"><strong>Moriah Woods w grodziskim plenerze<\/strong><\/p>\n\n\n\n<p>Koncert plenerowy Moriah Woods odby\u0142 si\u0119 w ramach 6. ju\u017c edycji Mi\u0119dzynarodowego Festiwalu Muzyki Folkowej w Grodzisku \u2013 Grodzisk Folk Fest. Wokalistka i instrumentalistka mieszka i tworzy od kilku lat w Polsce, ale pochodzi z Kolorado, stanu, kt\u00f3ry od razu przywo\u0142uje rdzennie ameryka\u0144skie skojarzenia \u2013 G\u00f3ry Skaliste, wojny z Indianami, \u201egor\u0105czka z\u0142ota\u201d.<\/p>\n\n\n\n<p>Dla Moriah Woods charakterystyczne jest brzmienie \u201edark-folk\/rock\u201d, zakorzenione w d\u0142ugiej tradycji folku ameryka\u0144skiego, r\u00f3wnie\u017c w tradycji bluesa i country. Folk-rock w jej wykonaniu rzeczywi\u015bcie jest mroczny, ma w sobie i g\u0142\u0119bi\u0119, i nieokre\u015blon\u0105 t\u0119sknot\u0119, natomiast sama wokalistka, ubrana w czer\u0144 i z nieod\u0142\u0105czn\u0105 gitar\u0105, wydaje si\u0119 osob\u0105 bardzo ciep\u0142\u0105 i otwart\u0105, ch\u0119tnie nawi\u0105zuj\u0105c\u0105 kontakt z publiczno\u015bci\u0105.<\/p>\n\n\n\n<p class=\"has-text-align-center\"><strong>Kr\u00f3lowa polskiego folku<\/strong><\/p>\n\n\n\n<p>I Karolina Cicha, kr\u00f3lowa polskiego folku \u2013 z koncertem i promocj\u0105 swojej nowej p\u0142yty \u201eTany\u201d, zaproszona do Milan\u00f3wka w ramach Europejskich Dni Dziedzictwa.<\/p>\n\n\n\n<p>W poprzednich latach Karolina Cicha wyst\u0119powa\u0142a w Grodzisku i ka\u017cdy jej koncert to perfekcyjne muzyczne wydarzenie, zar\u00f3wno od strony instrumentalnej, ekspresyjno-wokalnej, jak i narracyjnej.<\/p>\n\n\n\n<p>Koncert w Milan\u00f3wku mia\u0142 magnetyczny wr\u0119cz klimat. Poniewa\u017c wokalistka \u015bpiewa w j\u0119zykach etnicznych: jidysz, ukrai\u0144skim, bia\u0142oruskim, tatarskim \u2013 ka\u017cdy utw\u00f3r poprzedza kr\u00f3tka narracja o jego tre\u015bci. Wida\u0107 z tego, \u017ce tradycyjne pie\u015bni operowa\u0142y zaskakuj\u0105co lirycznym j\u0119zykiem, podzielan\u0105 przez wsp\u00f3lnot\u0119 symbolik\u0105, ale i szczerym wyznaniem \u2013 o mi\u0142o\u015bci i pragnieniach, t\u0119sknocie i opresji, b\u00f3lu z powodu z\u0142ych decyzji.<\/p>\n\n\n\n<p>Karolina Cicha ma bardzo unikalny dar ekspresji emocjonalnej i tradycyjne pie\u015bni etniczne w jej wykonaniu staj\u0105 si\u0119 bliskie, nie czujemy kulturowego dystansu. Cho\u0107 sama gra na wielu instrumentach jednocze\u015bnie, zaprasza do wsp\u00f3\u0142pracy innych muzyk\u00f3w i tym razem mieli\u015bmy okazj\u0119 s\u0142ucha\u0107 transowych wr\u0119cz b\u0119bn\u00f3w Patrycji Betlej, folkowej perkusistki.<\/p>\n\n\n\n<p class=\"has-text-align-right\">Tekst i foto: <strong>Sylwia Pa\u0144k\u00f3w<\/strong><\/p>\n","protected":false},"excerpt":{"rendered":"<p>Muzyka w stylu folk to ludowo\u015b\u0107 w daleko uwsp\u00f3\u0142cze\u015bnionej wersji albo szerzej: muzyka wsp\u00f3\u0142czesna si\u0119gaj\u0105ca do r\u00f3\u017cnych lokalnych korzeni. Muzyka folkowa jest tak r\u00f3\u017cna, jak r\u00f3\u017cni s\u0105 jej wykonawcy i tradycje muzyczne, z kt\u00f3rych czerpi\u0105 \u2013 ale nawet dla niewprawnego ucha te tradycyjne motywy wydaj\u0105 si\u0119 cz\u0119sto znajome, swojskie, jakby gdzie\u015b ju\u017c zas\u0142yszane. Maj\u0105 swoje [&hellip;]<\/p>\n","protected":false},"author":2,"featured_media":3872,"comment_status":"closed","ping_status":"open","sticky":false,"template":"","format":"standard","meta":{"footnotes":""},"categories":[6],"tags":[],"class_list":["post-3871","post","type-post","status-publish","format-standard","has-post-thumbnail","hentry","category-kultura"],"_links":{"self":[{"href":"https:\/\/fleschmazowsza.com.pl\/index.php?rest_route=\/wp\/v2\/posts\/3871","targetHints":{"allow":["GET"]}}],"collection":[{"href":"https:\/\/fleschmazowsza.com.pl\/index.php?rest_route=\/wp\/v2\/posts"}],"about":[{"href":"https:\/\/fleschmazowsza.com.pl\/index.php?rest_route=\/wp\/v2\/types\/post"}],"author":[{"embeddable":true,"href":"https:\/\/fleschmazowsza.com.pl\/index.php?rest_route=\/wp\/v2\/users\/2"}],"replies":[{"embeddable":true,"href":"https:\/\/fleschmazowsza.com.pl\/index.php?rest_route=%2Fwp%2Fv2%2Fcomments&post=3871"}],"version-history":[{"count":1,"href":"https:\/\/fleschmazowsza.com.pl\/index.php?rest_route=\/wp\/v2\/posts\/3871\/revisions"}],"predecessor-version":[{"id":3873,"href":"https:\/\/fleschmazowsza.com.pl\/index.php?rest_route=\/wp\/v2\/posts\/3871\/revisions\/3873"}],"wp:featuredmedia":[{"embeddable":true,"href":"https:\/\/fleschmazowsza.com.pl\/index.php?rest_route=\/wp\/v2\/media\/3872"}],"wp:attachment":[{"href":"https:\/\/fleschmazowsza.com.pl\/index.php?rest_route=%2Fwp%2Fv2%2Fmedia&parent=3871"}],"wp:term":[{"taxonomy":"category","embeddable":true,"href":"https:\/\/fleschmazowsza.com.pl\/index.php?rest_route=%2Fwp%2Fv2%2Fcategories&post=3871"},{"taxonomy":"post_tag","embeddable":true,"href":"https:\/\/fleschmazowsza.com.pl\/index.php?rest_route=%2Fwp%2Fv2%2Ftags&post=3871"}],"curies":[{"name":"wp","href":"https:\/\/api.w.org\/{rel}","templated":true}]}}