{"id":3865,"date":"2020-10-09T11:52:38","date_gmt":"2020-10-09T10:52:38","guid":{"rendered":"http:\/\/fleschmazowsza.com.pl\/?p=3865"},"modified":"2020-10-09T11:52:39","modified_gmt":"2020-10-09T10:52:39","slug":"solidarni-z-bialorusia","status":"publish","type":"post","link":"https:\/\/fleschmazowsza.com.pl\/?p=3865","title":{"rendered":"Solidarni z Bia\u0142orusi\u0105"},"content":{"rendered":"\n<p><strong>Profesor Marian Pokropek zaprasza do swojego Muzeum Sztuki Ludowej w Otr\u0119busach na okoliczno\u015bciow\u0105 wystaw\u0119 \u201eSztuka ludowa Bia\u0142orusi\u201d, kt\u00f3ra zosta\u0142a przygotowana w imi\u0119 solidarno\u015bci z narodem bia\u0142oruskim.<\/strong><\/p>\n\n\n\n<p>Protesty, kt\u00f3re rozpocz\u0119\u0142y si\u0119 na Bia\u0142orusi na pocz\u0105tku sierpnia tego roku po og\u0142oszeniu zwyci\u0119stwa Aleksandra \u0141ukaszenki w wyborach prezydenckich, skupi\u0142y uwag\u0119 \u015bwiata na wschodnim s\u0105siedzie Polski. Kraj le\u017c\u0105cy do tej pory nieco na uboczu, trafi\u0142 na czo\u0142\u00f3wki serwis\u00f3w informacyjnych, a d\u0105\u017cenie Bia\u0142orusin\u00f3w do samostanowienia i wolno\u015bci oraz odwo\u0142ywanie si\u0119 do narodowej to\u017csamo\u015bci pod bia\u0142o-czerwono-bia\u0142\u0105 flag\u0105 pojawi\u0142o si\u0119 w\u015br\u00f3d temat\u00f3w poruszanych w przestrzeni publicznej \u2013 czy to w zabiegach dyplomatycznych, relacjach czy debatach medialnych, czy wreszcie w akcjach solidarno\u015bciowych, w kt\u00f3re wpisuje si\u0119 wystawa prezentowana w Muzeum Sztuki Ludowej w Otr\u0119busach.<\/p>\n\n\n\n<p>W swoich badaniach etnograficznych nad kultur\u0105 ludow\u0105 S\u0142owia\u0144szczyzny profesor Pokropek wielokrotnie odwiedza\u0142 tereny dzisiejszej Bia\u0142orusi, przy okazji nawi\u0105zuj\u0105c kontakty i przywo\u017c\u0105c stamt\u0105d kilka tysi\u0119cy zdj\u0119\u0107 oraz ok. 250 obiekt\u00f3w muzealnych, w\u015br\u00f3d kt\u00f3rych s\u0105 zar\u00f3wno misterne wycinanki, jak te\u017c rze\u017aby i obrazy tw\u00f3rc\u00f3w ludowych nawi\u0105zuj\u0105cych w swoich pracach do historii i pami\u0119ci rodzinnej.<\/p>\n\n\n\n<p>Polak\u00f3w i Bia\u0142orusin\u00f3w \u0142\u0105cz\u0105 wielowiekowe wi\u0119zy historyczne. Wystarczy wspomnie\u0107 uni\u0119 polsko-litewsk\u0105 zawart\u0105 w le\u017c\u0105cym na terenie dzisiejszej Bia\u0142orusi Krewie czy urodzonych na tamtych terenach Adama Mickiewicza, Tadeusza Ko\u015bciuszk\u0119, Eliz\u0119 Orzeszkow\u0105 czy kompozytora Micha\u0142a Ogi\u0144skiego.<\/p>\n\n\n\n<p>W czasie wernisa\u017cu wystawy, kt\u00f3ry mia\u0142 miejsce 12 wrze\u015bnia, o Bia\u0142orusi opowiada\u0142a dr Katarzyna Waszczy\u0144ska, etnolog i wyk\u0142adowca w Instytucie Etnologii i Antropologii Kulturowej Uniwersytetu Warszawskiego, kt\u00f3ra zajmuje si\u0119 problematyk\u0105 etniczn\u0105 i to\u017csamo\u015bciow\u0105 w Europie \u015arodkowo-Wschodniej. Zach\u0119ca\u0142a te\u017c do lepszego poznawania Bia\u0142orusi.<\/p>\n\n\n\n<p>\u2013 Odrzucaj\u0105c kwestie polityczne jak i nasz\u0105 troch\u0119 paternalistyczn\u0105 postaw\u0119, wynikaj\u0105c\u0105 z tego, \u017ce zachodnia cz\u0119\u015b\u0107 Bia\u0142orusi przynale\u017ca\u0142a do Drugiej Rzeczypospolitej, zobaczymy wiele ciekawych ludzi, temat\u00f3w i miejsc. Dzi\u015b Bia\u0142orusini s\u0105 bia\u0142oruskocentryczni \u2013 koncentruj\u0105 si\u0119 na swoim w\u0142asnym kraju i chc\u0105 go zbudowa\u0107 na swoich zasadach \u2013 m\u00f3wi\u0142a dr Waszczy\u0144ska.<\/p>\n\n\n\n<p class=\"has-text-align-center\">***<\/p>\n\n\n\n<p>Wystaw\u0119 w Muzeum Sztuki Ludowej w Otr\u0119busach mo\u017cna jeszcze ogl\u0105da\u0107 w godz. 9-18 w pawilonach wystawowych przy domu profesora Mariana Pokropka przy ul. Natali\u0144skiej 15.<\/p>\n\n\n\n<p class=\"has-text-align-right\"><strong>(a)<\/strong>, Fot. <em><strong>U.G. Brwin\u00f3w<\/strong><\/em><\/p>\n","protected":false},"excerpt":{"rendered":"<p>Profesor Marian Pokropek zaprasza do swojego Muzeum Sztuki Ludowej w Otr\u0119busach na okoliczno\u015bciow\u0105 wystaw\u0119 \u201eSztuka ludowa Bia\u0142orusi\u201d, kt\u00f3ra zosta\u0142a przygotowana w imi\u0119 solidarno\u015bci z narodem bia\u0142oruskim. Protesty, kt\u00f3re rozpocz\u0119\u0142y si\u0119 na Bia\u0142orusi na pocz\u0105tku sierpnia tego roku po og\u0142oszeniu zwyci\u0119stwa Aleksandra \u0141ukaszenki w wyborach prezydenckich, skupi\u0142y uwag\u0119 \u015bwiata na wschodnim s\u0105siedzie Polski. Kraj le\u017c\u0105cy do [&hellip;]<\/p>\n","protected":false},"author":2,"featured_media":3866,"comment_status":"closed","ping_status":"open","sticky":false,"template":"","format":"standard","meta":{"footnotes":""},"categories":[6],"tags":[],"class_list":["post-3865","post","type-post","status-publish","format-standard","has-post-thumbnail","hentry","category-kultura"],"_links":{"self":[{"href":"https:\/\/fleschmazowsza.com.pl\/index.php?rest_route=\/wp\/v2\/posts\/3865","targetHints":{"allow":["GET"]}}],"collection":[{"href":"https:\/\/fleschmazowsza.com.pl\/index.php?rest_route=\/wp\/v2\/posts"}],"about":[{"href":"https:\/\/fleschmazowsza.com.pl\/index.php?rest_route=\/wp\/v2\/types\/post"}],"author":[{"embeddable":true,"href":"https:\/\/fleschmazowsza.com.pl\/index.php?rest_route=\/wp\/v2\/users\/2"}],"replies":[{"embeddable":true,"href":"https:\/\/fleschmazowsza.com.pl\/index.php?rest_route=%2Fwp%2Fv2%2Fcomments&post=3865"}],"version-history":[{"count":1,"href":"https:\/\/fleschmazowsza.com.pl\/index.php?rest_route=\/wp\/v2\/posts\/3865\/revisions"}],"predecessor-version":[{"id":3867,"href":"https:\/\/fleschmazowsza.com.pl\/index.php?rest_route=\/wp\/v2\/posts\/3865\/revisions\/3867"}],"wp:featuredmedia":[{"embeddable":true,"href":"https:\/\/fleschmazowsza.com.pl\/index.php?rest_route=\/wp\/v2\/media\/3866"}],"wp:attachment":[{"href":"https:\/\/fleschmazowsza.com.pl\/index.php?rest_route=%2Fwp%2Fv2%2Fmedia&parent=3865"}],"wp:term":[{"taxonomy":"category","embeddable":true,"href":"https:\/\/fleschmazowsza.com.pl\/index.php?rest_route=%2Fwp%2Fv2%2Fcategories&post=3865"},{"taxonomy":"post_tag","embeddable":true,"href":"https:\/\/fleschmazowsza.com.pl\/index.php?rest_route=%2Fwp%2Fv2%2Ftags&post=3865"}],"curies":[{"name":"wp","href":"https:\/\/api.w.org\/{rel}","templated":true}]}}