{"id":3850,"date":"2020-09-16T09:28:35","date_gmt":"2020-09-16T08:28:35","guid":{"rendered":"http:\/\/fleschmazowsza.com.pl\/?p=3850"},"modified":"2020-09-16T09:28:39","modified_gmt":"2020-09-16T08:28:39","slug":"wystawa-pokonkursowa-w-podkowie-lesnej","status":"publish","type":"post","link":"https:\/\/fleschmazowsza.com.pl\/?p=3850","title":{"rendered":"Wystawa pokonkursowa w Podkowie Le\u015bnej"},"content":{"rendered":"\n<p><strong>28 sierpnia w podkowia\u0144skim Pa\u0142acyku Kasyno odby\u0142 si\u0119 wernisa\u017c wystawy pokonkursowej trzech arcyciekawych projekt\u00f3w Pomnika Bitwy Warszawskiej 1920 r. Pomnik stan\u0105\u0107 ma w Warszawie na Placu Na Rozdro\u017cu, wzbogacaj\u0105c widokowo tzw. O\u015b Stanis\u0142awowsk\u0105, powsta\u0142\u0105 w drugiej po\u0142owie XVIII w.<\/strong><\/p>\n\n\n\n<p>Konkurs na koncepcj\u0119 i projekt pomnika \u2013 w zwi\u0105zku z przypadaj\u0105c\u0105 w bie\u017c\u0105cym roku setn\u0105 rocznic\u0105 Bitwy Warszawskiej \u2013 zosta\u0142 ju\u017c rozstrzygni\u0119ty. Wygra\u0142 go Miros\u0142aw Nizio (z zespo\u0142em), wsp\u00f3\u0142autor koncepcji Muzeum Powstania Warszawskiego i Muzeum Historii \u017byd\u00f3w Polskich POLIN. Niemniej inne projekty Pomnika Bitwy Warszawskiej 1920 r. mia\u0142y r\u00f3wnie\u017c bardzo atrakcyjny charakter, o czym naocznie mo\u017cna by\u0142o si\u0119 przekona\u0107 podczas wernisa\u017cu.<\/p>\n\n\n\n<p class=\"has-text-align-center\"><strong>Kr\u00f3tki kurs wiedzy<\/strong><\/p>\n\n\n\n<p>W Pa\u0142acyku Kasyno zaprezentowane zosta\u0142y trzy bardzo r\u00f3\u017cne koncepcje Pomnika, w formie szczeg\u00f3\u0142owych wizualizacji i rysunk\u00f3w projektowych.<\/p>\n\n\n\n<p>O swoich trzech pomys\u0142ach na architektoniczno-rze\u017abiarskie upami\u0119tnienie Bitwy Warszawskiej opowiadali uczestnicy zespo\u0142\u00f3w projektowych, kt\u00f3rzy przybyli na podkowia\u0144ski wernisa\u017c. Dla s\u0142uchaczy by\u0142 to niew\u0105tpliwie kr\u00f3tki kurs wiedzy o tym, jak za\u0142o\u017cenia ideowe, wiedz\u0119 historyczn\u0105, uczucia patriotyczne przekszta\u0142ci\u0107 mo\u017cna w wysokiej klasy architektur\u0119 i architektur\u0119 krajobrazu, wkomponowa\u0107 w urbanistyk\u0119. I jak r\u00f3\u017cnie mo\u017cna roz\u0142o\u017cy\u0107 akcenty oraz ukaza\u0107 za pomoc\u0105 architektury symbole obecne w narodowej \u015bwiadomo\u015bci.<\/p>\n\n\n\n<p class=\"has-text-align-center\"><strong>Wrota do Europy<\/strong><\/p>\n\n\n\n<p>I tak zesp\u00f3\u0142 w sk\u0142adzie: Jerzy Juczkowicz i Mariusz Zdanowski wykorzysta\u0142 symbolik\u0119 monumentalnej bramy \u2013 to \u201ewrota Europy\u201d, kt\u00f3rych nie uda\u0142o si\u0119 przekroczy\u0107 armii bolszewickiej. W znanej odezwie do swoich \u017co\u0142nierzy gen. Michai\u0142 Tuchaczewski zapowiada\u0142 \u201ejeszcze szesna\u015bcie wiorst i Europa\u201d, tymczasem dzi\u0119ki zwyci\u0119skiej Bitwie Warszawskiej droga armii bolszewickiej do Europy pozosta\u0142a zamkni\u0119ta.<\/p>\n\n\n\n<p>Koncepcja zespo\u0142u: Przemys\u0142aw Wolski, Krystyna Ilmurzy\u0144ska, Marek Budzy\u0144ski, Ma\u0142gorzata Barlik-Bokowy mia\u0142a charakter zarazem ekologiczny i symboliczny. Tu motywem przewodnim by\u0142 cytat z W\u0142adys\u0142awa Reymonta: \u201e(&#8230;) szli za\u015b jak ten b\u00f3r sosnowy wyro\u015bni\u0119ci, \u015bmigli i mocni\u201d, kt\u00f3ry materializowa\u0142 si\u0119 w koncepcji pomnika jako kopca ziemnego z rosn\u0105cym na nim borem sosnowym. Symbolem Bitwy Warszawskiej mia\u0142by tu by\u0107 \u201eprosty pie\u0144 sosny wynios\u0142ej i mocarnej\u201d, tak cz\u0119sty w polskim krajobrazie.<\/p>\n\n\n\n<p class=\"has-text-align-center\"><strong>Nogi i m\u0119stwo piechura<\/strong><\/p>\n\n\n\n<p>Zesp\u00f3\u0142: Jacek Walusiak, Stanis\u0142aw Cukier, Tomasz Lec wykorzysta\u0142 symbolicznie w swoim projekcie motyw \u201eodci\u015bni\u0119tego na ziemi \u017co\u0142nierskiego buta\u201d. Tu projektanci powo\u0142ali si\u0119 na s\u0142owa zawarte w Rozkazie Operacyjnym b\u0119d\u0105cym ostatni\u0105 modyfikacj\u0105 planu Bitwy Warszawskiej. W dokumencie tym pad\u0142y s\u0142owa: \u201eNogami i m\u0119stwem piechura polskiego musimy wygra\u0107 te bitw\u0119&#8221;.<\/p>\n\n\n\n<p>Szczeg\u00f3\u0142owe i bardzo ciekawe opisy wspomnianych trzech koncepcji Pomnika Bitwy Warszawskiej 1920 r. opisane s\u0105 w za\u0142\u0105cznikach na stronie Centrum Kultury i Inicjatyw Obywatelskich:<\/p>\n\n\n\n<figure class=\"wp-block-embed\"><div class=\"wp-block-embed__wrapper\">\nhttps:\/\/www.ckiopodkowa.pl\/pokonkursowa-wystawa-prac-na-koncepcj%C4%99-pomnika-bitwy-warszawskiej-1920-r\n<\/div><\/figure>\n\n\n\n<p class=\"has-text-align-right\">Tekst i foto: <strong>Sylwia Pa\u0144k\u00f3w<\/strong><\/p>\n","protected":false},"excerpt":{"rendered":"<p>28 sierpnia w podkowia\u0144skim Pa\u0142acyku Kasyno odby\u0142 si\u0119 wernisa\u017c wystawy pokonkursowej trzech arcyciekawych projekt\u00f3w Pomnika Bitwy Warszawskiej 1920 r. Pomnik stan\u0105\u0107 ma w Warszawie na Placu Na Rozdro\u017cu, wzbogacaj\u0105c widokowo tzw. O\u015b Stanis\u0142awowsk\u0105, powsta\u0142\u0105 w drugiej po\u0142owie XVIII w. Konkurs na koncepcj\u0119 i projekt pomnika \u2013 w zwi\u0105zku z przypadaj\u0105c\u0105 w bie\u017c\u0105cym roku setn\u0105 rocznic\u0105 [&hellip;]<\/p>\n","protected":false},"author":2,"featured_media":3851,"comment_status":"closed","ping_status":"open","sticky":false,"template":"","format":"standard","meta":{"footnotes":""},"categories":[9,6],"tags":[],"class_list":["post-3850","post","type-post","status-publish","format-standard","has-post-thumbnail","hentry","category-edukacja","category-kultura"],"_links":{"self":[{"href":"https:\/\/fleschmazowsza.com.pl\/index.php?rest_route=\/wp\/v2\/posts\/3850","targetHints":{"allow":["GET"]}}],"collection":[{"href":"https:\/\/fleschmazowsza.com.pl\/index.php?rest_route=\/wp\/v2\/posts"}],"about":[{"href":"https:\/\/fleschmazowsza.com.pl\/index.php?rest_route=\/wp\/v2\/types\/post"}],"author":[{"embeddable":true,"href":"https:\/\/fleschmazowsza.com.pl\/index.php?rest_route=\/wp\/v2\/users\/2"}],"replies":[{"embeddable":true,"href":"https:\/\/fleschmazowsza.com.pl\/index.php?rest_route=%2Fwp%2Fv2%2Fcomments&post=3850"}],"version-history":[{"count":1,"href":"https:\/\/fleschmazowsza.com.pl\/index.php?rest_route=\/wp\/v2\/posts\/3850\/revisions"}],"predecessor-version":[{"id":3852,"href":"https:\/\/fleschmazowsza.com.pl\/index.php?rest_route=\/wp\/v2\/posts\/3850\/revisions\/3852"}],"wp:featuredmedia":[{"embeddable":true,"href":"https:\/\/fleschmazowsza.com.pl\/index.php?rest_route=\/wp\/v2\/media\/3851"}],"wp:attachment":[{"href":"https:\/\/fleschmazowsza.com.pl\/index.php?rest_route=%2Fwp%2Fv2%2Fmedia&parent=3850"}],"wp:term":[{"taxonomy":"category","embeddable":true,"href":"https:\/\/fleschmazowsza.com.pl\/index.php?rest_route=%2Fwp%2Fv2%2Fcategories&post=3850"},{"taxonomy":"post_tag","embeddable":true,"href":"https:\/\/fleschmazowsza.com.pl\/index.php?rest_route=%2Fwp%2Fv2%2Ftags&post=3850"}],"curies":[{"name":"wp","href":"https:\/\/api.w.org\/{rel}","templated":true}]}}