{"id":3847,"date":"2020-09-16T09:11:10","date_gmt":"2020-09-16T08:11:10","guid":{"rendered":"http:\/\/fleschmazowsza.com.pl\/?p=3847"},"modified":"2020-09-16T09:11:11","modified_gmt":"2020-09-16T08:11:11","slug":"beda-bezplatne-szczepionki-dla-seniorow-w-grodzisku-mazowieckim","status":"publish","type":"post","link":"https:\/\/fleschmazowsza.com.pl\/?p=3847","title":{"rendered":"B\u0119d\u0105 bezp\u0142atne szczepionki dla senior\u00f3w w Grodzisku Mazowieckim?"},"content":{"rendered":"\n<p><strong>Obecna sytuacja epidemiczna sk\u0142ania do licznych dyskusji na temat szczepionki na koronawirusa, a tak\u017ce innych chor\u00f3b sezonowych, takich jak grypa. Grodzisk Mazowiecki zamierza przyj\u0105\u0107 uchwa\u0142\u0119, na mocy kt\u00f3rej mo\u017cliwe b\u0119dzie sfinansowanie szczepie\u0144 przeciw grypie dla senior\u00f3w mieszkaj\u0105cych w gminie.<\/strong><\/p>\n\n\n\n<p>Epidemia wcale nie zako\u0144czy\u0142a si\u0119, a jej jesienny nawr\u00f3t prognozowany jest w bliskiej przysz\u0142o\u015bci. Dlatego tak du\u017co m\u00f3wi si\u0119 nie tylko o szczepionce przeciw COVID-19, ale tak\u017ce sezonowej grypie, kt\u00f3ra b\u0119dzie r\u00f3wnie niebezpieczna w okresie jesiennym.<\/p>\n\n\n\n<p>Szczeg\u00f3lnie zagro\u017ceni s\u0105 osoby starsze, kt\u00f3re nale\u017c\u0105 do najwy\u017cszej grupy ryzyka. Koronawirus i grypa to podw\u00f3jne ryzyko. Grodziscy w\u0142odarze podj\u0119li wobec tego decyzj\u0119 o wszcz\u0119ciu dzia\u0142a\u0144 maj\u0105cych ochroni\u0107 mieszka\u0144c\u00f3w po 60. roku \u017cycia i sfinansowa\u0107 szczepionk\u0119 przeciwko grypie dla tej grupy spo\u0142ecznej.<\/p>\n\n\n\n<p>\u2013W zwi\u0105zku z licznymi pytaniami od os\u00f3b starszych informujemy, \u017ce Burmistrz wyst\u0105pi\u0142 do Rady Miejskiej z wnioskiem o mo\u017cliwo\u015b\u0107 sfinansowania przez Gmin\u0119 szczepie\u0144 przeciwko grypie dla os\u00f3b ch\u0119tnych z grupy wiekowej 60+. Wniosek zostanie rozpatrzony na najbli\u017cszej sesji rady miejskiej \u2013 czytamy w komunikacie na Facebooku grodziskiego magistratu.<\/p>\n\n\n\n<p class=\"has-text-align-right\"><strong>Aneta Czarnecka<\/strong><br>Fot.: <em><strong>Pixabay.com<\/strong><\/em><\/p>\n","protected":false},"excerpt":{"rendered":"<p>Obecna sytuacja epidemiczna sk\u0142ania do licznych dyskusji na temat szczepionki na koronawirusa, a tak\u017ce innych chor\u00f3b sezonowych, takich jak grypa. Grodzisk Mazowiecki zamierza przyj\u0105\u0107 uchwa\u0142\u0119, na mocy kt\u00f3rej mo\u017cliwe b\u0119dzie sfinansowanie szczepie\u0144 przeciw grypie dla senior\u00f3w mieszkaj\u0105cych w gminie. Epidemia wcale nie zako\u0144czy\u0142a si\u0119, a jej jesienny nawr\u00f3t prognozowany jest w bliskiej przysz\u0142o\u015bci. Dlatego tak [&hellip;]<\/p>\n","protected":false},"author":2,"featured_media":3848,"comment_status":"closed","ping_status":"open","sticky":false,"template":"","format":"standard","meta":{"footnotes":""},"categories":[5],"tags":[],"class_list":["post-3847","post","type-post","status-publish","format-standard","has-post-thumbnail","hentry","category-wiadomosci"],"_links":{"self":[{"href":"https:\/\/fleschmazowsza.com.pl\/index.php?rest_route=\/wp\/v2\/posts\/3847","targetHints":{"allow":["GET"]}}],"collection":[{"href":"https:\/\/fleschmazowsza.com.pl\/index.php?rest_route=\/wp\/v2\/posts"}],"about":[{"href":"https:\/\/fleschmazowsza.com.pl\/index.php?rest_route=\/wp\/v2\/types\/post"}],"author":[{"embeddable":true,"href":"https:\/\/fleschmazowsza.com.pl\/index.php?rest_route=\/wp\/v2\/users\/2"}],"replies":[{"embeddable":true,"href":"https:\/\/fleschmazowsza.com.pl\/index.php?rest_route=%2Fwp%2Fv2%2Fcomments&post=3847"}],"version-history":[{"count":1,"href":"https:\/\/fleschmazowsza.com.pl\/index.php?rest_route=\/wp\/v2\/posts\/3847\/revisions"}],"predecessor-version":[{"id":3849,"href":"https:\/\/fleschmazowsza.com.pl\/index.php?rest_route=\/wp\/v2\/posts\/3847\/revisions\/3849"}],"wp:featuredmedia":[{"embeddable":true,"href":"https:\/\/fleschmazowsza.com.pl\/index.php?rest_route=\/wp\/v2\/media\/3848"}],"wp:attachment":[{"href":"https:\/\/fleschmazowsza.com.pl\/index.php?rest_route=%2Fwp%2Fv2%2Fmedia&parent=3847"}],"wp:term":[{"taxonomy":"category","embeddable":true,"href":"https:\/\/fleschmazowsza.com.pl\/index.php?rest_route=%2Fwp%2Fv2%2Fcategories&post=3847"},{"taxonomy":"post_tag","embeddable":true,"href":"https:\/\/fleschmazowsza.com.pl\/index.php?rest_route=%2Fwp%2Fv2%2Ftags&post=3847"}],"curies":[{"name":"wp","href":"https:\/\/api.w.org\/{rel}","templated":true}]}}