{"id":3830,"date":"2020-08-31T10:53:11","date_gmt":"2020-08-31T09:53:11","guid":{"rendered":"http:\/\/fleschmazowsza.com.pl\/?p=3830"},"modified":"2020-08-31T10:53:12","modified_gmt":"2020-08-31T09:53:12","slug":"szkola-muzyczna-w-grodzisku-pozniej-niz-planowano","status":"publish","type":"post","link":"https:\/\/fleschmazowsza.com.pl\/?p=3830","title":{"rendered":"Szko\u0142a muzyczna w Grodzisku p\u00f3\u017aniej ni\u017c planowano"},"content":{"rendered":"\n<p><strong>W Grodzisku Mazowieckim powstanie szko\u0142a muzyczna. Obiekt wedle planu ma pojawi\u0107 si\u0119 przy ul. Zygmunta Starego. Inwestycja zosta\u0142a jednak spowolniona przez wybuch epidemii koronawirusa. W\u0142odarze wkr\u00f3tce powinni wybra\u0107 firm\u0119, kt\u00f3ra zajmie si\u0119 realizacj\u0105 projektu.<\/strong><\/p>\n\n\n\n<p>Burmistrz Grodziska Mazowieckiego zapowiada, \u017ce przy szkole znajdzie si\u0119 tak\u017ce parking podziemny. W trakcie poprzedniej kadencji Grzegorz Benedykci\u0144ski twierdzi\u0142, \u017ce budowa jest w zasadzie gotowa, teraz prace spowolni\u0142y. Stosowna dokumentacja oraz kosztorys inwestycji s\u0105 ju\u017c gotowe, a og\u0142oszenie zwyci\u0119zcy przetargu na budow\u0119 plac\u00f3wki przed nami.<\/p>\n\n\n\n<p>Sprawa jest jednak wci\u0105\u017c aktualna, w\u0142odarz Grodziska Mazowieckiego nie od\u0142o\u017cy\u0142 budowy szko\u0142y muzycznej.<\/p>\n\n\n\n<p>-Przez koronawirusa, konkurs nam si\u0119 przed\u0142u\u017ca. Jest kilkana\u015bcie pracowni ch\u0119tnych, by wzi\u0105\u0107 w nim udzia\u0142, ale poprosi\u0142y o wi\u0119cej czasu na przygotowanie prac. Dlatego mamy po\u015blizg, ale my\u015bl\u0119, \u017ce do ko\u0144ca wrze\u015bnia rozstrzygniemy konkurs &#8211; m\u00f3wi Grzegorz Benedykci\u0144ski.<\/p>\n\n\n\n<p>Realne prace rozpocz\u0119\u0142y si\u0119 w pa\u017adzierniku ubieg\u0142ego roku. Wyburzono w\u00f3czas stare kamienice. Wszystko wskazuje tak\u017ce, \u017ce budowa szko\u0142y muzycznej oraz parkingu podziemnego to nie koniec:<\/p>\n\n\n\n<p>-Szko\u0142a i parking pod ni\u0105 zaj\u0119\u0142yby oko\u0142o 1200 m2. Wi\u0119c pozostaje jeszcze oko\u0142o tysi\u0105ca metr\u00f3w do zagospodarowania. Zamierzamy og\u0142osi\u0107 konsultacje spo\u0142eczne, by zapyta\u0107 mieszka\u0144c\u00f3w, jakiego obiektu by tam oczekiwali &#8211; zaznacza Benedykci\u0144ski.<\/p>\n\n\n\n<p class=\"has-text-align-right\"><strong>Aneta Czarnecka<br><\/strong>Fot.: <em><strong>Grodzisknews.pl<\/strong><\/em><\/p>\n","protected":false},"excerpt":{"rendered":"<p>W Grodzisku Mazowieckim powstanie szko\u0142a muzyczna. Obiekt wedle planu ma pojawi\u0107 si\u0119 przy ul. Zygmunta Starego. Inwestycja zosta\u0142a jednak spowolniona przez wybuch epidemii koronawirusa. W\u0142odarze wkr\u00f3tce powinni wybra\u0107 firm\u0119, kt\u00f3ra zajmie si\u0119 realizacj\u0105 projektu. Burmistrz Grodziska Mazowieckiego zapowiada, \u017ce przy szkole znajdzie si\u0119 tak\u017ce parking podziemny. W trakcie poprzedniej kadencji Grzegorz Benedykci\u0144ski twierdzi\u0142, \u017ce budowa [&hellip;]<\/p>\n","protected":false},"author":2,"featured_media":3831,"comment_status":"closed","ping_status":"open","sticky":false,"template":"","format":"standard","meta":{"footnotes":""},"categories":[9],"tags":[],"class_list":["post-3830","post","type-post","status-publish","format-standard","has-post-thumbnail","hentry","category-edukacja"],"_links":{"self":[{"href":"https:\/\/fleschmazowsza.com.pl\/index.php?rest_route=\/wp\/v2\/posts\/3830","targetHints":{"allow":["GET"]}}],"collection":[{"href":"https:\/\/fleschmazowsza.com.pl\/index.php?rest_route=\/wp\/v2\/posts"}],"about":[{"href":"https:\/\/fleschmazowsza.com.pl\/index.php?rest_route=\/wp\/v2\/types\/post"}],"author":[{"embeddable":true,"href":"https:\/\/fleschmazowsza.com.pl\/index.php?rest_route=\/wp\/v2\/users\/2"}],"replies":[{"embeddable":true,"href":"https:\/\/fleschmazowsza.com.pl\/index.php?rest_route=%2Fwp%2Fv2%2Fcomments&post=3830"}],"version-history":[{"count":1,"href":"https:\/\/fleschmazowsza.com.pl\/index.php?rest_route=\/wp\/v2\/posts\/3830\/revisions"}],"predecessor-version":[{"id":3832,"href":"https:\/\/fleschmazowsza.com.pl\/index.php?rest_route=\/wp\/v2\/posts\/3830\/revisions\/3832"}],"wp:featuredmedia":[{"embeddable":true,"href":"https:\/\/fleschmazowsza.com.pl\/index.php?rest_route=\/wp\/v2\/media\/3831"}],"wp:attachment":[{"href":"https:\/\/fleschmazowsza.com.pl\/index.php?rest_route=%2Fwp%2Fv2%2Fmedia&parent=3830"}],"wp:term":[{"taxonomy":"category","embeddable":true,"href":"https:\/\/fleschmazowsza.com.pl\/index.php?rest_route=%2Fwp%2Fv2%2Fcategories&post=3830"},{"taxonomy":"post_tag","embeddable":true,"href":"https:\/\/fleschmazowsza.com.pl\/index.php?rest_route=%2Fwp%2Fv2%2Ftags&post=3830"}],"curies":[{"name":"wp","href":"https:\/\/api.w.org\/{rel}","templated":true}]}}