{"id":3811,"date":"2020-08-18T14:34:07","date_gmt":"2020-08-18T13:34:07","guid":{"rendered":"http:\/\/fleschmazowsza.com.pl\/?p=3811"},"modified":"2020-08-18T14:34:08","modified_gmt":"2020-08-18T13:34:08","slug":"zwycieska-walka-z-rakiem","status":"publish","type":"post","link":"https:\/\/fleschmazowsza.com.pl\/?p=3811","title":{"rendered":"Zwyci\u0119ska walka z rakiem"},"content":{"rendered":"\n<p><strong>Agnieszka Kulenty, kt\u00f3rej historie opisywali\u015bmy w nr 11 z dn. 18 czerwca jest ju\u017c w domu i wszystko wskazuje na to, \u017ce jej heroiczna walka z chorob\u0105 zako\u0144czy\u0142a si\u0119 pe\u0142nym zwyci\u0119stwem. Og\u0142oszona na portalu <a href=\"https:\/\/www.siepomaga.pl\/agnieszka-kulenty\"><u>https:\/\/www.siepomaga.pl\/agnieszka-kulenty<\/u><\/a> zbi\u00f3rka nadal trwa gdy\u017c we wrze\u015bniu czeka j\u0105 kolejny wyjazd na zabiegi do Niemiec.<\/strong><\/p>\n\n\n\n<p>Przypomnijmy: Agnieszka Kulenty ma 48 lat i pochodzi z Nadarzyna. Chocia\u017c obecnie na sta\u0142e mieszka w G\u0105siorach pod \u0141ukowem na Lubelszczy\u017anie cz\u0119sto powraca w rodzinne strony. Jej tata \u015ap. Roman D\u0105browski by\u0142 radnym dw\u00f3ch kadencji mocno anga\u017cowa\u0142 si\u0119 w sprawy spo\u0142eczne.<\/p>\n\n\n\n<p>Pani Agnieszka jest nauczycielk\u0105 \u2013 niestety od 15 lat zmaga si\u0119 z ci\u0119\u017ck\u0105 chorob\u0105: najpierw brodawczakiem tarczycy, teraz \u2013 p\u0142askonab\u0142onkowym rogowaciej\u0105cym rakiem dolnego gard\u0142a. Leczenie onkologiczne by\u0142o mo\u017cliwe tylko w Niemczech w klinice w Monachium. Tam przebywa\u0142a od lutego \u2013 przeszla trzy bardzo silne terapie chemiczne. Obecnie tak\u017ce dzi\u0119ki finansowemu wsparciu ludzi dobrej woli, zgodnie z opini\u0105 lekarzy jest wyleczona.<\/p>\n\n\n\n<p>-Czekamy na potwierdzaj\u0105ce to badania we wrze\u015bniu te\u017c w Niemczech. Je\u017celi ko\u0144cowe badania to potwierdz\u0105 pozostanie wyj\u0119cie rurki od tracheostomii i Peka z \u017co\u0142\u0105dka. Na t\u0105 chwil\u0119 czuje si\u0119 dobrze i odzyskuje si\u0142y \u2013 informuje Katarzyna Pyzik \u2013 siostra p. Agnieszki.<\/p>\n\n\n\n<p>Zbi\u00f3rka jest aktywna do ko\u0144ca sierpnia, poniewa\u017c pozostaje jeszcze kwestia rozliczenia si\u0119 z lekarzem prowadz\u0105cym, badania i wyj\u0119cie rurek a te\u017c dwa zabiegi pod narkoz\u0105 i kolejny wyjazd we wrze\u015bniu. Na chwil\u0119 obecn\u0105 wp\u0142acono ponad 75 800 z\u0142 to stanowi blisko 82% potrzebnej kwoty. Zbi\u00f3rka na <a href=\"https:\/\/www.siepomaga.pl\/agnieszka-kulenty\"><u>https:\/\/www.siepomaga.pl\/agnieszka-kulenty<\/u><\/a> jest jeszcze aktywna i zach\u0119camy do wp\u0142acania nawet najmniejszych kwot.<\/p>\n\n\n\n<p class=\"has-text-align-right\"><strong>(mg)<\/strong><br>Fot.: <em><strong>Archiwum prywatne<\/strong><\/em><\/p>\n","protected":false},"excerpt":{"rendered":"<p>Agnieszka Kulenty, kt\u00f3rej historie opisywali\u015bmy w nr 11 z dn. 18 czerwca jest ju\u017c w domu i wszystko wskazuje na to, \u017ce jej heroiczna walka z chorob\u0105 zako\u0144czy\u0142a si\u0119 pe\u0142nym zwyci\u0119stwem. Og\u0142oszona na portalu https:\/\/www.siepomaga.pl\/agnieszka-kulenty zbi\u00f3rka nadal trwa gdy\u017c we wrze\u015bniu czeka j\u0105 kolejny wyjazd na zabiegi do Niemiec. Przypomnijmy: Agnieszka Kulenty ma 48 lat [&hellip;]<\/p>\n","protected":false},"author":2,"featured_media":3812,"comment_status":"closed","ping_status":"open","sticky":false,"template":"","format":"standard","meta":{"footnotes":""},"categories":[8],"tags":[],"class_list":["post-3811","post","type-post","status-publish","format-standard","has-post-thumbnail","hentry","category-roznosci"],"_links":{"self":[{"href":"https:\/\/fleschmazowsza.com.pl\/index.php?rest_route=\/wp\/v2\/posts\/3811","targetHints":{"allow":["GET"]}}],"collection":[{"href":"https:\/\/fleschmazowsza.com.pl\/index.php?rest_route=\/wp\/v2\/posts"}],"about":[{"href":"https:\/\/fleschmazowsza.com.pl\/index.php?rest_route=\/wp\/v2\/types\/post"}],"author":[{"embeddable":true,"href":"https:\/\/fleschmazowsza.com.pl\/index.php?rest_route=\/wp\/v2\/users\/2"}],"replies":[{"embeddable":true,"href":"https:\/\/fleschmazowsza.com.pl\/index.php?rest_route=%2Fwp%2Fv2%2Fcomments&post=3811"}],"version-history":[{"count":1,"href":"https:\/\/fleschmazowsza.com.pl\/index.php?rest_route=\/wp\/v2\/posts\/3811\/revisions"}],"predecessor-version":[{"id":3813,"href":"https:\/\/fleschmazowsza.com.pl\/index.php?rest_route=\/wp\/v2\/posts\/3811\/revisions\/3813"}],"wp:featuredmedia":[{"embeddable":true,"href":"https:\/\/fleschmazowsza.com.pl\/index.php?rest_route=\/wp\/v2\/media\/3812"}],"wp:attachment":[{"href":"https:\/\/fleschmazowsza.com.pl\/index.php?rest_route=%2Fwp%2Fv2%2Fmedia&parent=3811"}],"wp:term":[{"taxonomy":"category","embeddable":true,"href":"https:\/\/fleschmazowsza.com.pl\/index.php?rest_route=%2Fwp%2Fv2%2Fcategories&post=3811"},{"taxonomy":"post_tag","embeddable":true,"href":"https:\/\/fleschmazowsza.com.pl\/index.php?rest_route=%2Fwp%2Fv2%2Ftags&post=3811"}],"curies":[{"name":"wp","href":"https:\/\/api.w.org\/{rel}","templated":true}]}}