{"id":3805,"date":"2020-08-18T14:28:52","date_gmt":"2020-08-18T13:28:52","guid":{"rendered":"http:\/\/fleschmazowsza.com.pl\/?p=3805"},"modified":"2020-08-18T14:28:52","modified_gmt":"2020-08-18T13:28:52","slug":"zsois-w-pruszkowie-stawia-na-bezpieczenstwo-uczniow","status":"publish","type":"post","link":"https:\/\/fleschmazowsza.com.pl\/?p=3805","title":{"rendered":"ZSOiS w Pruszkowie stawia na bezpiecze\u0144stwo uczni\u00f3w!"},"content":{"rendered":"\n<p><strong>Wakacje dla dyrektora \u0141ukasza Borkowskiego i kadry pedagogicznej Zespo\u0142u Szk\u00f3\u0142 Og\u00f3lnokszta\u0142c\u0105cych i Sportowych przy ulicy Gomuli\u0144skiego w Pruszkowie to czas intensywnej pracy. Szko\u0142a prowadzona przez powiat pruszkowski ma jeden cel: zapewni\u0107 swoim uczniom bezpieczne warunki do nauki, gdy wr\u00f3c\u0105 do niej we wrze\u015bniu.<\/strong><\/p>\n\n\n\n<p>Zesp\u00f3\u0142 Szk\u00f3\u0142 Og\u00f3lnokszta\u0142c\u0105cych i Sportowych w Pruszkowie bior\u0105c pod uwag\u0119 specyfik\u0119 szko\u0142y sportowej, a tak\u017ce obecno\u015b\u0107 uczni\u00f3w z r\u00f3\u017cnych stron kraju, kt\u00f3rzy zamieszkuj\u0105 w internacie wprowadza now\u0105 definicj\u0119 bezpiecze\u0144stwa:<\/p>\n\n\n\n<p>1) Jako pierwsza szko\u0142a w Polsce ZSOiS zakupi\u0142o trzy urz\u0105dzenia Multi Task Controller. Urz\u0105dzenia te mierz\u0105 ca\u0142kowicie bezdotykowo temperatur\u0119. Pomiar zajmuje zaledwie 2 sekundy. Muliti Task Controler minimalizuje ryzyko wej\u015bcia na teren plac\u00f3wki osoby przezi\u0119bionej lub te\u017c chorej np. na Covid &#8211; 19. Urz\u0105dzenie to w przysz\u0142o\u015bci b\u0119dzie r\u00f3wnie\u017c zintegrowane z systemem czytnik\u00f3w kart wej\u015bciowych dla uczni\u00f3w i nauczycieli. Przy urz\u0105dzeniach zosta\u0142y ustawione automatyczne dozowniki p\u0142ynu do dezynfekcji.<br>2) Szko\u0142a zakupi\u0142a sterylizatory mobilne UV-C, kt\u00f3re maj\u0105 wydajno\u015b\u0107 195m3\/h. Przybli\u017cony czas dezynfekcji sali lekcyjnej tym urz\u0105dzeniem to oko\u0142o 15-20 min.<\/p>\n\n\n\n<p>Szko\u0142a \u0142\u0105cznie zam\u00f3wi\u0142a 4 sztuki sterylizator\u00f3w. Jeden b\u0119dzie znajdowa\u0142 si\u0119 w internacie, a trzy w szkole. Dzi\u0119ki temu wszystkie pomieszczenia codziennie b\u0119d\u0105 przechodzi\u0107 proces dezynfekcji. Zakup urz\u0105dze\u0144 by\u0142 mo\u017cliwy dzi\u0119ki dofinansowaniu Rady Rodzic\u00f3w ZSOiS.<\/p>\n\n\n\n<p>3) Plac\u00f3wka zaopatrzy\u0142a si\u0119 tak\u017ce w ozonator przemys\u0142owy z detektorem ozonu RS-03. Dezaktywacja bakterii i wirus\u00f3w wymaga spe\u0142nienia \u015bcis\u0142ych procedur okre\u015blonych przez Sanepid. Procedura dezynfekcji wymagana przez Sanepid okre\u015bla st\u0119\u017cenie ozonu na poziomie od 8-10 ppm. Tylko przy takim st\u0119\u017ceniu ozonu mo\u017cemy m\u00f3wi\u0107 o prawid\u0142owej dezynfekcji. Przyk\u0142adowa dezynfekcja pokoju 21 m2 w akademiku tym urz\u0105dzeniem b\u0119dzie trwa\u0142a ok 8-9 min, w tym czasie uzyskamy zalecane st\u0119\u017cenie 8-10 ppm. Ozonator tak\u017ce zosta\u0142 dofinansowany przez Rad\u0119 Rodzic\u00f3w ZSOiS .<\/p>\n\n\n\n<p>Poza bezpiecze\u0144stwem zadbano tak\u017ce o komfort uczni\u00f3w i ekologi\u0119. Szko\u0142a podpisa\u0142a umow\u0119 na prace remontowe w internacie. Prawe skrzyd\u0142o zostanie w ca\u0142o\u015bci odmalowane, natomiast lewe skrzyd\u0142o zostanie od\u015bwie\u017cone oraz zostan\u0105 zrealizowane niezb\u0119dne prace remontowe we wszystkich pokojach. Wykonawca b\u0119dzie mia\u0142 14 dni na wykonanie zadania. Przed rozpocz\u0119ciem roku szkolnego planowana jest dezynfekcja pomieszcze\u0144.<\/p>\n\n\n\n<p>Natomiast w trosce o \u015brodowisko firma cateringowa Czaplar przekaza\u0142a szkole wyparzark\u0119 do naczy\u0144. Dzi\u0119ki temu uczniowie nie b\u0119d\u0105 mieli wydawanych posi\u0142k\u00f3w w jednorazowych pojemnikach i zminimalizowane zostanie wytwarzanie zb\u0119dnych ton plastiku.<\/p>\n\n\n\n<p class=\"has-text-align-right\">Tekst i foto:<br><strong>Zesp\u00f3\u0142 Komunikacji Zewn\u0119trznej<br>Starostwo Powiatowe w Pruszkowie<\/strong><\/p>\n","protected":false},"excerpt":{"rendered":"<p>Wakacje dla dyrektora \u0141ukasza Borkowskiego i kadry pedagogicznej Zespo\u0142u Szk\u00f3\u0142 Og\u00f3lnokszta\u0142c\u0105cych i Sportowych przy ulicy Gomuli\u0144skiego w Pruszkowie to czas intensywnej pracy. Szko\u0142a prowadzona przez powiat pruszkowski ma jeden cel: zapewni\u0107 swoim uczniom bezpieczne warunki do nauki, gdy wr\u00f3c\u0105 do niej we wrze\u015bniu. Zesp\u00f3\u0142 Szk\u00f3\u0142 Og\u00f3lnokszta\u0142c\u0105cych i Sportowych w Pruszkowie bior\u0105c pod uwag\u0119 specyfik\u0119 szko\u0142y [&hellip;]<\/p>\n","protected":false},"author":2,"featured_media":3806,"comment_status":"closed","ping_status":"open","sticky":false,"template":"","format":"standard","meta":{"footnotes":""},"categories":[9],"tags":[],"class_list":["post-3805","post","type-post","status-publish","format-standard","has-post-thumbnail","hentry","category-edukacja"],"_links":{"self":[{"href":"https:\/\/fleschmazowsza.com.pl\/index.php?rest_route=\/wp\/v2\/posts\/3805","targetHints":{"allow":["GET"]}}],"collection":[{"href":"https:\/\/fleschmazowsza.com.pl\/index.php?rest_route=\/wp\/v2\/posts"}],"about":[{"href":"https:\/\/fleschmazowsza.com.pl\/index.php?rest_route=\/wp\/v2\/types\/post"}],"author":[{"embeddable":true,"href":"https:\/\/fleschmazowsza.com.pl\/index.php?rest_route=\/wp\/v2\/users\/2"}],"replies":[{"embeddable":true,"href":"https:\/\/fleschmazowsza.com.pl\/index.php?rest_route=%2Fwp%2Fv2%2Fcomments&post=3805"}],"version-history":[{"count":1,"href":"https:\/\/fleschmazowsza.com.pl\/index.php?rest_route=\/wp\/v2\/posts\/3805\/revisions"}],"predecessor-version":[{"id":3807,"href":"https:\/\/fleschmazowsza.com.pl\/index.php?rest_route=\/wp\/v2\/posts\/3805\/revisions\/3807"}],"wp:featuredmedia":[{"embeddable":true,"href":"https:\/\/fleschmazowsza.com.pl\/index.php?rest_route=\/wp\/v2\/media\/3806"}],"wp:attachment":[{"href":"https:\/\/fleschmazowsza.com.pl\/index.php?rest_route=%2Fwp%2Fv2%2Fmedia&parent=3805"}],"wp:term":[{"taxonomy":"category","embeddable":true,"href":"https:\/\/fleschmazowsza.com.pl\/index.php?rest_route=%2Fwp%2Fv2%2Fcategories&post=3805"},{"taxonomy":"post_tag","embeddable":true,"href":"https:\/\/fleschmazowsza.com.pl\/index.php?rest_route=%2Fwp%2Fv2%2Ftags&post=3805"}],"curies":[{"name":"wp","href":"https:\/\/api.w.org\/{rel}","templated":true}]}}