{"id":3796,"date":"2020-08-18T14:14:40","date_gmt":"2020-08-18T13:14:40","guid":{"rendered":"http:\/\/fleschmazowsza.com.pl\/?p=3796"},"modified":"2020-08-18T14:14:41","modified_gmt":"2020-08-18T13:14:41","slug":"zalety-krajobrazowe-i-funkcja-ekologiczna","status":"publish","type":"post","link":"https:\/\/fleschmazowsza.com.pl\/?p=3796","title":{"rendered":"Zalety krajobrazowe i funkcja ekologiczna"},"content":{"rendered":"\n<p><strong>W sobot\u0119 1 sierpnia odby\u0142o si\u0119 wsp\u00f3lne sadzenie nowej alei lip w podgrodziskich Radoniach w ul. Centralnej nr 56. Kilkugodzinne wydarzenie, cho\u0107 z istoty swej o zasi\u0119gu lokalnym i zdawa\u0142oby si\u0119 do\u015b\u0107 prozaiczne, okaza\u0142o si\u0119 mie\u0107 jednak nadspodziewanie ciekawy i efektowny przebieg.<\/strong><\/p>\n\n\n\n<p>Prace ogrodnicze wykonywane by\u0142y, m\u00f3wi\u0105c historycznym ju\u017c j\u0119zykiem, w klimacie \u201eczynu spo\u0142ecznego\u201d \u2013 czyli po\u0142\u0105czonymi i zaanga\u017cowanymi si\u0142ami, w prawdziwie wsp\u00f3lnotowej i weso\u0142ej atmosferze. Do dzia\u0142ania przyst\u0105pili lokalni i wyra\u017anie zaprzyja\u017anieni mieszka\u0144cy, ma\u0142\u017ce\u0144stwa, dzieci wszelkiego wieku. Nale\u017cy podkre\u015bli\u0107 zas\u0142ugi kobiet, kt\u00f3rych wsp\u00f3lna i wytrwa\u0142a \u2013 a tak\u017ce urozmaicona nieustann\u0105 konwersacj\u0105 \u2013 praca uwieczniona zosta\u0142a na wybitnie efektownym zdj\u0119ciu.<\/p>\n\n\n\n<p class=\"has-text-align-center\"><strong>Sprawna organizacja<\/strong><\/p>\n\n\n\n<p>Prace zwi\u0105zane z nasadzeniami rozpocz\u0119to przed po\u0142udniem, szcz\u0119\u015bliwie przy przyjaznej, s\u0142onecznej pogodzie. Przebiega\u0142y nadzwyczaj sprawnie, na bazie wcze\u015bniejszych przygotowa\u0144 i wg przyj\u0119tego harmonogramu.<\/p>\n\n\n\n<p>Zag\u0142\u0119bienia pod drzewka w trudniejszej, bo utwardzonej gruzem cz\u0119\u015bci ulicy by\u0142y ju\u017c wykopane. Obok czeka\u0142y imponuj\u0105ce pryzmy nawiezionej ziemi torfowej, dla wzbogacenia gleby. M\u0142ode drzewka lipowe \u2013 w donicach, kilkuletnie, w ilo\u015bci blisko 20 sztuk \u2013 zakupione zosta\u0142y w r\u00f3\u017cnych odmianach, od pospolitszych i tradycyjnych w polskim krajobrazie, do tych o rzadziej spotykanych walorach ozdobnych. Wy\u017csze i ni\u017csze, starsze i m\u0142odsze, z lokalnej podgrodziskiej uprawy.<\/p>\n\n\n\n<p>Dodatkowo przygotowano do sadzenia dwa gatunki bylin, wieloletnich ro\u015blin \u015bredniego pi\u0119tra. Niezb\u0119dne narz\u0119dzia \u2013 szpadle, grabie, taczki, profesjonalny w\u00f3zek do przewo\u017cenia ro\u015blin i jeszcze bardziej profesjonalny zbiornik do podlewania nasadze\u0144 zebran\u0105 deszcz\u00f3wk\u0105 \u2013 zapewnili w\u0142asnym sumptem mieszka\u0144cy.<\/p>\n\n\n\n<p class=\"has-text-align-center\"><strong>Sprawny lider<\/strong><\/p>\n\n\n\n<p>Lider grupy pracuj\u0105cej, pszczelarz, mieszkaniec malowniczego domu z bala Grzegorz Bartosiak zwo\u0142a\u0142 w ulicy kr\u00f3tkie i sprawne zebranie organizacyjne, na kt\u00f3rym rzeczowo przedstawi\u0142 harmonogram prac: impregnacja palik\u00f3w zabezpieczaj\u0105cych, sadzenie drzewek i bylin, zabezpieczanie nasadze\u0144, podlewanie zebran\u0105 deszcz\u00f3wk\u0105. A tak\u017ce monta\u017c siatki i drutu na istniej\u0105cych ju\u017c metalowych s\u0142upkach, w celu podparcia dotychczas p\u0142o\u017c\u0105cego si\u0119 dziko po ziemi winobluszczu.<\/p>\n\n\n\n<p>Wszyscy ogrodnicy zaproszeni zostali do korzystania z pocz\u0119stunku o domowym i ekologicznym charakterze \u2013 chleba z past\u0105 z soczewicy i ukiszonymi og\u00f3rkami, ciasta i soku z wi\u015bni, lemoniady i bloku czekoladowego w\u0142asnej roboty.<\/p>\n\n\n\n<p class=\"has-text-align-center\"><strong>Miododajne i lecznicze<\/strong><\/p>\n\n\n\n<p>Efekty pracy zespo\u0142owej wy\u0142ania\u0142y si\u0119 zadziwiaj\u0105co szybko, szpaler m\u0142odych drzewek wyd\u0142u\u017ca\u0142 si\u0119, elegancko zagrabiona przez panie ziemia torfowa wyznacza\u0142a granice nasadze\u0144.<\/p>\n\n\n\n<p>To przecie\u017c jednak nie koniec \u2013 ka\u017cdy, kto kiedykolwiek zwr\u00f3ci\u0142 uwag\u0119 na pi\u0119kno wizualne starszych alej lipowych, bez trudu wyobrazi sobie lokalny krajobraz w przysz\u0142o\u015bci, gdy lipy si\u0119 rozrosn\u0105.<\/p>\n\n\n\n<p>Co wi\u0119cej, obok wspania\u0142ych zalet krajobrazowych szpalery lip maj\u0105 r\u00f3wnie\u017c niezast\u0105pion\u0105 funkcj\u0119 ekologiczn\u0105. Lipy to przecie\u017c jedne z bardziej d\u0142ugowiecznych drzew, o g\u0119stych koronach daj\u0105cych skuteczne naturalne zacienienie przegrzanej ziemi. To r\u00f3wnie\u017c, jak wiadomo, drzewa o wyj\u0105tkowo miododajnych i zarazem leczniczych kwiatostanach. Z jednej strony stanowi\u0105 wi\u0119c wa\u017cny po\u017cytek dla zagro\u017conej dzi\u015b populacji pszcz\u00f3\u0142, z drugiej za\u015b strony mi\u00f3d lipowy ma wysokie i nieocenione, bo naturalne, walory zdrowotne dla ludzi. Pszczo\u0142y z lokalnych pasiek zyskaj\u0105 wi\u0119c odpowiednie \u015brodowisko.<\/p>\n\n\n\n<p class=\"has-text-align-center\"><strong>Oddolna inicjatywa z dofinansowaniem<\/strong><\/p>\n\n\n\n<p>Akcja nasadze\u0144 \u201eAleja lip \u2013 rozw\u00f3j po\u017cytk\u00f3w dla pszcz\u00f3\u0142 oraz pi\u0119kno dla mieszka\u0144c\u00f3w ulicy\u201d dofinansowana zosta\u0142a ze \u015brodk\u00f3w programu Fundusz Inicjatyw Obywatelskich oraz z bud\u017cetu Wojew\u00f3dztwa Mazowieckiego (w ramach projektu Mazowsze Lokalnie realizowanego przez Stowarzyszenie Europa i My, Stowarzyszenie BORIS, Stowarzyszenie SOKiAL oraz Fundacj\u0119 Fundusz Wsp\u00f3\u0142pracy).<\/p>\n\n\n\n<p>Daniel Pr\u0119dkopowicz ze Stowarzyszenia Europa i My osobi\u015bcie wzi\u0105\u0142 wyt\u0119\u017cony udzia\u0142 w pracach ogrodniczych, przybywaj\u0105c w asy\u015bcie rodziny oraz zdyscyplinowanego psa i z w\u0142asnymi taczkami, wspieraj\u0105c te\u017c przedsi\u0119wzi\u0119cie dobrym humorem i nieustaj\u0105cym zaanga\u017cowaniem.<\/p>\n\n\n\n<p class=\"has-text-align-right\">Tekst i foto: <strong>Sylwia Pa\u0144k\u00f3w<\/strong><\/p>\n","protected":false},"excerpt":{"rendered":"<p>W sobot\u0119 1 sierpnia odby\u0142o si\u0119 wsp\u00f3lne sadzenie nowej alei lip w podgrodziskich Radoniach w ul. Centralnej nr 56. Kilkugodzinne wydarzenie, cho\u0107 z istoty swej o zasi\u0119gu lokalnym i zdawa\u0142oby si\u0119 do\u015b\u0107 prozaiczne, okaza\u0142o si\u0119 mie\u0107 jednak nadspodziewanie ciekawy i efektowny przebieg. Prace ogrodnicze wykonywane by\u0142y, m\u00f3wi\u0105c historycznym ju\u017c j\u0119zykiem, w klimacie \u201eczynu spo\u0142ecznego\u201d \u2013 [&hellip;]<\/p>\n","protected":false},"author":2,"featured_media":3797,"comment_status":"closed","ping_status":"open","sticky":false,"template":"","format":"standard","meta":{"footnotes":""},"categories":[8],"tags":[],"class_list":["post-3796","post","type-post","status-publish","format-standard","has-post-thumbnail","hentry","category-roznosci"],"_links":{"self":[{"href":"https:\/\/fleschmazowsza.com.pl\/index.php?rest_route=\/wp\/v2\/posts\/3796","targetHints":{"allow":["GET"]}}],"collection":[{"href":"https:\/\/fleschmazowsza.com.pl\/index.php?rest_route=\/wp\/v2\/posts"}],"about":[{"href":"https:\/\/fleschmazowsza.com.pl\/index.php?rest_route=\/wp\/v2\/types\/post"}],"author":[{"embeddable":true,"href":"https:\/\/fleschmazowsza.com.pl\/index.php?rest_route=\/wp\/v2\/users\/2"}],"replies":[{"embeddable":true,"href":"https:\/\/fleschmazowsza.com.pl\/index.php?rest_route=%2Fwp%2Fv2%2Fcomments&post=3796"}],"version-history":[{"count":1,"href":"https:\/\/fleschmazowsza.com.pl\/index.php?rest_route=\/wp\/v2\/posts\/3796\/revisions"}],"predecessor-version":[{"id":3798,"href":"https:\/\/fleschmazowsza.com.pl\/index.php?rest_route=\/wp\/v2\/posts\/3796\/revisions\/3798"}],"wp:featuredmedia":[{"embeddable":true,"href":"https:\/\/fleschmazowsza.com.pl\/index.php?rest_route=\/wp\/v2\/media\/3797"}],"wp:attachment":[{"href":"https:\/\/fleschmazowsza.com.pl\/index.php?rest_route=%2Fwp%2Fv2%2Fmedia&parent=3796"}],"wp:term":[{"taxonomy":"category","embeddable":true,"href":"https:\/\/fleschmazowsza.com.pl\/index.php?rest_route=%2Fwp%2Fv2%2Fcategories&post=3796"},{"taxonomy":"post_tag","embeddable":true,"href":"https:\/\/fleschmazowsza.com.pl\/index.php?rest_route=%2Fwp%2Fv2%2Ftags&post=3796"}],"curies":[{"name":"wp","href":"https:\/\/api.w.org\/{rel}","templated":true}]}}