{"id":3781,"date":"2020-07-31T13:24:26","date_gmt":"2020-07-31T12:24:26","guid":{"rendered":"http:\/\/fleschmazowsza.com.pl\/?p=3781"},"modified":"2020-07-31T13:24:26","modified_gmt":"2020-07-31T12:24:26","slug":"legia-training-center-otwarte","status":"publish","type":"post","link":"https:\/\/fleschmazowsza.com.pl\/?p=3781","title":{"rendered":"Legia Training Center otwarte"},"content":{"rendered":"\n<p><strong>20 lipca odby\u0142o si\u0119 uroczyste otwarcie obiektu Legia Training Center w Ksi\u0105\u017cenicach. W oficjalnym bankiecie rozpoczynaj\u0105cym nowy etap dzia\u0142alno\u015bci Akademii Pi\u0142karskiej Legii Warszawa uczestniczyli wojskowi, zarz\u0105d klubu, burmistrz Grodziska Mazowieckiego, przedstawiciele rz\u0105du, a tak\u017ce sami pi\u0142karze Legii.<\/strong><\/p>\n\n\n\n<p>Najwa\u017cniejszym punktem uroczystego otwarcia obiektu by\u0142a obecno\u015b\u0107 Mistrz\u00f3w Polski, kt\u00f3rzy przybyli z wywalczonym pucharem. Kapitan zespo\u0142u, Artur J\u0119drzejczyk umie\u015bci\u0142 nagrod\u0119 w honorowym miejscu. Gratulacje dru\u017cynie przekaza\u0142a minister sportu, Danuta Dmowska-Andrzejuk.<\/p>\n\n\n\n<p>\u2013ciesz\u0119 si\u0119, \u017ce mog\u0119 tu dzisiaj by\u0107 \u2013 m\u00f3wi\u0142 trener Legii Warszawa, Aleksandar Vukovi\u0107. \u2013 2001 rok to nie tylko czas narodzin Micha\u0142a Karbownika czy Ma\u0107ka Roso\u0142ka, ale moment, w kt\u00f3rym przyszed\u0142em do Legii. Ju\u017c wtedy czu\u0142em, \u017ce to wielki klub, kt\u00f3remu jednak brakowa\u0142o pewnych rzeczy. Z czasem przysz\u0142y trofea, pojawi\u0142 si\u0119 stadion, a teraz dochodzi do tego jeszcze budowa tak kapitalnego o\u015brodka. Mog\u0119 powiedzie\u0107 jak kr\u00f3l Polski, Kazimierz Wielki: Zasta\u0142em Legi\u0119 drewnian\u0105, a zostawiam murowan\u0105 \u2013 \u017cartowa\u0142.<\/p>\n\n\n\n<p>Prace nad budow\u0105 obiektu trwa\u0142y ponad rok. Przypomnijmy, \u017ce Legi\u0119 Training Center stanowi 8 boisk, strefa pierwszej dru\u017cyny (szatnie, si\u0142ownia, powierzchnie treningowe, strefa wypoczynku \u2013 player\u2019s lounge, sale konferencyjne, gabinety medyczne i lekarskie, cz\u0119\u015b\u0107 hotelowa z 24 pokojami o standardzie 4 gwiazdkowym), Akademia Pi\u0142karska (szatnie, si\u0142ownia, powierzchnie treningowe, sale lekcyjne, bursa dla zawodnik\u00f3w w wieku 13-18 lat), biura poszczeg\u00f3lnych dzia\u0142\u00f3w klubu, Centrum Badawczo-Rozwojowe Legia Lab, a tak\u017ce og\u00f3lnodost\u0119pna infrastruktura rekreacyjno-sportowa dla mieszka\u0144c\u00f3w, kt\u00f3ra b\u0119dzie popularyzowa\u0142a aktywny, zdrowy tryb \u017cycia.<\/p>\n\n\n\n<p class=\"has-text-align-right\"><strong>Aneta Czarnecka,<\/strong><br>Fot.: <em><strong>legia.com<\/strong><\/em><\/p>\n","protected":false},"excerpt":{"rendered":"<p>20 lipca odby\u0142o si\u0119 uroczyste otwarcie obiektu Legia Training Center w Ksi\u0105\u017cenicach. W oficjalnym bankiecie rozpoczynaj\u0105cym nowy etap dzia\u0142alno\u015bci Akademii Pi\u0142karskiej Legii Warszawa uczestniczyli wojskowi, zarz\u0105d klubu, burmistrz Grodziska Mazowieckiego, przedstawiciele rz\u0105du, a tak\u017ce sami pi\u0142karze Legii. Najwa\u017cniejszym punktem uroczystego otwarcia obiektu by\u0142a obecno\u015b\u0107 Mistrz\u00f3w Polski, kt\u00f3rzy przybyli z wywalczonym pucharem. Kapitan zespo\u0142u, Artur J\u0119drzejczyk [&hellip;]<\/p>\n","protected":false},"author":2,"featured_media":3782,"comment_status":"closed","ping_status":"open","sticky":false,"template":"","format":"standard","meta":{"footnotes":""},"categories":[4],"tags":[],"class_list":["post-3781","post","type-post","status-publish","format-standard","has-post-thumbnail","hentry","category-sport"],"_links":{"self":[{"href":"https:\/\/fleschmazowsza.com.pl\/index.php?rest_route=\/wp\/v2\/posts\/3781","targetHints":{"allow":["GET"]}}],"collection":[{"href":"https:\/\/fleschmazowsza.com.pl\/index.php?rest_route=\/wp\/v2\/posts"}],"about":[{"href":"https:\/\/fleschmazowsza.com.pl\/index.php?rest_route=\/wp\/v2\/types\/post"}],"author":[{"embeddable":true,"href":"https:\/\/fleschmazowsza.com.pl\/index.php?rest_route=\/wp\/v2\/users\/2"}],"replies":[{"embeddable":true,"href":"https:\/\/fleschmazowsza.com.pl\/index.php?rest_route=%2Fwp%2Fv2%2Fcomments&post=3781"}],"version-history":[{"count":1,"href":"https:\/\/fleschmazowsza.com.pl\/index.php?rest_route=\/wp\/v2\/posts\/3781\/revisions"}],"predecessor-version":[{"id":3783,"href":"https:\/\/fleschmazowsza.com.pl\/index.php?rest_route=\/wp\/v2\/posts\/3781\/revisions\/3783"}],"wp:featuredmedia":[{"embeddable":true,"href":"https:\/\/fleschmazowsza.com.pl\/index.php?rest_route=\/wp\/v2\/media\/3782"}],"wp:attachment":[{"href":"https:\/\/fleschmazowsza.com.pl\/index.php?rest_route=%2Fwp%2Fv2%2Fmedia&parent=3781"}],"wp:term":[{"taxonomy":"category","embeddable":true,"href":"https:\/\/fleschmazowsza.com.pl\/index.php?rest_route=%2Fwp%2Fv2%2Fcategories&post=3781"},{"taxonomy":"post_tag","embeddable":true,"href":"https:\/\/fleschmazowsza.com.pl\/index.php?rest_route=%2Fwp%2Fv2%2Ftags&post=3781"}],"curies":[{"name":"wp","href":"https:\/\/api.w.org\/{rel}","templated":true}]}}