{"id":3778,"date":"2020-07-31T13:19:04","date_gmt":"2020-07-31T12:19:04","guid":{"rendered":"http:\/\/fleschmazowsza.com.pl\/?p=3778"},"modified":"2020-07-31T13:19:06","modified_gmt":"2020-07-31T12:19:06","slug":"na-urlop-kolejami-mazowieckimi","status":"publish","type":"post","link":"https:\/\/fleschmazowsza.com.pl\/?p=3778","title":{"rendered":"Na urlop Kolejami Mazowieckimi"},"content":{"rendered":"\n<p><strong>Pocz\u0105tek wakacji ju\u017c za nami. W tym wspania\u0142ym dla wszystkich sezonie urlopowo-wyjazdowym przypominamy, \u017ce od 1 lipca do 31 sierpnia 2020 r. dzia\u0142a specjalna oferta Kolei Mazowieckich. Tzw. Bilet Turysty jest z pewno\u015bci\u0105 ciekaw\u0105 propozycj\u0105 dla tych, kt\u00f3rzy lubi\u0105 zwiedza\u0107 podr\u00f3\u017cuj\u0105c poci\u0105gami KM.<\/strong><\/p>\n\n\n\n<p>W tym roku kolejny raz ruszy\u0142a promocja \u2013 Bilet\u00f3w Turysty. Jest to sieciowy imienny bilet, kt\u00f3ry uprawnia do nieograniczonej liczby przejazd\u00f3w poci\u0105gami KM przez 3 dowolnie wybrane dni w terminie wa\u017cno\u015bci biletu na obszarze ograniczonym stacjami: Skierniewice, Kutno, Sierpc, Dzia\u0142dowo, Ostro\u0142\u0119ka, Ma\u0142kinia, Czeremcha, \u0141uk\u00f3w, D\u0119blin, Skar\u017cysko-Kamienna, Drzewica. Bilet jest wa\u017cny 10 dni od momentu wydania lub wskazanej przez turyst\u0119 daty. Do biletu do\u0142\u0105czony jest karnet, na kt\u00f3rym legalizuje si\u0119 poszczeg\u00f3lne dni podr\u00f3\u017cy. Mo\u017cna to zrobi\u0107 w kasie biletowej oraz u kierownika poci\u0105gu KM.<\/p>\n\n\n\n<p>Bilety Turysty mo\u017cna naby\u0107 od 1 lipca zar\u00f3wno w kasach biletowych, jak r\u00f3wnie\u017c z biletomatach. Cena takiego biletu wynosi 67 z\u0142. Wi\u0119cej szczeg\u00f3\u0142\u00f3w oraz zasady korzystania z oferty mo\u017cna znale\u017a\u0107 na stronie Kolei Mazowieckich: https:\/\/turysta.mazowieckie.com.pl\/#site oraz pod numerem call center 22 364 44 44.<\/p>\n\n\n\n<p>Ponadto przy okazji zakupu Biletu Turysty otrzymujemy zni\u017ck\u0119 na bilety wst\u0119pu do plac\u00f3wek partnerskich dzi\u0119ki akcji Kolej\u0105 do Kultury. Lista partner\u00f3w wraz z informacj\u0105 o wysoko\u015bci zni\u017cek znajduje si\u0119 na stronie internetowej: https:\/\/dokultury.mazowieckie.com.pl\/.<\/p>\n\n\n\n<p class=\"has-text-align-right\"><strong>(a)<\/strong>, Fot.: <em><strong>mazowieckie.com.pl<\/strong><\/em><\/p>\n","protected":false},"excerpt":{"rendered":"<p>Pocz\u0105tek wakacji ju\u017c za nami. W tym wspania\u0142ym dla wszystkich sezonie urlopowo-wyjazdowym przypominamy, \u017ce od 1 lipca do 31 sierpnia 2020 r. dzia\u0142a specjalna oferta Kolei Mazowieckich. Tzw. Bilet Turysty jest z pewno\u015bci\u0105 ciekaw\u0105 propozycj\u0105 dla tych, kt\u00f3rzy lubi\u0105 zwiedza\u0107 podr\u00f3\u017cuj\u0105c poci\u0105gami KM. W tym roku kolejny raz ruszy\u0142a promocja \u2013 Bilet\u00f3w Turysty. Jest to [&hellip;]<\/p>\n","protected":false},"author":2,"featured_media":3779,"comment_status":"closed","ping_status":"open","sticky":false,"template":"","format":"standard","meta":{"footnotes":""},"categories":[8],"tags":[],"class_list":["post-3778","post","type-post","status-publish","format-standard","has-post-thumbnail","hentry","category-roznosci"],"_links":{"self":[{"href":"https:\/\/fleschmazowsza.com.pl\/index.php?rest_route=\/wp\/v2\/posts\/3778","targetHints":{"allow":["GET"]}}],"collection":[{"href":"https:\/\/fleschmazowsza.com.pl\/index.php?rest_route=\/wp\/v2\/posts"}],"about":[{"href":"https:\/\/fleschmazowsza.com.pl\/index.php?rest_route=\/wp\/v2\/types\/post"}],"author":[{"embeddable":true,"href":"https:\/\/fleschmazowsza.com.pl\/index.php?rest_route=\/wp\/v2\/users\/2"}],"replies":[{"embeddable":true,"href":"https:\/\/fleschmazowsza.com.pl\/index.php?rest_route=%2Fwp%2Fv2%2Fcomments&post=3778"}],"version-history":[{"count":1,"href":"https:\/\/fleschmazowsza.com.pl\/index.php?rest_route=\/wp\/v2\/posts\/3778\/revisions"}],"predecessor-version":[{"id":3780,"href":"https:\/\/fleschmazowsza.com.pl\/index.php?rest_route=\/wp\/v2\/posts\/3778\/revisions\/3780"}],"wp:featuredmedia":[{"embeddable":true,"href":"https:\/\/fleschmazowsza.com.pl\/index.php?rest_route=\/wp\/v2\/media\/3779"}],"wp:attachment":[{"href":"https:\/\/fleschmazowsza.com.pl\/index.php?rest_route=%2Fwp%2Fv2%2Fmedia&parent=3778"}],"wp:term":[{"taxonomy":"category","embeddable":true,"href":"https:\/\/fleschmazowsza.com.pl\/index.php?rest_route=%2Fwp%2Fv2%2Fcategories&post=3778"},{"taxonomy":"post_tag","embeddable":true,"href":"https:\/\/fleschmazowsza.com.pl\/index.php?rest_route=%2Fwp%2Fv2%2Ftags&post=3778"}],"curies":[{"name":"wp","href":"https:\/\/api.w.org\/{rel}","templated":true}]}}