{"id":3772,"date":"2020-07-31T12:57:21","date_gmt":"2020-07-31T11:57:21","guid":{"rendered":"http:\/\/fleschmazowsza.com.pl\/?p=3772"},"modified":"2020-07-31T12:57:22","modified_gmt":"2020-07-31T11:57:22","slug":"teznia-solankowa-w-borzecinie-duzym","status":"publish","type":"post","link":"https:\/\/fleschmazowsza.com.pl\/?p=3772","title":{"rendered":"T\u0119\u017cnia solankowa w  Borz\u0119cinie Du\u017cym"},"content":{"rendered":"\n<p><strong>W lipcu zosta\u0142a uruchomiona t\u0119\u017cnia solankowa w Borz\u0119cinie Du\u017cym w gminie Stare Babice. Powsta\u0142a z funduszy so\u0142eckich Borz\u0119cina Du\u017cego i Borz\u0119cina Ma\u0142ego. Mikroklimat tworzony wok\u00f3\u0142 t\u0119\u017cni zbli\u017cony jest do nadmorskiego.<\/strong><\/p>\n\n\n\n<p>Inhalacje solankowe dostarczaj\u0105 wielu niezb\u0119dnych mikroelement\u00f3w, pomagaj\u0105 odzyska\u0107 r\u00f3wnowag\u0119 organizmowi i skutecznie walczy\u0107 z wieloma chorobami.<\/p>\n\n\n\n<p>Mikroklimat, kt\u00f3ry wytwarza si\u0119 dzi\u0119ki t\u0119\u017cni, zbli\u017cony jest do klimatu, kt\u00f3rym mo\u017cemy cieszy\u0107 si\u0119 podczas wakacji nad morzem. Oddychanie przez godzin\u0119 powietrzem nasyconym solankowym aerozolem sprawia, \u017ce dawka jodu jak\u0105 poch\u0142aniamy, jest r\u00f3wna dawce przyj\u0119tej w ci\u0105gu trzech dni pla\u017cowania.<\/p>\n\n\n\n<p>Jod odpowiada m.in. za prawid\u0142owe funkcjonowanie tarczycy, powoduje tak\u017ce rozrzedzenie \u015bluzu, co szczeg\u00f3lnie doceni\u0105 osoby zmagaj\u0105ce si\u0119 z chorobami g\u00f3rnych dr\u00f3g oddechowych. Na ich problemy skutecznie zadzia\u0142a r\u00f3wnie\u017c brom, kt\u00f3ry rozszerza oskrzela. Natomiast wap\u0144 zawarty w aerozolu solanki wykazuje w\u0142a\u015bciwo\u015bci antyalergiczne.<\/p>\n\n\n\n<p>T\u0119\u017cnia ta powsta\u0142a z funduszy so\u0142eckich Borz\u0119cina Du\u017cego i Borz\u0119cina Ma\u0142ego. W najbli\u017cszym czasie wok\u00f3\u0142 t\u0119\u017cni zostan\u0105 zamontowane \u0142awki, tak by mieszka\u0144cy mogli wygodnie za\u017cywa\u0107 inhalacji solankowych.<\/p>\n\n\n\n<p>W nawi\u0105zaniu do obecnej sytuacji epidemicznej, serdecznie prosimy o zachowanie nale\u017cytej odleg\u0142o\u015bci podczas korzystania z t\u0119\u017cni.<\/p>\n\n\n\n<p class=\"has-text-align-right\"><strong>(mg)<\/strong> na podstawie Serwisu samorz\u0105dowego PAP<br>Fot. <em><strong>Stare-Babice.pl<\/strong><\/em><\/p>\n","protected":false},"excerpt":{"rendered":"<p>W lipcu zosta\u0142a uruchomiona t\u0119\u017cnia solankowa w Borz\u0119cinie Du\u017cym w gminie Stare Babice. Powsta\u0142a z funduszy so\u0142eckich Borz\u0119cina Du\u017cego i Borz\u0119cina Ma\u0142ego. Mikroklimat tworzony wok\u00f3\u0142 t\u0119\u017cni zbli\u017cony jest do nadmorskiego. Inhalacje solankowe dostarczaj\u0105 wielu niezb\u0119dnych mikroelement\u00f3w, pomagaj\u0105 odzyska\u0107 r\u00f3wnowag\u0119 organizmowi i skutecznie walczy\u0107 z wieloma chorobami. Mikroklimat, kt\u00f3ry wytwarza si\u0119 dzi\u0119ki t\u0119\u017cni, zbli\u017cony jest do [&hellip;]<\/p>\n","protected":false},"author":2,"featured_media":3773,"comment_status":"closed","ping_status":"open","sticky":false,"template":"","format":"standard","meta":{"footnotes":""},"categories":[8],"tags":[],"class_list":["post-3772","post","type-post","status-publish","format-standard","has-post-thumbnail","hentry","category-roznosci"],"_links":{"self":[{"href":"https:\/\/fleschmazowsza.com.pl\/index.php?rest_route=\/wp\/v2\/posts\/3772","targetHints":{"allow":["GET"]}}],"collection":[{"href":"https:\/\/fleschmazowsza.com.pl\/index.php?rest_route=\/wp\/v2\/posts"}],"about":[{"href":"https:\/\/fleschmazowsza.com.pl\/index.php?rest_route=\/wp\/v2\/types\/post"}],"author":[{"embeddable":true,"href":"https:\/\/fleschmazowsza.com.pl\/index.php?rest_route=\/wp\/v2\/users\/2"}],"replies":[{"embeddable":true,"href":"https:\/\/fleschmazowsza.com.pl\/index.php?rest_route=%2Fwp%2Fv2%2Fcomments&post=3772"}],"version-history":[{"count":1,"href":"https:\/\/fleschmazowsza.com.pl\/index.php?rest_route=\/wp\/v2\/posts\/3772\/revisions"}],"predecessor-version":[{"id":3774,"href":"https:\/\/fleschmazowsza.com.pl\/index.php?rest_route=\/wp\/v2\/posts\/3772\/revisions\/3774"}],"wp:featuredmedia":[{"embeddable":true,"href":"https:\/\/fleschmazowsza.com.pl\/index.php?rest_route=\/wp\/v2\/media\/3773"}],"wp:attachment":[{"href":"https:\/\/fleschmazowsza.com.pl\/index.php?rest_route=%2Fwp%2Fv2%2Fmedia&parent=3772"}],"wp:term":[{"taxonomy":"category","embeddable":true,"href":"https:\/\/fleschmazowsza.com.pl\/index.php?rest_route=%2Fwp%2Fv2%2Fcategories&post=3772"},{"taxonomy":"post_tag","embeddable":true,"href":"https:\/\/fleschmazowsza.com.pl\/index.php?rest_route=%2Fwp%2Fv2%2Ftags&post=3772"}],"curies":[{"name":"wp","href":"https:\/\/api.w.org\/{rel}","templated":true}]}}