{"id":3769,"date":"2020-07-31T12:39:04","date_gmt":"2020-07-31T11:39:04","guid":{"rendered":"http:\/\/fleschmazowsza.com.pl\/?p=3769"},"modified":"2020-07-31T12:39:05","modified_gmt":"2020-07-31T11:39:05","slug":"uczta-dla-wszystkich-naszych-zmyslow","status":"publish","type":"post","link":"https:\/\/fleschmazowsza.com.pl\/?p=3769","title":{"rendered":"Uczta dla wszystkich naszych zmys\u0142\u00f3w"},"content":{"rendered":"\n<p><strong>Do arboretum w Rogowie dojazd samochodem zajmie ok. godzin\u0119. Naprawd\u0119 warto pojecha\u0107 \u2013 to ogromny zadrzewiony teren, ni to las, ni to park, gdzie mo\u017cna si\u0119 naspacerowa\u0107 do granic satysfakcji, wyciszy\u0107 a\u017c do kontemplacji, nawdycha\u0107 \u015bwiadomie wspania\u0142ego powietrza. Je\u015bli kogo\u015b interesuje dendrologia i pomniejsza flora \u2013 wyedukuje si\u0119 na rozlicznych przyk\u0142adach.<\/strong><\/p>\n\n\n\n<p>Spacer po arboretum mo\u017ce by\u0107 bardzo d\u0142ugi, a ju\u017c zw\u0142aszcza je\u015bli zapu\u015bcimy si\u0119 w alejki boczne, przecinaj\u0105ce g\u0142\u00f3wne. \u0141atwo si\u0119 malowniczo zagubi\u0107, spaceruje si\u0119 swobodnie, gdzie nas fantazja poniesie, przed siebie.<\/p>\n\n\n\n<p>Mo\u017cna te\u017c spacerowa\u0107 bardziej \u201eprofesjonalnie\u201d z audioprzewodnikiem. Na ca\u0142ej trasie napotkamy tabliczki z opisami okaz\u00f3w, jednak wielopi\u0119trowa przyroda jest tu tak wszechogarniaj\u0105ca, tak anga\u017cuje zmys\u0142y, \u017ce elementy informacyjne odbieramy jako dyskretne, nie zak\u0142\u00f3caj\u0105ce naturalno\u015bci.<\/p>\n\n\n\n<p class=\"has-text-align-center\"><strong>Zr\u00f3\u017cnicowany, wielki las<\/strong><\/p>\n\n\n\n<p>Spacerujemy po prostu po wielkim, wspania\u0142ym lesie, ale o niepor\u00f3wnanie bardziej zr\u00f3\u017cnicowanej szacie ro\u015blinnej ni\u017c w lesie typowo polskim.<\/p>\n\n\n\n<p>Rosn\u0105 tu drzewa i krzewy pochodz\u0105ce ze \u015bwiata i czuje si\u0119 to przemieszanie rodzimego drzewostanu z egzotyk\u0105 \u2013 od czasu do czasu zauwa\u017cymy pnie o nietypowej fakturze lub barwie, albo zdziwi\u0105 nas kszta\u0142ty li\u015bci. Korony drzew si\u0119gaj\u0105 nad wyraz wysoko, bo drzewostan wyr\u00f3s\u0142 tu ogromny. Przenikaj\u0105ce si\u0119 pi\u0119tra ro\u015blinno\u015bci czasem daj\u0105 wra\u017cenie przebywania w dziwnym \u201eparku jurajskim\u201d.<\/p>\n\n\n\n<p>Urzekaj\u0105 te\u017c znajome drobiazgi, np. naturalna alejka, gdzie pod stopami mamy listki koniczyny albo druga \u2013 gdzie staramy si\u0119 nie zadepta\u0107 li\u015bci babki, kt\u00f3rych pe\u0142no pod nogami.<\/p>\n\n\n\n<p class=\"has-text-align-center\"><strong>Gra \u015bwiat\u0142a, zapachy i odg\u0142osy<\/strong><\/p>\n\n\n\n<p>W s\u0142oneczny dzie\u0144 w arboretum jest mn\u00f3stwo i \u015bwiat\u0142a, i cienia.<\/p>\n\n\n\n<p>Zaskakuj\u0105ce s\u0105 tu zapachy \u2013 oddychamy w \u015bwietnym mikroklimacie pe\u0142n\u0105 piersi\u0105 i nagle mamy wra\u017cenie, jakby owion\u0105\u0142 nas zapach nadmorskich sosen, a gdzie indziej czujemy zapach wyrafinowanych perfum. Co jest o tyle dziwne, \u017ce akurat w otoczeniu nie wida\u0107 \u017cadnych kwiatostan\u00f3w i nie spos\u00f3b zidentyfikowa\u0107 ro\u015bliny, kt\u00f3ra tak czarodziejsko pachnie.<\/p>\n\n\n\n<p>Trwa dyskretny \u015bpiew ptak\u00f3w i jednocze\u015bnie poszum wiatru, i bodaj\u017ce co godzin\u0119 (przynajmniej w niedziel\u0119) s\u0142ycha\u0107 dzwony z ko\u015bcio\u0142a w Rogowie.<\/p>\n\n\n\n<p>Czasem s\u0142ycha\u0107 te\u017c przeje\u017cd\u017caj\u0105cy przez Rog\u00f3w poci\u0105g i to \u015bwietna dla nas wskaz\u00f3wka, gdy chcemy ju\u017c wraca\u0107 \u2013 id\u0105c za tym d\u017awi\u0119kiem trafimy w rejony, gdzie s\u0105 spacerowicze trzymaj\u0105cy si\u0119 bli\u017cej wej\u015bcia (a wi\u0119c i wyj\u015bcia).<\/p>\n\n\n\n<p class=\"has-text-align-center\"><strong>Zaspokojenie zmys\u0142\u00f3w<\/strong><\/p>\n\n\n\n<p>Przyroda w arboretum na tyle absorbuje co krok uwag\u0119, \u017ce \u2013 cho\u0107 spaceruj\u0105 tu z regu\u0142y rodziny lub pary \u2013 z powodzeniem mo\u017cna spacerowa\u0107 w samotno\u015bci, nastawiaj\u0105c si\u0119 na kontakt wy\u0142\u0105cznie z natur\u0105, nastroiwszy do niej wszystkie zmys\u0142y.<\/p>\n\n\n\n<p>Jest bezpiecznie, teren jest ogrodzony, ludzie s\u0105 nieopodal, bo czasem si\u0119 ich spotka i czasem us\u0142yszy. Przy wej\u015bciu s\u0105 budynki Szko\u0142y G\u0142\u00f3wnej Gospodarstwa Wiejskiego w Warszawie, bo to ona zarz\u0105dza arboretum, tablice informacyjne, Muzeum Lasu i Drewna, kasa zakupu bilet\u00f3w.<\/p>\n\n\n\n<p>S\u0105 dwa punkty gastronomiczne (barek z kuchni\u0105 polow\u0105 oraz restauracja), sklepik spo\u017cywczy, toalety. Jest te\u017c outlet ro\u015blin, w kt\u00f3rym mo\u017cna zakupi\u0107 egzemplarze zapewne wysokiej jako\u015bci, skoro pochodz\u0105 z upraw SGGW.<\/p>\n\n\n\n<p class=\"has-text-align-right\">Tekst i foto: <strong>Sylwia Pa\u0144k\u00f3w<\/strong><\/p>\n\n\n\n<p>Szczeg\u00f3\u0142owe informacje:<\/p>\n\n\n\n<figure class=\"wp-block-embed\"><div class=\"wp-block-embed__wrapper\">\nhttp:\/\/arboretum.sggw.pl\/\n<\/div><\/figure>\n\n\n\n<figure class=\"wp-block-embed-facebook wp-block-embed\"><div class=\"wp-block-embed__wrapper\">\nhttps:\/\/www.facebook.com\/Arboretum.w.Rogowie\/\n<\/div><\/figure>\n\n\n\n<p><\/p>\n","protected":false},"excerpt":{"rendered":"<p>Do arboretum w Rogowie dojazd samochodem zajmie ok. godzin\u0119. Naprawd\u0119 warto pojecha\u0107 \u2013 to ogromny zadrzewiony teren, ni to las, ni to park, gdzie mo\u017cna si\u0119 naspacerowa\u0107 do granic satysfakcji, wyciszy\u0107 a\u017c do kontemplacji, nawdycha\u0107 \u015bwiadomie wspania\u0142ego powietrza. Je\u015bli kogo\u015b interesuje dendrologia i pomniejsza flora \u2013 wyedukuje si\u0119 na rozlicznych przyk\u0142adach. Spacer po arboretum mo\u017ce [&hellip;]<\/p>\n","protected":false},"author":2,"featured_media":3770,"comment_status":"closed","ping_status":"open","sticky":false,"template":"","format":"standard","meta":{"footnotes":""},"categories":[9],"tags":[],"class_list":["post-3769","post","type-post","status-publish","format-standard","has-post-thumbnail","hentry","category-edukacja"],"_links":{"self":[{"href":"https:\/\/fleschmazowsza.com.pl\/index.php?rest_route=\/wp\/v2\/posts\/3769","targetHints":{"allow":["GET"]}}],"collection":[{"href":"https:\/\/fleschmazowsza.com.pl\/index.php?rest_route=\/wp\/v2\/posts"}],"about":[{"href":"https:\/\/fleschmazowsza.com.pl\/index.php?rest_route=\/wp\/v2\/types\/post"}],"author":[{"embeddable":true,"href":"https:\/\/fleschmazowsza.com.pl\/index.php?rest_route=\/wp\/v2\/users\/2"}],"replies":[{"embeddable":true,"href":"https:\/\/fleschmazowsza.com.pl\/index.php?rest_route=%2Fwp%2Fv2%2Fcomments&post=3769"}],"version-history":[{"count":1,"href":"https:\/\/fleschmazowsza.com.pl\/index.php?rest_route=\/wp\/v2\/posts\/3769\/revisions"}],"predecessor-version":[{"id":3771,"href":"https:\/\/fleschmazowsza.com.pl\/index.php?rest_route=\/wp\/v2\/posts\/3769\/revisions\/3771"}],"wp:featuredmedia":[{"embeddable":true,"href":"https:\/\/fleschmazowsza.com.pl\/index.php?rest_route=\/wp\/v2\/media\/3770"}],"wp:attachment":[{"href":"https:\/\/fleschmazowsza.com.pl\/index.php?rest_route=%2Fwp%2Fv2%2Fmedia&parent=3769"}],"wp:term":[{"taxonomy":"category","embeddable":true,"href":"https:\/\/fleschmazowsza.com.pl\/index.php?rest_route=%2Fwp%2Fv2%2Fcategories&post=3769"},{"taxonomy":"post_tag","embeddable":true,"href":"https:\/\/fleschmazowsza.com.pl\/index.php?rest_route=%2Fwp%2Fv2%2Ftags&post=3769"}],"curies":[{"name":"wp","href":"https:\/\/api.w.org\/{rel}","templated":true}]}}