{"id":3761,"date":"2020-07-24T08:26:25","date_gmt":"2020-07-24T07:26:25","guid":{"rendered":"http:\/\/fleschmazowsza.com.pl\/?p=3761"},"modified":"2020-07-24T08:26:26","modified_gmt":"2020-07-24T07:26:26","slug":"kapielisko-retro-wespol-z-letnia-strefa-w-milanowku","status":"publish","type":"post","link":"https:\/\/fleschmazowsza.com.pl\/?p=3761","title":{"rendered":"K\u0105pielisko \u201eRetro\u201d wesp\u00f3\u0142 z \u201eLetni\u0105 Stref\u0105\u201d w Milan\u00f3wku"},"content":{"rendered":"\n<p><strong>W s\u0142oneczne sobotnie popo\u0142udnie 27 czerwca mia\u0142o miejsce otwarcie sezonu basenowego w Milan\u00f3wku. Zbieg\u0142o si\u0119 ono z 50. rocznic\u0105 powstania odkrytego basenu \u2013 kt\u00f3ry przechodzi\u0142 r\u00f3\u017cne koleje losu, natomiast obecnie wydaje si\u0119 by\u0107 w nad wyraz zach\u0119caj\u0105cej kondycji.<\/strong><\/p>\n\n\n\n<p>Na otwarcie przygotowana zosta\u0142a (przez Miejsk\u0105 Bibliotek\u0119 Publiczn\u0105) retrospektywna wystawa zdj\u0119\u0107 archiwalnych, pokazuj\u0105cych proces budowy basenu u schy\u0142ku lat 60. Przypomnijmy: pomys\u0142 na basen miejski w Milan\u00f3wku pojawi\u0142 si\u0119 \u201eoddolnie\u201d \u2013 by\u0142a to inicjatywa spo\u0142eczna, kt\u00f3ra uzyska\u0142a przychylno\u015b\u0107 \u00f3wczesnych PRL-owskich w\u0142adz lokalnych (Miejskiej Rady Narodowej w Milan\u00f3wku) oraz poparcie milanowskiej Fabryki Narz\u0119dzi Chirurgicznych i Dentystycznych, czyli znanego wszystkim MIFAM-u.<\/p>\n\n\n\n<p class=\"has-text-align-center\"><strong>W czynie spo\u0142ecznym<\/strong><\/p>\n\n\n\n<p>Spo\u0142eczny Komitet Budowy Basenu K\u0105pielowego zawi\u0105za\u0142 si\u0119 zatem w roku 1964, budow\u0119 rozpocz\u0119to w roku 1968, a otwarcie basenu nast\u0105pi\u0142o w roku 1970. Pracownicy MIFAM-u nie poprzestali na deklaracjach poparcia, ale w\u0142\u0105czyli si\u0119 realnie w budow\u0119, pracuj\u0105c w czynie spo\u0142ecznym przy pomocy szpadli i taczek, co wida\u0107 dok\u0142adnie na zaprezentowanych zdj\u0119ciach.<\/p>\n\n\n\n<p class=\"has-text-align-center\"><strong>Moc atrakcji<\/strong><\/p>\n\n\n\n<p>Pomijaj\u0105c oczywi\u015bcie mo\u017cliwo\u015b\u0107 k\u0105pieli, impreza obfitowa\u0142a w ciekawie zaprojektowane atrakcje. By\u0142a strefa gastronomiczna z nieod\u0142\u0105cznym dzi\u015b food trackiem \u2013 a do zjedzenia co\u015b konkretnego i co\u015b s\u0142odkiego.<\/p>\n\n\n\n<p>Razem z k\u0105pieliskiem wystartowa\u0142a Letnia Strefa z kreatywnymi \u201ePakietami na nud\u0119\u201d przygotowanymi przez MCK oraz z \u017ceglarskimi animacjami dla dzieci, a tak\u017ce z wygodnymi siedziskami dla ich opiekun\u00f3w. Kwartet mim\u00f3w i szczudlarzy z Pa\u0144stwowej Szko\u0142y Sztuki Cyrkowej w Julinku bardzo skutecznie przyci\u0105ga\u0142 uwag\u0119 dzieci \u2013 \u017congluj\u0105c, produkuj\u0105c ba\u0144ki mydlane i przydaj\u0105c imprezie nieco magicznej atmosfery. Syreny, czyli dziewczyny z Synchro Show da\u0142y pokaz widowiskowych wodnych akrobacji w syrenich strojach k\u0105pielowych.<\/p>\n\n\n\n<p>K\u0105pielisko \u201eRetro\u201d wystartowa\u0142o zatem razem z Letni\u0105 Stref\u0105, kt\u00f3ra obiecuje wiele atrakcji wakacyjnych. B\u0119d\u0105 animacje i warsztaty w tygodniu i przedstawienia dla dzieci w niedziel\u0119, zumba dzieci\u0119ca oraz tai chi i fitness pod has\u0142em \u201eAktywnie na trawie\u201d oraz \u201eLetnie Granie\u201d, czyli muzyka z DJ lub koncerty na \u017cywo w pi\u0105tki i soboty.<\/p>\n\n\n\n<p class=\"has-text-align-center\"><strong>Atrakcyjny teren<\/strong><\/p>\n\n\n\n<p>Teren K\u0105pieliska \u201eRetro\u201d jest atrakcyjny, komfortowy i sensownie podzielony na strefy. Basen wygl\u0105da bosko \u2013 lazurowoniebieska woda, zielone \u017cywop\u0142oty i typowy milanowski starodrzew dooko\u0142a tworz\u0105 arcyprzyjemne wra\u017cenie. Mo\u017cna pla\u017cowa\u0107 nad basenem, ale i mo\u017cna si\u0119 schowa\u0107 w cieniu drzew. Zupe\u0142nie osobno, w kameralnym zak\u0105tku ukryty jest mi\u0142y basenik czy brodzik dla mniejszych dzieci.<\/p>\n\n\n\n<p>Generalnie ca\u0142a strefa rekreacyjna zosta\u0142a tak zaprojektowana, \u017ce daje poczucie pewnego odosobnienia od otaczaj\u0105cego miasta, niezm\u0105conego relaksu. Pomijaj\u0105c tabliczki dot. bezpiecze\u0144stwa pandemicznego, napotykamy te\u017c okazalsze i bardziej atrakcyjne z has\u0142ami: \u201eU\u015bmiech\u201d, \u201eKocham Ci\u0119!\u201d, Cool!\u201d. Beztroski klimat k\u0105pieliska bardzo adekwatnie odzwierciedla nowo wymalowany mural na ogrodzeniu basenu \u2013 a na nim tylko woda, trawa, letnie gry i zabawy wodne. Oby tylko s\u0142o\u0144ce dopisa\u0142o!<\/p>\n\n\n\n<p class=\"has-text-align-right\">Tekst i foto: <strong>Sylwia Pa\u0144k\u00f3w<\/strong><\/p>\n","protected":false},"excerpt":{"rendered":"<p>W s\u0142oneczne sobotnie popo\u0142udnie 27 czerwca mia\u0142o miejsce otwarcie sezonu basenowego w Milan\u00f3wku. Zbieg\u0142o si\u0119 ono z 50. rocznic\u0105 powstania odkrytego basenu \u2013 kt\u00f3ry przechodzi\u0142 r\u00f3\u017cne koleje losu, natomiast obecnie wydaje si\u0119 by\u0107 w nad wyraz zach\u0119caj\u0105cej kondycji. Na otwarcie przygotowana zosta\u0142a (przez Miejsk\u0105 Bibliotek\u0119 Publiczn\u0105) retrospektywna wystawa zdj\u0119\u0107 archiwalnych, pokazuj\u0105cych proces budowy basenu u [&hellip;]<\/p>\n","protected":false},"author":2,"featured_media":3762,"comment_status":"closed","ping_status":"open","sticky":false,"template":"","format":"standard","meta":{"footnotes":""},"categories":[8],"tags":[],"class_list":["post-3761","post","type-post","status-publish","format-standard","has-post-thumbnail","hentry","category-roznosci"],"_links":{"self":[{"href":"https:\/\/fleschmazowsza.com.pl\/index.php?rest_route=\/wp\/v2\/posts\/3761","targetHints":{"allow":["GET"]}}],"collection":[{"href":"https:\/\/fleschmazowsza.com.pl\/index.php?rest_route=\/wp\/v2\/posts"}],"about":[{"href":"https:\/\/fleschmazowsza.com.pl\/index.php?rest_route=\/wp\/v2\/types\/post"}],"author":[{"embeddable":true,"href":"https:\/\/fleschmazowsza.com.pl\/index.php?rest_route=\/wp\/v2\/users\/2"}],"replies":[{"embeddable":true,"href":"https:\/\/fleschmazowsza.com.pl\/index.php?rest_route=%2Fwp%2Fv2%2Fcomments&post=3761"}],"version-history":[{"count":1,"href":"https:\/\/fleschmazowsza.com.pl\/index.php?rest_route=\/wp\/v2\/posts\/3761\/revisions"}],"predecessor-version":[{"id":3763,"href":"https:\/\/fleschmazowsza.com.pl\/index.php?rest_route=\/wp\/v2\/posts\/3761\/revisions\/3763"}],"wp:featuredmedia":[{"embeddable":true,"href":"https:\/\/fleschmazowsza.com.pl\/index.php?rest_route=\/wp\/v2\/media\/3762"}],"wp:attachment":[{"href":"https:\/\/fleschmazowsza.com.pl\/index.php?rest_route=%2Fwp%2Fv2%2Fmedia&parent=3761"}],"wp:term":[{"taxonomy":"category","embeddable":true,"href":"https:\/\/fleschmazowsza.com.pl\/index.php?rest_route=%2Fwp%2Fv2%2Fcategories&post=3761"},{"taxonomy":"post_tag","embeddable":true,"href":"https:\/\/fleschmazowsza.com.pl\/index.php?rest_route=%2Fwp%2Fv2%2Ftags&post=3761"}],"curies":[{"name":"wp","href":"https:\/\/api.w.org\/{rel}","templated":true}]}}