{"id":3756,"date":"2020-07-24T08:22:40","date_gmt":"2020-07-24T07:22:40","guid":{"rendered":"http:\/\/fleschmazowsza.com.pl\/?p=3756"},"modified":"2020-07-24T08:22:41","modified_gmt":"2020-07-24T07:22:41","slug":"babcia-z-wnukami-bez-dachu-nad-glowa","status":"publish","type":"post","link":"https:\/\/fleschmazowsza.com.pl\/?p=3756","title":{"rendered":"Babcia z wnukami bez dachu nad g\u0142ow\u0105 ! ! !"},"content":{"rendered":"\n<p><strong>Po\u017car w Chylicach-Kolonii pozbawi\u0142 dachu nad g\u0142ow\u0105 babci\u0119 z dwojgiem wnucz\u0105t. Ruszy\u0142a zbi\u00f3rka, kt\u00f3ra ma pom\u00f3c odbudowa\u0107 starszej kobiecie dom. Warto w\u0142\u0105czy\u0107 si\u0119 do akcji i pom\u00f3c rodzinie odbudowa\u0107 to, co zabra\u0142 im \u017cywio\u0142.<\/strong><\/p>\n\n\n\n<p>20 czerwca wybuch\u0142 po\u017car na poddaszu budynku, kt\u00f3ry pozbawi\u0142 niepe\u0142noletni\u0105 dziewczyn\u0119, pe\u0142noletniego m\u0119\u017cczyzn\u0119 oraz starsz\u0105 kobiet\u0119, kt\u00f3ra sprawuje opiek\u0119 nad wnukami miejsca do \u017cycia.<\/p>\n\n\n\n<p>W Internecie ruszy\u0142a zbi\u00f3rka, kt\u00f3rej celem jest pomoc w odbudowie domu.<\/p>\n\n\n\n<p>\u2013W trakcie gaszenia po\u017caru zalany zosta\u0142 parter budynku wraz z meblami oraz ca\u0142ym wyposa\u017ceniem, kt\u00f3re nie nadaje si\u0119 do u\u017cytku. Zniszczeniu uleg\u0142y r\u00f3wnie\u017c niedawno wymienione okna, na kt\u00f3re staruszka odk\u0142ada\u0142a ze skromnej emerytury przez ostatnie trzy lata \u2013 czytamy na stronie internetowej zbi\u00f3rki pieni\u0119dzy na odbudow\u0119 domu.<\/p>\n\n\n\n<p>Potrzebne jest 100 tys. z\u0142, aby przywr\u00f3ci\u0107 dom do pierwotnych warunk\u00f3w. Ka\u017cdy z nas mo\u017ce pom\u00f3c dobrowoln\u0105 darowizn\u0105. Zach\u0119camy do pomocy. Wp\u0142aty mo\u017cna dokona\u0107 pod adresem: https:\/\/zrzutka.pl\/g5gt9m.<\/p>\n\n\n\n<p class=\"has-text-align-right\"><strong>Aneta Czarnecka<\/strong><br>Fot.: <em><strong>zrzutka.<\/strong><\/em>pl<\/p>\n","protected":false},"excerpt":{"rendered":"<p>Po\u017car w Chylicach-Kolonii pozbawi\u0142 dachu nad g\u0142ow\u0105 babci\u0119 z dwojgiem wnucz\u0105t. Ruszy\u0142a zbi\u00f3rka, kt\u00f3ra ma pom\u00f3c odbudowa\u0107 starszej kobiecie dom. Warto w\u0142\u0105czy\u0107 si\u0119 do akcji i pom\u00f3c rodzinie odbudowa\u0107 to, co zabra\u0142 im \u017cywio\u0142. 20 czerwca wybuch\u0142 po\u017car na poddaszu budynku, kt\u00f3ry pozbawi\u0142 niepe\u0142noletni\u0105 dziewczyn\u0119, pe\u0142noletniego m\u0119\u017cczyzn\u0119 oraz starsz\u0105 kobiet\u0119, kt\u00f3ra sprawuje opiek\u0119 nad wnukami [&hellip;]<\/p>\n","protected":false},"author":2,"featured_media":3757,"comment_status":"closed","ping_status":"open","sticky":false,"template":"","format":"standard","meta":{"footnotes":""},"categories":[5],"tags":[],"class_list":["post-3756","post","type-post","status-publish","format-standard","has-post-thumbnail","hentry","category-wiadomosci"],"_links":{"self":[{"href":"https:\/\/fleschmazowsza.com.pl\/index.php?rest_route=\/wp\/v2\/posts\/3756","targetHints":{"allow":["GET"]}}],"collection":[{"href":"https:\/\/fleschmazowsza.com.pl\/index.php?rest_route=\/wp\/v2\/posts"}],"about":[{"href":"https:\/\/fleschmazowsza.com.pl\/index.php?rest_route=\/wp\/v2\/types\/post"}],"author":[{"embeddable":true,"href":"https:\/\/fleschmazowsza.com.pl\/index.php?rest_route=\/wp\/v2\/users\/2"}],"replies":[{"embeddable":true,"href":"https:\/\/fleschmazowsza.com.pl\/index.php?rest_route=%2Fwp%2Fv2%2Fcomments&post=3756"}],"version-history":[{"count":3,"href":"https:\/\/fleschmazowsza.com.pl\/index.php?rest_route=\/wp\/v2\/posts\/3756\/revisions"}],"predecessor-version":[{"id":3760,"href":"https:\/\/fleschmazowsza.com.pl\/index.php?rest_route=\/wp\/v2\/posts\/3756\/revisions\/3760"}],"wp:featuredmedia":[{"embeddable":true,"href":"https:\/\/fleschmazowsza.com.pl\/index.php?rest_route=\/wp\/v2\/media\/3757"}],"wp:attachment":[{"href":"https:\/\/fleschmazowsza.com.pl\/index.php?rest_route=%2Fwp%2Fv2%2Fmedia&parent=3756"}],"wp:term":[{"taxonomy":"category","embeddable":true,"href":"https:\/\/fleschmazowsza.com.pl\/index.php?rest_route=%2Fwp%2Fv2%2Fcategories&post=3756"},{"taxonomy":"post_tag","embeddable":true,"href":"https:\/\/fleschmazowsza.com.pl\/index.php?rest_route=%2Fwp%2Fv2%2Ftags&post=3756"}],"curies":[{"name":"wp","href":"https:\/\/api.w.org\/{rel}","templated":true}]}}