{"id":3741,"date":"2020-06-25T11:05:03","date_gmt":"2020-06-25T10:05:03","guid":{"rendered":"http:\/\/fleschmazowsza.com.pl\/?p=3741"},"modified":"2020-06-25T11:05:03","modified_gmt":"2020-06-25T10:05:03","slug":"opoznienia-w-budowie-stacji-warszawa-glowna","status":"publish","type":"post","link":"https:\/\/fleschmazowsza.com.pl\/?p=3741","title":{"rendered":"Op\u00f3\u017anienia w budowie stacji Warszawa G\u0142\u00f3wna"},"content":{"rendered":"\n<p><strong>Wybuch pandemii koronawirusa negatywnie wp\u0142ynie tak\u017ce na budow\u0119 stacji Warszawa G\u0142\u00f3wna. Wszystko wskazuje na to, \u017ce wirus op\u00f3\u017ani prace budowlane, kt\u00f3re i tak ju\u017c by\u0142y mocno op\u00f3\u017anione. PKP PLK na razie milczy w tej sprawie.<\/strong><\/p>\n\n\n\n<p>Prace przy budowie nowej stacji trwaj\u0105 od dw\u00f3ch lat. Pierwotna data ich zako\u0144czenia przypada\u0142a na III kwarta\u0142 2019 roku. Zgodnie z tym za\u0142o\u017ceniem poci\u0105gi je\u017adzi\u0142yby ju\u017c przez stacj\u0119 Warszawa G\u0142\u00f3wna zgodnie z nowym rozk\u0142adem. Termin ten jednak znacznie przesun\u0105\u0142 si\u0119 i wci\u0105\u017c \u2013 w czerwcu 2020 roku \u2013 brak jest perspektywy otwarcia nowej stacji.<\/p>\n\n\n\n<p>PKP Polskie Linie Kolejowe nie daje odpowiedzi, kiedy mo\u017cemy spodziewa\u0107 si\u0119 zako\u0144czenia prac i uruchomienia nowego dworca. Z informacji, kt\u00f3re uda\u0142o si\u0119 uzyska\u0107 wynika, \u017ce prace wci\u0105\u017c trwaj\u0105, a g\u0142\u00f3wnym czynnikiem spowalniaj\u0105cym jest epidemia koronawirusa i id\u0105cy za nim kryzys.<\/p>\n\n\n\n<p>Kolejny wyznaczony termin \u2013 drugi kwarta\u0142 2020 roku jest ju\u017c nierealny, a zdaniem wykonawcy PRKiI oddanie do u\u017cytku nowej stacji Warszawa G\u0142\u00f3wna oraz uruchomienie z niej poci\u0105g\u00f3w od grudnia 2020 roku b\u0119dzie ogromnym sukcesem. Pierwsze kursy maj\u0105 rusza\u0107 z kierunk\u00f3w takich jak Warka czy Piaseczno.<\/p>\n\n\n\n<p>Przebudowa Warszawy G\u0142\u00f3wnej to tylko pierwszy krok z wielu nast\u0119pnych. Kolejnym etapem b\u0119dzie remont linii \u015brednicowej. \uf02d To w\u0142a\u015bnie tam maj\u0105 ko\u0144czy\u0107 sw\u00f3j bieg poci\u0105gi regionalne i aglomeracyjne z takich kierunk\u00f3w jak \u0141\u00f3d\u017a, Skierniewice czy Radom \u2013 zapowiada\u0142y w marcu 2018 roku PKP PLK.<\/p>\n\n\n\n<p>Remont linii \u015brednicowej b\u0119dzie oznacza\u0142 du\u017ce zmiany w rozk\u0142adzie oraz kursowaniu poci\u0105g\u00f3w na naszej trasie: Skierniewice \u2013 \u017byrard\u00f3w \u2013 Grodzisk Maz. &#8211; Pruszk\u00f3w \u2013 Warszawa. Ju\u017c teraz Koleje Mazowieckie informuj\u0105, \u017ce \u201ew dniach 14 czerwca \u2013 26 lipca br. planowana jest wymiana sieci trakcyjnej na obu torach linii 447 na odcinku Warszawa Zachodnia \u2013 Warszawa W\u0142ochy. Cz\u0119\u015b\u0107 poci\u0105g\u00f3w Kolei Mazowieckich b\u0119dzie kursowa\u0142a z pomini\u0119ciem przystank\u00f3w: Warszawa W\u0142ochy, Warszawa Ursus, Warszawa Ursus Nied\u017awiadek oraz Piast\u00f3w. Wybrane po\u0142\u0105czenia Kolei Mazowieckich i Szybkiej Kolei Miejskiej w Warszawie zostan\u0105 odwo\u0142ane.\u201d<\/p>\n\n\n\n<p>Na szcz\u0119\u015bcie w zwi\u0105zku z utrudnieniami w ruchu poci\u0105g\u00f3w mi\u0119dzy 14 czerwca a 5 lipca na odcinku Warszawa Wschodnia \u2013 Pruszk\u00f3w (w obu kierunkach) obowi\u0105zywa\u0107 b\u0119dzie wzajemne honorowanie bilet\u00f3w KM i ZTM.<\/p>\n\n\n\n<p class=\"has-text-align-right\"><strong>Aneta Czarnecka<\/strong><br>Fot.: <em><strong>Pixabay.com<\/strong><\/em><\/p>\n","protected":false},"excerpt":{"rendered":"<p>Wybuch pandemii koronawirusa negatywnie wp\u0142ynie tak\u017ce na budow\u0119 stacji Warszawa G\u0142\u00f3wna. Wszystko wskazuje na to, \u017ce wirus op\u00f3\u017ani prace budowlane, kt\u00f3re i tak ju\u017c by\u0142y mocno op\u00f3\u017anione. PKP PLK na razie milczy w tej sprawie. Prace przy budowie nowej stacji trwaj\u0105 od dw\u00f3ch lat. Pierwotna data ich zako\u0144czenia przypada\u0142a na III kwarta\u0142 2019 roku. Zgodnie [&hellip;]<\/p>\n","protected":false},"author":2,"featured_media":3742,"comment_status":"closed","ping_status":"open","sticky":false,"template":"","format":"standard","meta":{"footnotes":""},"categories":[5],"tags":[],"class_list":["post-3741","post","type-post","status-publish","format-standard","has-post-thumbnail","hentry","category-wiadomosci"],"_links":{"self":[{"href":"https:\/\/fleschmazowsza.com.pl\/index.php?rest_route=\/wp\/v2\/posts\/3741","targetHints":{"allow":["GET"]}}],"collection":[{"href":"https:\/\/fleschmazowsza.com.pl\/index.php?rest_route=\/wp\/v2\/posts"}],"about":[{"href":"https:\/\/fleschmazowsza.com.pl\/index.php?rest_route=\/wp\/v2\/types\/post"}],"author":[{"embeddable":true,"href":"https:\/\/fleschmazowsza.com.pl\/index.php?rest_route=\/wp\/v2\/users\/2"}],"replies":[{"embeddable":true,"href":"https:\/\/fleschmazowsza.com.pl\/index.php?rest_route=%2Fwp%2Fv2%2Fcomments&post=3741"}],"version-history":[{"count":1,"href":"https:\/\/fleschmazowsza.com.pl\/index.php?rest_route=\/wp\/v2\/posts\/3741\/revisions"}],"predecessor-version":[{"id":3743,"href":"https:\/\/fleschmazowsza.com.pl\/index.php?rest_route=\/wp\/v2\/posts\/3741\/revisions\/3743"}],"wp:featuredmedia":[{"embeddable":true,"href":"https:\/\/fleschmazowsza.com.pl\/index.php?rest_route=\/wp\/v2\/media\/3742"}],"wp:attachment":[{"href":"https:\/\/fleschmazowsza.com.pl\/index.php?rest_route=%2Fwp%2Fv2%2Fmedia&parent=3741"}],"wp:term":[{"taxonomy":"category","embeddable":true,"href":"https:\/\/fleschmazowsza.com.pl\/index.php?rest_route=%2Fwp%2Fv2%2Fcategories&post=3741"},{"taxonomy":"post_tag","embeddable":true,"href":"https:\/\/fleschmazowsza.com.pl\/index.php?rest_route=%2Fwp%2Fv2%2Ftags&post=3741"}],"curies":[{"name":"wp","href":"https:\/\/api.w.org\/{rel}","templated":true}]}}