{"id":3734,"date":"2020-06-25T10:51:28","date_gmt":"2020-06-25T09:51:28","guid":{"rendered":"http:\/\/fleschmazowsza.com.pl\/?p=3734"},"modified":"2020-06-25T10:51:29","modified_gmt":"2020-06-25T09:51:29","slug":"ogrod-botaniczny-w-regionie","status":"publish","type":"post","link":"https:\/\/fleschmazowsza.com.pl\/?p=3734","title":{"rendered":"Ogr\u00f3d botaniczny w regionie"},"content":{"rendered":"\n<p><strong>W Brwinowie ju\u017c nied\u0142ugo b\u0119dziemy cieszy\u0107 si\u0119 ogrodem botanicznym. Burmistrz miasta, Arkadiusz Kosi\u0144ski oraz prezes firmy Sorted Pawe\u0142 Koz\u0142owski podpisali ju\u017c umow\u0119. Szacowany koszt to ponad 2 mln z\u0142.<\/strong><\/p>\n\n\n\n<p>Na terenie ogrodu posadzonych zostanie kilkadziesi\u0105t tysi\u0119cy ro\u015blin. W\u015br\u00f3d nich znajdziemy oko\u0142o siedemdziesi\u0105t gatunk\u00f3w r\u00f3\u017cnego rodzaju kwiat\u00f3w, krzew\u00f3w i bylin. Gatunki, kt\u00f3re zostan\u0105 wybrane to przewa\u017cnie te, odnajduj\u0105ce si\u0119 w naszych warunkach klimatyczno-glebowych: r\u00f3\u017ce, zawilce, konwalie, azalie, kaliny, hortensje, barwinki, miodunka plamista, ja\u0142owce, wiciokrzewy, sosny, klony, jod\u0142y, \u015bwierki. Planowane jest r\u00f3wnie\u017c powstanie ma\u0142ego sadu oraz zielnika.<\/p>\n\n\n\n<p>Nie zabraknie tak\u017ce infrastruktury rekreacyjnej \u2013 pojawi\u0105 si\u0119 alejki spacerowe, place edukacyjne oraz tablice informacyjne. Teren zostanie wzbogacony o o\u015bwietlenie oraz sie\u0107 monitoringu. Na terenie obiektu znajdzie si\u0119 miejsce na \u0142awki i elementy dekoracyjne, takie jak rze\u017aby, gabiony lub domki dla owad\u00f3w. Przewidziane zako\u0144czenie prac to koniec pa\u017adziernika.<\/p>\n\n\n\n<p>\u2013 Prace w parku wchodz\u0105 w decyduj\u0105c\u0105 faz\u0119. W najbli\u017cszych miesi\u0105cach b\u0119d\u0105 prowadzone zar\u00f3wno w cz\u0119\u015bci istniej\u0105cej, m.in. w okolicach placu zabaw, jak i w miejscu powstania ogrodu botanicznego od strony tor\u00f3w kolejowych. Dodatkowo b\u0119dzie budowana droga do parku od strony ul. Biskupickiej. B\u0119dzie to powodowa\u0142o spore utrudnienia, dlatego prosimy mieszka\u0144c\u00f3w odwiedzaj\u0105cych nasz park o wyrozumia\u0142o\u015b\u0107 i zachowanie szczeg\u00f3lnej ostro\u017cno\u015bci \u2013 m\u00f3wi zast\u0119pca burmistrza S\u0142awomir Walendowski.<\/p>\n\n\n\n<p>Projekt \u201eKolejny etap rewitalizacji parku miejskiego w Brwinowie \u2013 zagospodarowanie teren\u00f3w zieleni\u201d jest realizowany w latach 2018-2021. Na jego wykonanie gmina otrzyma\u0142a dofinansowanie w wysoko\u015bci 2 140 229,65 z\u0142 (co stanowi 85 proc. koszt\u00f3w kwalifikowanych) ze \u015brodk\u00f3w Programu Operacyjnego Infrastruktura i \u015arodowisko.<\/p>\n\n\n\n<p class=\"has-text-align-right\"><strong>Aneta Czarnecka<\/strong><br>Fot. <em><strong>Arkadiusz Kosi\u0144ski\/UG Brwin\u00f3w<\/strong><\/em><\/p>\n","protected":false},"excerpt":{"rendered":"<p>W Brwinowie ju\u017c nied\u0142ugo b\u0119dziemy cieszy\u0107 si\u0119 ogrodem botanicznym. Burmistrz miasta, Arkadiusz Kosi\u0144ski oraz prezes firmy Sorted Pawe\u0142 Koz\u0142owski podpisali ju\u017c umow\u0119. Szacowany koszt to ponad 2 mln z\u0142. Na terenie ogrodu posadzonych zostanie kilkadziesi\u0105t tysi\u0119cy ro\u015blin. W\u015br\u00f3d nich znajdziemy oko\u0142o siedemdziesi\u0105t gatunk\u00f3w r\u00f3\u017cnego rodzaju kwiat\u00f3w, krzew\u00f3w i bylin. Gatunki, kt\u00f3re zostan\u0105 wybrane to przewa\u017cnie [&hellip;]<\/p>\n","protected":false},"author":2,"featured_media":3735,"comment_status":"closed","ping_status":"open","sticky":false,"template":"","format":"standard","meta":{"footnotes":""},"categories":[5],"tags":[],"class_list":["post-3734","post","type-post","status-publish","format-standard","has-post-thumbnail","hentry","category-wiadomosci"],"_links":{"self":[{"href":"https:\/\/fleschmazowsza.com.pl\/index.php?rest_route=\/wp\/v2\/posts\/3734","targetHints":{"allow":["GET"]}}],"collection":[{"href":"https:\/\/fleschmazowsza.com.pl\/index.php?rest_route=\/wp\/v2\/posts"}],"about":[{"href":"https:\/\/fleschmazowsza.com.pl\/index.php?rest_route=\/wp\/v2\/types\/post"}],"author":[{"embeddable":true,"href":"https:\/\/fleschmazowsza.com.pl\/index.php?rest_route=\/wp\/v2\/users\/2"}],"replies":[{"embeddable":true,"href":"https:\/\/fleschmazowsza.com.pl\/index.php?rest_route=%2Fwp%2Fv2%2Fcomments&post=3734"}],"version-history":[{"count":1,"href":"https:\/\/fleschmazowsza.com.pl\/index.php?rest_route=\/wp\/v2\/posts\/3734\/revisions"}],"predecessor-version":[{"id":3736,"href":"https:\/\/fleschmazowsza.com.pl\/index.php?rest_route=\/wp\/v2\/posts\/3734\/revisions\/3736"}],"wp:featuredmedia":[{"embeddable":true,"href":"https:\/\/fleschmazowsza.com.pl\/index.php?rest_route=\/wp\/v2\/media\/3735"}],"wp:attachment":[{"href":"https:\/\/fleschmazowsza.com.pl\/index.php?rest_route=%2Fwp%2Fv2%2Fmedia&parent=3734"}],"wp:term":[{"taxonomy":"category","embeddable":true,"href":"https:\/\/fleschmazowsza.com.pl\/index.php?rest_route=%2Fwp%2Fv2%2Fcategories&post=3734"},{"taxonomy":"post_tag","embeddable":true,"href":"https:\/\/fleschmazowsza.com.pl\/index.php?rest_route=%2Fwp%2Fv2%2Ftags&post=3734"}],"curies":[{"name":"wp","href":"https:\/\/api.w.org\/{rel}","templated":true}]}}