{"id":3728,"date":"2020-06-24T14:02:08","date_gmt":"2020-06-24T13:02:08","guid":{"rendered":"http:\/\/fleschmazowsza.com.pl\/?p=3728"},"modified":"2020-06-24T14:02:10","modified_gmt":"2020-06-24T13:02:10","slug":"przebudowa-ul-milanowieckiej-w-owczarni","status":"publish","type":"post","link":"https:\/\/fleschmazowsza.com.pl\/?p=3728","title":{"rendered":"Przebudowa ul. Milanowieckiej w Owczarni"},"content":{"rendered":"\n<p><strong>Nier\u00f3wna, miejscami b\u0142otnista droga biegn\u0105ca po p\u00f3\u0142nocnej stronie tor\u00f3w WKD zostanie wkr\u00f3tce przebudowana.<\/strong><\/p>\n\n\n\n<p>Ulica Milanowiecka rozpoczyna si\u0119 od skrzy\u017cowania z ul. Owczarsk\u0105 w Milan\u00f3wku (w pobli\u017cu stacji WKD Polesie), a ko\u0144czy w rejonie peronu WKD Podkowa Le\u015bna Zachodnia. Dzi\u0119ki przebudowie tej obecnie gruntowej drogi mieszka\u0144cy b\u0119d\u0105 mogli \u0142atwiej dojecha\u0107 do swoich posesji.<\/p>\n\n\n\n<p>Wykonawca wybrany w przetargu, firma MABAU sp. z o.o. sp. k., wykona\u0142 ju\u017c pomiary geodezyjne i rozpocz\u0105\u0142 prace w terenie. Do jego zada\u0144 b\u0119dzie nale\u017ca\u0142a budowa pe\u0142nej konstrukcji nawierzchni na odcinku o d\u0142ugo\u015bci ok. 700 m \u2013 m.in. jezdni z kostki betonowej, doj\u015b\u0107 do posesji, z kostki betonowej, zjazd\u00f3w na posesje z kostki betonowej oraz wykonanie prog\u00f3w zwalniaj\u0105cych wyspowych z kostki betonowej, a tak\u017ce wykonanie nowego oznakowania pionowego i poziomego. Przebudowana ulica stanie si\u0119 stref\u0105 zamieszkania \u2013 piesi b\u0119d\u0105 mogli swobodnie si\u0119 porusza\u0107 po ca\u0142ej jezdni i b\u0119d\u0105 mieli pierwsze\u0144stwo przed pojazdami.<\/p>\n\n\n\n<p>Koszt prac to 725&nbsp; 700 z\u0142.<\/p>\n\n\n\n<p class=\"has-text-align-right\">Tekst i foto: <strong>UG. Brwin\u00f3w<\/strong><\/p>\n","protected":false},"excerpt":{"rendered":"<p>Nier\u00f3wna, miejscami b\u0142otnista droga biegn\u0105ca po p\u00f3\u0142nocnej stronie tor\u00f3w WKD zostanie wkr\u00f3tce przebudowana. Ulica Milanowiecka rozpoczyna si\u0119 od skrzy\u017cowania z ul. Owczarsk\u0105 w Milan\u00f3wku (w pobli\u017cu stacji WKD Polesie), a ko\u0144czy w rejonie peronu WKD Podkowa Le\u015bna Zachodnia. Dzi\u0119ki przebudowie tej obecnie gruntowej drogi mieszka\u0144cy b\u0119d\u0105 mogli \u0142atwiej dojecha\u0107 do swoich posesji. Wykonawca wybrany w [&hellip;]<\/p>\n","protected":false},"author":2,"featured_media":3729,"comment_status":"closed","ping_status":"open","sticky":false,"template":"","format":"standard","meta":{"footnotes":""},"categories":[5],"tags":[],"class_list":["post-3728","post","type-post","status-publish","format-standard","has-post-thumbnail","hentry","category-wiadomosci"],"_links":{"self":[{"href":"https:\/\/fleschmazowsza.com.pl\/index.php?rest_route=\/wp\/v2\/posts\/3728","targetHints":{"allow":["GET"]}}],"collection":[{"href":"https:\/\/fleschmazowsza.com.pl\/index.php?rest_route=\/wp\/v2\/posts"}],"about":[{"href":"https:\/\/fleschmazowsza.com.pl\/index.php?rest_route=\/wp\/v2\/types\/post"}],"author":[{"embeddable":true,"href":"https:\/\/fleschmazowsza.com.pl\/index.php?rest_route=\/wp\/v2\/users\/2"}],"replies":[{"embeddable":true,"href":"https:\/\/fleschmazowsza.com.pl\/index.php?rest_route=%2Fwp%2Fv2%2Fcomments&post=3728"}],"version-history":[{"count":1,"href":"https:\/\/fleschmazowsza.com.pl\/index.php?rest_route=\/wp\/v2\/posts\/3728\/revisions"}],"predecessor-version":[{"id":3730,"href":"https:\/\/fleschmazowsza.com.pl\/index.php?rest_route=\/wp\/v2\/posts\/3728\/revisions\/3730"}],"wp:featuredmedia":[{"embeddable":true,"href":"https:\/\/fleschmazowsza.com.pl\/index.php?rest_route=\/wp\/v2\/media\/3729"}],"wp:attachment":[{"href":"https:\/\/fleschmazowsza.com.pl\/index.php?rest_route=%2Fwp%2Fv2%2Fmedia&parent=3728"}],"wp:term":[{"taxonomy":"category","embeddable":true,"href":"https:\/\/fleschmazowsza.com.pl\/index.php?rest_route=%2Fwp%2Fv2%2Fcategories&post=3728"},{"taxonomy":"post_tag","embeddable":true,"href":"https:\/\/fleschmazowsza.com.pl\/index.php?rest_route=%2Fwp%2Fv2%2Ftags&post=3728"}],"curies":[{"name":"wp","href":"https:\/\/api.w.org\/{rel}","templated":true}]}}