{"id":3719,"date":"2020-06-05T12:08:30","date_gmt":"2020-06-05T11:08:30","guid":{"rendered":"http:\/\/fleschmazowsza.com.pl\/?p=3719"},"modified":"2020-06-05T12:08:32","modified_gmt":"2020-06-05T11:08:32","slug":"prosze-pomoz-mi-walczyc-o-zycie","status":"publish","type":"post","link":"https:\/\/fleschmazowsza.com.pl\/?p=3719","title":{"rendered":"Prosz\u0119, pom\u00f3\u017c mi walczy\u0107 o \u017cycie!"},"content":{"rendered":"\n<p><strong>Tysi\u0105ce udanych zbi\u00f3rek potwierdzaj\u0105, \u017ce potrafimy zjednoczy\u0107 si\u0119 w niesieniu pomocy drugiemu cz\u0142owiekowi. Tym razem pani Agnieszka Kulenty (48 l.) potrzebuje naszego wsparcia.<\/strong><\/p>\n\n\n\n<p>Pani Agnieszka od 15 lat zmaga si\u0119 z ci\u0119\u017ck\u0105 chorob\u0105: najpierw brodawczakiem tarczycy, teraz \u2013 p\u0142askonab\u0142onkowym rogowaciej\u0105cym rakiem dolnego gard\u0142a. Leczenie onkologiczne jest mo\u017cliwe tylko w Niemczech w klinice w Monachium. Wyjazd, pobyt i przede wszystkim leczenie jest kosztowne. Potrzeba prawie 100 tys. z\u0142. Do tej pory zebrano 47 proc. potrzebnej kwoty.<\/p>\n\n\n\n<p>Od tego, ile uda si\u0119 zebra\u0107 potrzebnych \u015brodk\u00f3w b\u0119dzie zale\u017ca\u0142o \u017cycie pani Agnieszki. Rodzina oraz znajomi prosz\u0105 o \u017cyczliwo\u015b\u0107 i pomoc. Wp\u0142at mo\u017cna dokonywa\u0107 za po\u015brednictwem strony <a href=\"https:\/\/www.siepomaga.pl\/agnieszka-kulenty\">https:\/\/www.siepomaga.pl\/agnieszka-kulenty<\/a><br>Mo\u017cna tam z\u0142o\u017cy\u0107 swoj\u0105 skarbonk\u0119, aby wspom\u00f3c leczenie pani Agnieszki. Wsparcie finansowe otrzyma\u0142a ju\u017c od ponad p\u00f3\u0142 tysi\u0105ca os\u00f3b. Aby pom\u00f3c chorej nie trzeba wp\u0142aca\u0107 du\u017cych kwot, wystarczy kilka z\u0142 (najni\u017csza wp\u0142acona kwota to 5 z\u0142.). Ka\u017cda wp\u0142acona z\u0142ot\u00f3wka przybli\u017ca dzie\u0144, w kt\u00f3rym rozpocznie si\u0119 leczenie, a tym samym powr\u00f3t do zdrowia pani Agnieszki, kt\u00f3ra tak opowiada o swojej chorobie i walce z ni\u0105:<\/p>\n\n\n\n<p>-By\u0142 2005 rok, to wtedy poczu\u0142am po raz pierwszy, co to tak naprawd\u0119 znaczy ba\u0107 si\u0119 o w\u0142asne \u017cycie. Zdiagnozowano u mnie brodawczaka tarczycy. Tarczyca zosta\u0142a w ca\u0142o\u015bci usuni\u0119ta, przesz\u0142am radioterapi\u0119, wierz\u0105c, \u017ce to, co najgorsze mam ju\u017c za sob\u0105. Z pokor\u0105 w stosunku do \u017cycia zaczyna\u0142am ka\u017cdy dzie\u0144, dzi\u0119kuj\u0105c, \u017ce tak powa\u017cna choroba jest ju\u017c za mn\u0105. W 2019 wykryto u mnie p\u0142askonab\u0142onkowego rogowaciej\u0105cego raka dolnego gard\u0142a. To by\u0142a pierwsza z\u0142a wiadomo\u015b\u0107, kolejna, kt\u00f3ra odebra\u0142a nadziej\u0119, to ta, \u017ce w Polsce lekarze nie podejm\u0105 si\u0119 leczenia. Dzi\u0119ki znalezieniu ratunku w Niemczech wci\u0105\u017c mam nadziej\u0119, \u017ce pokonam raka. Jestem po trzech bardzo silnych chemioterapiach, kt\u00f3re spowodowa\u0142y zmniejszenie si\u0119 zmiany. Leczenie b\u0119dzie jeszcze bardzo kosztowne, a mi tak trudno pogodzi\u0107 si\u0119 z tym, \u017ce od pieni\u0119dzy ma zale\u017ce\u0107 to, czy b\u0119dzie mi dane wygra\u0107 z rakiem! Prosz\u0119, pom\u00f3\u017c mi walczy\u0107 o \u017cycie!<br>Pami\u0119tajmy, \u017ce zdrowie jest bezcenne i ka\u017cdy z nas mo\u017ce zachorowa\u0107 na podobn\u0105, trudno leczon\u0105 chorob\u0119. Dlatego otw\u00f3rzmy swoje serca, wejd\u017amy na stron\u0119: <a href=\"https:\/\/www.siepomaga.pl\/agnieszka-kulenty\">https:\/\/www.siepomaga.pl\/agnieszka-kulenty<\/a> i z\u0142\u00f3\u017cmy swoj\u0105 skarbonk\u0119, aby pom\u00f3c w leczeniu pani Agnieszki Kulenty \u2013 wspania\u0142ej, walcz\u0105cej kobiety.<br>Mamy nadziej\u0119, \u017ce zbi\u00f3rka szybko dobiegnie ko\u0144ca i rozpocznie si\u0119 d\u0142ugo oczekiwane leczenie p. Agnieszki.<\/p>\n\n\n\n<p class=\"has-text-align-right\"><strong>ACZ, (m<\/strong>g)<br>Fot.: <em><strong>siepomaga.pl<\/strong><\/em><\/p>\n","protected":false},"excerpt":{"rendered":"<p>Tysi\u0105ce udanych zbi\u00f3rek potwierdzaj\u0105, \u017ce potrafimy zjednoczy\u0107 si\u0119 w niesieniu pomocy drugiemu cz\u0142owiekowi. Tym razem pani Agnieszka Kulenty (48 l.) potrzebuje naszego wsparcia. Pani Agnieszka od 15 lat zmaga si\u0119 z ci\u0119\u017ck\u0105 chorob\u0105: najpierw brodawczakiem tarczycy, teraz \u2013 p\u0142askonab\u0142onkowym rogowaciej\u0105cym rakiem dolnego gard\u0142a. Leczenie onkologiczne jest mo\u017cliwe tylko w Niemczech w klinice w Monachium. Wyjazd, [&hellip;]<\/p>\n","protected":false},"author":2,"featured_media":3720,"comment_status":"closed","ping_status":"open","sticky":false,"template":"","format":"standard","meta":{"footnotes":""},"categories":[1],"tags":[],"class_list":["post-3719","post","type-post","status-publish","format-standard","has-post-thumbnail","hentry","category-uncategorized"],"_links":{"self":[{"href":"https:\/\/fleschmazowsza.com.pl\/index.php?rest_route=\/wp\/v2\/posts\/3719","targetHints":{"allow":["GET"]}}],"collection":[{"href":"https:\/\/fleschmazowsza.com.pl\/index.php?rest_route=\/wp\/v2\/posts"}],"about":[{"href":"https:\/\/fleschmazowsza.com.pl\/index.php?rest_route=\/wp\/v2\/types\/post"}],"author":[{"embeddable":true,"href":"https:\/\/fleschmazowsza.com.pl\/index.php?rest_route=\/wp\/v2\/users\/2"}],"replies":[{"embeddable":true,"href":"https:\/\/fleschmazowsza.com.pl\/index.php?rest_route=%2Fwp%2Fv2%2Fcomments&post=3719"}],"version-history":[{"count":1,"href":"https:\/\/fleschmazowsza.com.pl\/index.php?rest_route=\/wp\/v2\/posts\/3719\/revisions"}],"predecessor-version":[{"id":3721,"href":"https:\/\/fleschmazowsza.com.pl\/index.php?rest_route=\/wp\/v2\/posts\/3719\/revisions\/3721"}],"wp:featuredmedia":[{"embeddable":true,"href":"https:\/\/fleschmazowsza.com.pl\/index.php?rest_route=\/wp\/v2\/media\/3720"}],"wp:attachment":[{"href":"https:\/\/fleschmazowsza.com.pl\/index.php?rest_route=%2Fwp%2Fv2%2Fmedia&parent=3719"}],"wp:term":[{"taxonomy":"category","embeddable":true,"href":"https:\/\/fleschmazowsza.com.pl\/index.php?rest_route=%2Fwp%2Fv2%2Fcategories&post=3719"},{"taxonomy":"post_tag","embeddable":true,"href":"https:\/\/fleschmazowsza.com.pl\/index.php?rest_route=%2Fwp%2Fv2%2Ftags&post=3719"}],"curies":[{"name":"wp","href":"https:\/\/api.w.org\/{rel}","templated":true}]}}