{"id":3713,"date":"2020-06-05T11:44:36","date_gmt":"2020-06-05T10:44:36","guid":{"rendered":"http:\/\/fleschmazowsza.com.pl\/?p=3713"},"modified":"2020-06-05T11:44:36","modified_gmt":"2020-06-05T10:44:36","slug":"o-krok-od-dramatu","status":"publish","type":"post","link":"https:\/\/fleschmazowsza.com.pl\/?p=3713","title":{"rendered":"O krok od dramatu"},"content":{"rendered":"\n<p><strong>Przy jednej z ulic w Komorowie w poniedzia\u0142ek 1 czerwca mia\u0142y miejsce chwile grozy. Jeden z mieszka\u0144c\u00f3w zabarykadowa\u0142 si\u0119 w swoim domu, o czym poinformowa\u0142a jego rodzina. Pow\u00f3d by\u0142 nieznany, a przes\u0142anki wskazywa\u0142y, \u017ce posiada bro\u0144. Przez kilka godzin by\u0142y prowadzone rozmowy zespo\u0142u negocjator\u00f3w z m\u0119\u017cczyzn\u0105. Akcja zako\u0144czy\u0142a si\u0119 wieczorem. Ze wst\u0119pnych doniesie\u0144 wynika, \u017ce cierpi on na choroby psychiczne.<\/strong><\/p>\n\n\n\n<p>-Policjantom uda\u0142o si\u0119 wej\u015b\u0107 do \u015brodka. M\u0119\u017cczyzna zosta\u0142 obezw\u0142adniony, nie by\u0142o potrzeby u\u017cycia broni. 53-latek zosta\u0142 przekazany lekarzom. Wymaga\u0142 tego jego stan zdrowia &#8211; poda\u0142a przed godzin\u0105 18 oficer prasowy pruszkowskiej komendy podkom. Karolina Ka\u0144ka.<\/p>\n\n\n\n<p>Z ustale\u0144 wynika, \u017ce nikomu nic si\u0119 nie sta\u0142o podczas przeprowadzania akcji. Do tej pory nie s\u0105 znane przyczyny, dla kt\u00f3rych m\u0119\u017cczyzna zabarykadowa\u0142 si\u0119.<\/p>\n\n\n\n<p>-Mia\u0142 przedmiot przypominaj\u0105cy bro\u0144 &#8211; doda\u0142a Karolina Ka\u0144ka.<\/p>\n\n\n\n<p>Policjanci b\u0119d\u0105 ustala\u0107 okoliczno\u015bci ca\u0142ego zdarzenia.<\/p>\n\n\n\n<p>Do zdarzenia dosz\u0142o ok. godziny 12.40. Od tej pory prowadzone by\u0142y czynno\u015bci, kt\u00f3re przej\u0119\u0142a grupa negocjator\u00f3w.<\/p>\n\n\n\n<p>-Wszystkie \u015brodki, kt\u00f3re tu s\u0105, maj\u0105 na celu zapewnienie bezpiecze\u0144stwa zar\u00f3wno policjant\u00f3w, kt\u00f3rzy wykonuj\u0105 czynno\u015bci na miejscu, jak i temu m\u0119\u017cczy\u017anie &#8211; poinformowano oko\u0142o godziny 15.<\/p>\n\n\n\n<p>Na miejscu pracowa\u0142 Samodzielny Pododdzia\u0142 Kontrterrorystyczny oraz zast\u0119pca Komendanta Powiatowego Policji w Pruszkowie nadkomisarz Miros\u0142aw Gruda. Przed domem przygotowane by\u0142y tak\u017ce jednostki stra\u017cy po\u017carnej, karetka oraz radiowozy policyjne.<\/p>\n\n\n\n<p>-Ca\u0142y teren jest odgrodzony, policja zabezpiecza to miejsce, \u017ceby nikt w okolicy tego budynku si\u0119 nie kr\u0119ci\u0142 &#8211; relacjonowano.<\/p>\n\n\n\n<p>Zdarzeniem interesowa\u0142y si\u0119 lokalne media oraz og\u00f3lnopolskie. Funkcjonariuszom uda\u0142o si\u0119 go zatrzyma\u0107. M\u0119\u017cczyzna zosta\u0142 oddany pod specjalistyczn\u0105 opiek\u0119 lekarzy. S\u0105siedzi przekazali informacj\u0119, \u017ce mieszkaniec Komorowa leczy\u0142 si\u0119 na depresj\u0119.<\/p>\n\n\n\n<p class=\"has-text-align-right\"><strong>Aneta Czarnecka<\/strong><br>Fot.: <em><strong>PAP<\/strong><\/em><\/p>\n","protected":false},"excerpt":{"rendered":"<p>Przy jednej z ulic w Komorowie w poniedzia\u0142ek 1 czerwca mia\u0142y miejsce chwile grozy. Jeden z mieszka\u0144c\u00f3w zabarykadowa\u0142 si\u0119 w swoim domu, o czym poinformowa\u0142a jego rodzina. Pow\u00f3d by\u0142 nieznany, a przes\u0142anki wskazywa\u0142y, \u017ce posiada bro\u0144. Przez kilka godzin by\u0142y prowadzone rozmowy zespo\u0142u negocjator\u00f3w z m\u0119\u017cczyzn\u0105. Akcja zako\u0144czy\u0142a si\u0119 wieczorem. Ze wst\u0119pnych doniesie\u0144 wynika, \u017ce [&hellip;]<\/p>\n","protected":false},"author":2,"featured_media":3714,"comment_status":"closed","ping_status":"open","sticky":false,"template":"","format":"standard","meta":{"footnotes":""},"categories":[5],"tags":[],"class_list":["post-3713","post","type-post","status-publish","format-standard","has-post-thumbnail","hentry","category-wiadomosci"],"_links":{"self":[{"href":"https:\/\/fleschmazowsza.com.pl\/index.php?rest_route=\/wp\/v2\/posts\/3713","targetHints":{"allow":["GET"]}}],"collection":[{"href":"https:\/\/fleschmazowsza.com.pl\/index.php?rest_route=\/wp\/v2\/posts"}],"about":[{"href":"https:\/\/fleschmazowsza.com.pl\/index.php?rest_route=\/wp\/v2\/types\/post"}],"author":[{"embeddable":true,"href":"https:\/\/fleschmazowsza.com.pl\/index.php?rest_route=\/wp\/v2\/users\/2"}],"replies":[{"embeddable":true,"href":"https:\/\/fleschmazowsza.com.pl\/index.php?rest_route=%2Fwp%2Fv2%2Fcomments&post=3713"}],"version-history":[{"count":1,"href":"https:\/\/fleschmazowsza.com.pl\/index.php?rest_route=\/wp\/v2\/posts\/3713\/revisions"}],"predecessor-version":[{"id":3715,"href":"https:\/\/fleschmazowsza.com.pl\/index.php?rest_route=\/wp\/v2\/posts\/3713\/revisions\/3715"}],"wp:featuredmedia":[{"embeddable":true,"href":"https:\/\/fleschmazowsza.com.pl\/index.php?rest_route=\/wp\/v2\/media\/3714"}],"wp:attachment":[{"href":"https:\/\/fleschmazowsza.com.pl\/index.php?rest_route=%2Fwp%2Fv2%2Fmedia&parent=3713"}],"wp:term":[{"taxonomy":"category","embeddable":true,"href":"https:\/\/fleschmazowsza.com.pl\/index.php?rest_route=%2Fwp%2Fv2%2Fcategories&post=3713"},{"taxonomy":"post_tag","embeddable":true,"href":"https:\/\/fleschmazowsza.com.pl\/index.php?rest_route=%2Fwp%2Fv2%2Ftags&post=3713"}],"curies":[{"name":"wp","href":"https:\/\/api.w.org\/{rel}","templated":true}]}}