{"id":3704,"date":"2020-06-05T11:10:57","date_gmt":"2020-06-05T10:10:57","guid":{"rendered":"http:\/\/fleschmazowsza.com.pl\/?p=3704"},"modified":"2020-06-05T11:10:58","modified_gmt":"2020-06-05T10:10:58","slug":"wakacje-pomimo-kryzysu","status":"publish","type":"post","link":"https:\/\/fleschmazowsza.com.pl\/?p=3704","title":{"rendered":"Wakacje pomimo kryzysu"},"content":{"rendered":"\n<p><strong>Rz\u0105d planuje wesprze\u0107 polsk\u0105 bran\u017c\u0119 turystyczn\u0105. Program 1000+ to bon turystyczny, kt\u00f3ry b\u0119dzie przeznaczony dla os\u00f3b zatrudnionych na umow\u0119 o prac\u0119 i zarabiaj\u0105cych maksymalnie 5200 z\u0142 brutto. Bon b\u0119dzie finansowany w 90 proc. przez rz\u0105d i w 10 proc. z wk\u0142adu w\u0142asnego pracodawcy.<\/strong><\/p>\n\n\n\n<p>Got\u00f3wka nie zostanie jednak przelana na konto pracownika. Pomoc zostanie wyp\u0142acona w formie karty, kt\u00f3r\u0105 b\u0119dzie mo\u017cna zap\u0142aci\u0107 za us\u0142ugi. Jest jednak jeden bardzo wa\u017cny warunek \u2013 bon mo\u017ce zosta\u0107 wykorzystany tylko wtedy, gdy dotyczy on wakacji na terenie Polski.<\/p>\n\n\n\n<p>\u2013 Tak jak w wielu zak\u0142adach pracy pracownicy dostaj\u0105 w okolicach \u015bwi\u0105t bony od swoich pracodawc\u00f3w, tak my w podobnej strukturze chcemy, \u017ceby pracodawcy mogli taki bon zafundowa\u0107 swoim pracownikom \u2013 t\u0142umaczy\u0142a wicepremier i minister rozwoju Jadwiga Emilewicz w programie \u201eMoney. To si\u0119 liczy\u201d. \u2013 Szacujemy, \u017ce koszty na ten rok to 7 mld z\u0142 z bud\u017cetu pa\u0144stwa \u2013 przyzna\u0142a Emilewicz.<\/p>\n\n\n\n<p>Wed\u0142ug zapowiedzi Ministerstwa Rozwoju, bony turystyczne maj\u0105 zach\u0119ci\u0107 Polak\u00f3w do wyjazdu na wakacje pomimo kryzysu, a jednocze\u015bnie wspom\u00f3c krajowy sektor turystyczny, kt\u00f3ry jest jedn\u0105 z dziedzin gospodarki najmocniej dotkni\u0119tych skutkami pandemii koronawirusa.<\/p>\n\n\n\n<p>Minister nie powiedzia\u0142a, sk\u0105d b\u0119d\u0105 pochodzi\u0142y \u015brodki. Jednym z pomys\u0142\u00f3w jest scentralizowanie op\u0142aty klimatycznej, kt\u00f3r\u0105 pobieraj\u0105 od turyst\u00f3w samorz\u0105dy terytorialne. Op\u0142ata klimatyczna mia\u0142aby s\u0142u\u017cy\u0107 promocji turystyki. Jednak dyrektor Departamentu Turystki w Ministerstwie Rozwoju Rafa\u0142 Szlachta dementuje te informacje.<\/p>\n\n\n\n<p>-Pieni\u0105dze b\u0119d\u0105 pochodzi\u0107 z bud\u017cetu pa\u0144stwa, program nie b\u0119dzie wdra\u017cany kosztem samorz\u0105d\u00f3w \u2013 zapewnia.<\/p>\n\n\n\n<p class=\"has-text-align-right\"><strong>Aneta Czarnecka<\/strong><br>Fot.: <em><strong>Pixabay.com<\/strong><\/em><\/p>\n","protected":false},"excerpt":{"rendered":"<p>Rz\u0105d planuje wesprze\u0107 polsk\u0105 bran\u017c\u0119 turystyczn\u0105. Program 1000+ to bon turystyczny, kt\u00f3ry b\u0119dzie przeznaczony dla os\u00f3b zatrudnionych na umow\u0119 o prac\u0119 i zarabiaj\u0105cych maksymalnie 5200 z\u0142 brutto. Bon b\u0119dzie finansowany w 90 proc. przez rz\u0105d i w 10 proc. z wk\u0142adu w\u0142asnego pracodawcy. Got\u00f3wka nie zostanie jednak przelana na konto pracownika. Pomoc zostanie wyp\u0142acona w [&hellip;]<\/p>\n","protected":false},"author":2,"featured_media":3705,"comment_status":"closed","ping_status":"open","sticky":false,"template":"","format":"standard","meta":{"footnotes":""},"categories":[8],"tags":[],"class_list":["post-3704","post","type-post","status-publish","format-standard","has-post-thumbnail","hentry","category-roznosci"],"_links":{"self":[{"href":"https:\/\/fleschmazowsza.com.pl\/index.php?rest_route=\/wp\/v2\/posts\/3704","targetHints":{"allow":["GET"]}}],"collection":[{"href":"https:\/\/fleschmazowsza.com.pl\/index.php?rest_route=\/wp\/v2\/posts"}],"about":[{"href":"https:\/\/fleschmazowsza.com.pl\/index.php?rest_route=\/wp\/v2\/types\/post"}],"author":[{"embeddable":true,"href":"https:\/\/fleschmazowsza.com.pl\/index.php?rest_route=\/wp\/v2\/users\/2"}],"replies":[{"embeddable":true,"href":"https:\/\/fleschmazowsza.com.pl\/index.php?rest_route=%2Fwp%2Fv2%2Fcomments&post=3704"}],"version-history":[{"count":1,"href":"https:\/\/fleschmazowsza.com.pl\/index.php?rest_route=\/wp\/v2\/posts\/3704\/revisions"}],"predecessor-version":[{"id":3706,"href":"https:\/\/fleschmazowsza.com.pl\/index.php?rest_route=\/wp\/v2\/posts\/3704\/revisions\/3706"}],"wp:featuredmedia":[{"embeddable":true,"href":"https:\/\/fleschmazowsza.com.pl\/index.php?rest_route=\/wp\/v2\/media\/3705"}],"wp:attachment":[{"href":"https:\/\/fleschmazowsza.com.pl\/index.php?rest_route=%2Fwp%2Fv2%2Fmedia&parent=3704"}],"wp:term":[{"taxonomy":"category","embeddable":true,"href":"https:\/\/fleschmazowsza.com.pl\/index.php?rest_route=%2Fwp%2Fv2%2Fcategories&post=3704"},{"taxonomy":"post_tag","embeddable":true,"href":"https:\/\/fleschmazowsza.com.pl\/index.php?rest_route=%2Fwp%2Fv2%2Ftags&post=3704"}],"curies":[{"name":"wp","href":"https:\/\/api.w.org\/{rel}","templated":true}]}}