{"id":3693,"date":"2020-05-25T12:34:51","date_gmt":"2020-05-25T11:34:51","guid":{"rendered":"http:\/\/fleschmazowsza.com.pl\/?p=3693"},"modified":"2020-05-25T12:34:51","modified_gmt":"2020-05-25T11:34:51","slug":"szybszy-wynik-niz-w-stolicy","status":"publish","type":"post","link":"https:\/\/fleschmazowsza.com.pl\/?p=3693","title":{"rendered":"Szybszy wynik ni\u017c w stolicy"},"content":{"rendered":"\n<p><strong>Szpital Zachodni w Grodzisku Mazowieckim zosta\u0142 wyposa\u017cony w sprz\u0119t niezb\u0119dny do przeprowadzania test\u00f3w na koronawirusa. Warto\u015b\u0107 zakupu to ok. 340 tys. z\u0142. Pozyskanie urz\u0105dzenia zacz\u0119\u0142o rodzi\u0107 pytania o oddzia\u0142 zaka\u017any.<\/strong><\/p>\n\n\n\n<p>\u2013Po zarekwirowaniu poprzedniego urz\u0105dzenia decyzj\u0105 przedstawiciela rz\u0105du, jeszcze zanim do nas dotar\u0142o, nie przestali\u015bmy szuka\u0107 aparatury do test\u00f3w na obecno\u015b\u0107 koronawirusa. Uda\u0142o nam si\u0119 zdoby\u0107 aparatur\u0119 nawet lepsz\u0105 od poprzedniej, pozwalaj\u0105c\u0105 przede wszystkim na du\u017co szybsze uzyskanie wyniku, ni\u017c w przeci\u0105\u017conych plac\u00f3wkach w Warszawie \u2013 powiedzia\u0142a Krystyna P\u0142ukis, dyrektor Szpitala Zachodniego.<\/p>\n\n\n\n<p>W kwietniu wszystkie szpitale w regionie otrzyma\u0142y pismo od wojewody mazowieckiego, w kt\u00f3rym skierowana zosta\u0142a pro\u015bba o przygotowanie planu uruchomienia oddzia\u0142u zaka\u017anego lub obserwacyjno-zaka\u017anego z 50 \u0142\u00f3\u017ckami, w tym dziesi\u0119cioma respiratorowymi.<\/p>\n\n\n\n<p>\u2013Skoro takie jest zalecenie b\u0105d\u017a te\u017c pro\u015bba, to musimy si\u0119 do niej przygotowa\u0107, tak jak inne szpitale. My\u015bl\u0119, \u017ce jest to dzia\u0142anie profilaktyczne ze strony rz\u0105du, ale za dwa, trzy tygodnie spodziewany jest szczyt zachorowa\u0144 w Polsce. St\u0105d takie dzia\u0142ania. Musimy poczyni\u0107 przygotowania sprz\u0119towe i organizacyjne. Opracowanie przez nas planu b\u0119dzie te\u017c na bie\u017c\u0105co monitorowane przez organy nadrz\u0119dne \u2013 komentowa\u0142a w\u00f3wczas Krystyna P\u0142ukis.<\/p>\n\n\n\n<p>W tym momencie oddzia\u0142u zaka\u017anego w Szpitalu Zachodnim wci\u0105\u017c nie ma. Jest to rezultat stabilnej sytuacji zachorowa\u0144. Zgodnie z zapowiedziami dyrekcji szpitala, kadra jest przygotowana do zorganizowania takiej jednostki. Lekarze przyznaj\u0105 jednak, \u017ce wci\u0105\u017c brakuje stosownej liczby respirator\u00f3w.<\/p>\n\n\n\n<p>\u2013 Mo\u017ce si\u0119 jednak okaza\u0107, \u017ce nie b\u0119dzie potrzeby uruchamiania oddzia\u0142u zaka\u017anego w naszym szpitalu i powoli sytuacja epidemiologiczna si\u0119 w kraju poprawi\u2013 dodaje dyrektor grodziskiego szpitala.<\/p>\n\n\n\n<p class=\"has-text-align-right\"><strong>Aneta Czarnecka<\/strong><br>Fot.: <strong><em>grodzisk news.pl<\/em><\/strong><\/p>\n","protected":false},"excerpt":{"rendered":"<p>Szpital Zachodni w Grodzisku Mazowieckim zosta\u0142 wyposa\u017cony w sprz\u0119t niezb\u0119dny do przeprowadzania test\u00f3w na koronawirusa. Warto\u015b\u0107 zakupu to ok. 340 tys. z\u0142. Pozyskanie urz\u0105dzenia zacz\u0119\u0142o rodzi\u0107 pytania o oddzia\u0142 zaka\u017any. \u2013Po zarekwirowaniu poprzedniego urz\u0105dzenia decyzj\u0105 przedstawiciela rz\u0105du, jeszcze zanim do nas dotar\u0142o, nie przestali\u015bmy szuka\u0107 aparatury do test\u00f3w na obecno\u015b\u0107 koronawirusa. Uda\u0142o nam si\u0119 zdoby\u0107 [&hellip;]<\/p>\n","protected":false},"author":2,"featured_media":3695,"comment_status":"closed","ping_status":"open","sticky":false,"template":"","format":"standard","meta":{"footnotes":""},"categories":[1,5],"tags":[],"class_list":["post-3693","post","type-post","status-publish","format-standard","has-post-thumbnail","hentry","category-uncategorized","category-wiadomosci"],"_links":{"self":[{"href":"https:\/\/fleschmazowsza.com.pl\/index.php?rest_route=\/wp\/v2\/posts\/3693","targetHints":{"allow":["GET"]}}],"collection":[{"href":"https:\/\/fleschmazowsza.com.pl\/index.php?rest_route=\/wp\/v2\/posts"}],"about":[{"href":"https:\/\/fleschmazowsza.com.pl\/index.php?rest_route=\/wp\/v2\/types\/post"}],"author":[{"embeddable":true,"href":"https:\/\/fleschmazowsza.com.pl\/index.php?rest_route=\/wp\/v2\/users\/2"}],"replies":[{"embeddable":true,"href":"https:\/\/fleschmazowsza.com.pl\/index.php?rest_route=%2Fwp%2Fv2%2Fcomments&post=3693"}],"version-history":[{"count":1,"href":"https:\/\/fleschmazowsza.com.pl\/index.php?rest_route=\/wp\/v2\/posts\/3693\/revisions"}],"predecessor-version":[{"id":3694,"href":"https:\/\/fleschmazowsza.com.pl\/index.php?rest_route=\/wp\/v2\/posts\/3693\/revisions\/3694"}],"wp:featuredmedia":[{"embeddable":true,"href":"https:\/\/fleschmazowsza.com.pl\/index.php?rest_route=\/wp\/v2\/media\/3695"}],"wp:attachment":[{"href":"https:\/\/fleschmazowsza.com.pl\/index.php?rest_route=%2Fwp%2Fv2%2Fmedia&parent=3693"}],"wp:term":[{"taxonomy":"category","embeddable":true,"href":"https:\/\/fleschmazowsza.com.pl\/index.php?rest_route=%2Fwp%2Fv2%2Fcategories&post=3693"},{"taxonomy":"post_tag","embeddable":true,"href":"https:\/\/fleschmazowsza.com.pl\/index.php?rest_route=%2Fwp%2Fv2%2Ftags&post=3693"}],"curies":[{"name":"wp","href":"https:\/\/api.w.org\/{rel}","templated":true}]}}