{"id":3687,"date":"2020-05-25T12:11:10","date_gmt":"2020-05-25T11:11:10","guid":{"rendered":"http:\/\/fleschmazowsza.com.pl\/?p=3687"},"modified":"2020-05-25T12:11:11","modified_gmt":"2020-05-25T11:11:11","slug":"wkrotce-koniec-obowiazku-noszenia-maseczek","status":"publish","type":"post","link":"https:\/\/fleschmazowsza.com.pl\/?p=3687","title":{"rendered":"Wkr\u00f3tce koniec obowi\u0105zku noszenia maseczek?"},"content":{"rendered":"\n<p><strong>W polskiej przestrzeni publicznej od kilku tygodni funkcjonuje nakaz zakrywania ust i nosa. Wielu z nas narzeka na brak wygody z tym zwi\u0105zany. Czy wkr\u00f3tce zdejmiemy maseczki?<\/strong><\/p>\n\n\n\n<p>Obowi\u0105zek noszenia maseczek trwa od 16 kwietnia. Nie dotyczy on wy\u0142\u0105cznie os\u00f3b, kt\u00f3re ze wzgl\u0119du na powa\u017cne problemy zdrowotne nie mog\u0105 chodzi\u0107 w maseczkach oraz dzieci do czwartego roku \u017cycia, kt\u00f3re maj\u0105 problemy z oddychaniem.<\/p>\n\n\n\n<p>\u0141ukasz Szumowski, minister zdrowia, zapowiedzia\u0142 na ostatniej konferencji prasowej, \u017ce noszenie maseczek na twarzy b\u0119dzie obowi\u0105zkowe do czasu wyprodukowania szczepionki na koronawirusa. Naukowcy m\u00f3wi\u0105, \u017ce szczepionka mo\u017ce by\u0107 gotowa najwcze\u015bniej jesieni\u0105, a by\u0107 mo\u017ce nawet dopiero za rok lub p\u00f3\u0142tora. \u015awiatowa Organizacja Zdrowia (WHO) zaznacza, \u017ce nieprawid\u0142owe u\u017cytkowanie maseczek wyrz\u0105dza szkody zdrowotne. Wielu z nas czeka z niecierpliwo\u015bci\u0105 na moment, kiedy b\u0119dziemy mogli zdj\u0105\u0107 os\u0142ony twarzy.<\/p>\n\n\n\n<p>Przedstawiciele rz\u0105du informuj\u0105 jednak, \u017ce planowane jest zniesienie obowi\u0105zku zas\u0142aniania ust i nosa. Podaj\u0105 nawet mo\u017cliwe terminy zniwelowania tego nakazu.<\/p>\n\n\n\n<p>\u2013 My\u015bl\u0119, \u017ce w ci\u0105gu mo\u017ce tygodnia, dw\u00f3ch, zaproponujemy taki model zwi\u0105zany z noszeniem maseczek, by\u0107 mo\u017ce wy\u0142\u0105czaj\u0105cy pewne regiony, powiaty, wojew\u00f3dztwa z tego obowi\u0105zku w przestrzeni otwartej. Raczej nie m\u00f3wimy o tym, \u017ceby zrezygnowa\u0107 z tego obowi\u0105zku w przestrzeniach zamkni\u0119tych \u2013 powiedzia\u0142 wiceminister zdrowia S\u0142awomir Gadomski, komentuj\u0105c nakaz noszenia maseczek.<\/p>\n\n\n\n<p>Czy region Mazowsza b\u0119dzie nale\u017ca\u0142 do tych, kt\u00f3re zostan\u0105 obj\u0119te zniesieniem obowi\u0105zku? A co ze stolic\u0105? Czekamy na wi\u0119cej informacji w tej sprawie.<\/p>\n\n\n\n<p class=\"has-text-align-right\"><strong>Aneta Czarnecka<\/strong><br>Fot.: <em><strong>Pixabay.com<\/strong><\/em><\/p>\n","protected":false},"excerpt":{"rendered":"<p>W polskiej przestrzeni publicznej od kilku tygodni funkcjonuje nakaz zakrywania ust i nosa. Wielu z nas narzeka na brak wygody z tym zwi\u0105zany. Czy wkr\u00f3tce zdejmiemy maseczki? Obowi\u0105zek noszenia maseczek trwa od 16 kwietnia. Nie dotyczy on wy\u0142\u0105cznie os\u00f3b, kt\u00f3re ze wzgl\u0119du na powa\u017cne problemy zdrowotne nie mog\u0105 chodzi\u0107 w maseczkach oraz dzieci do czwartego [&hellip;]<\/p>\n","protected":false},"author":2,"featured_media":3688,"comment_status":"closed","ping_status":"open","sticky":false,"template":"","format":"standard","meta":{"footnotes":""},"categories":[5],"tags":[],"class_list":["post-3687","post","type-post","status-publish","format-standard","has-post-thumbnail","hentry","category-wiadomosci"],"_links":{"self":[{"href":"https:\/\/fleschmazowsza.com.pl\/index.php?rest_route=\/wp\/v2\/posts\/3687","targetHints":{"allow":["GET"]}}],"collection":[{"href":"https:\/\/fleschmazowsza.com.pl\/index.php?rest_route=\/wp\/v2\/posts"}],"about":[{"href":"https:\/\/fleschmazowsza.com.pl\/index.php?rest_route=\/wp\/v2\/types\/post"}],"author":[{"embeddable":true,"href":"https:\/\/fleschmazowsza.com.pl\/index.php?rest_route=\/wp\/v2\/users\/2"}],"replies":[{"embeddable":true,"href":"https:\/\/fleschmazowsza.com.pl\/index.php?rest_route=%2Fwp%2Fv2%2Fcomments&post=3687"}],"version-history":[{"count":1,"href":"https:\/\/fleschmazowsza.com.pl\/index.php?rest_route=\/wp\/v2\/posts\/3687\/revisions"}],"predecessor-version":[{"id":3689,"href":"https:\/\/fleschmazowsza.com.pl\/index.php?rest_route=\/wp\/v2\/posts\/3687\/revisions\/3689"}],"wp:featuredmedia":[{"embeddable":true,"href":"https:\/\/fleschmazowsza.com.pl\/index.php?rest_route=\/wp\/v2\/media\/3688"}],"wp:attachment":[{"href":"https:\/\/fleschmazowsza.com.pl\/index.php?rest_route=%2Fwp%2Fv2%2Fmedia&parent=3687"}],"wp:term":[{"taxonomy":"category","embeddable":true,"href":"https:\/\/fleschmazowsza.com.pl\/index.php?rest_route=%2Fwp%2Fv2%2Fcategories&post=3687"},{"taxonomy":"post_tag","embeddable":true,"href":"https:\/\/fleschmazowsza.com.pl\/index.php?rest_route=%2Fwp%2Fv2%2Ftags&post=3687"}],"curies":[{"name":"wp","href":"https:\/\/api.w.org\/{rel}","templated":true}]}}