{"id":368,"date":"2016-11-25T14:57:23","date_gmt":"2016-11-25T13:57:23","guid":{"rendered":"http:\/\/fleschmazowsza.com.pl\/?p=368"},"modified":"2016-11-25T14:57:23","modified_gmt":"2016-11-25T13:57:23","slug":"gruzinscy-radiowcy-w-grodzisku-mazowieckim","status":"publish","type":"post","link":"https:\/\/fleschmazowsza.com.pl\/?p=368","title":{"rendered":"Gruzi\u0144scy radiowcy w Grodzisku Mazowieckim"},"content":{"rendered":"<p><strong>Do Radia Bogoria przyjecha\u0142a 8 osobowa grupa dziennikarzy z Gruzji. Przylecieli do Polski, \u017ceby zobaczy\u0107 jak dzia\u0142aj\u0105 lokalne media.<\/strong><\/p>\n<p>Do Grodziska przyjechali mi\u0119dzy innymi dziennikarze z Radia Tbilisi i Radia Marneuli. Gruzi\u0144scy go\u015bcie \u2013 opr\u00f3cz zwiedzania redakcji- rozmawiali tak\u017ce o tym jak wygl\u0105da u nas dziennikarstwo w lokalnym wydaniu. Na ich pytania odpowiadali szefowa newsroomu: Agnieszka Goleniak oraz redaktor naczelny Marek Karczewski. Zagranicznych go\u015bci interesowa\u0142a tak\u017ce wsp\u00f3\u0142praca Radia Bogoria z instytucjami samorz\u0105dowymi. O roli radia dla lokalnego samorz\u0105du w czasie spotkania m\u00f3wi\u0142 burmistrz Grodziska Mazowieckiego \u2013 Grzegorz Benedykci\u0144ski.<\/p>\n<p>Nie wykluczone, \u017ce w przysz\u0142o\u015bci gruzi\u0144scy dziennikarze zawitaj\u0105 jeszcze do Grodziska Mazowieckiego.\u00a0 W planach jest zorganizowanie sta\u017cu dla 4 dziennikarzy z Gruzji.<\/p>\n<p style=\"text-align: right;\"><strong>Marek Karczewski<\/strong><br \/>\nKierownik Dzia\u0142u Medi\u00f3w<br \/>\nRedaktor Naczelny Radia Bogoria<\/p>\n","protected":false},"excerpt":{"rendered":"<p>Do Radia Bogoria przyjecha\u0142a 8 osobowa grupa dziennikarzy z Gruzji. Przylecieli do Polski, \u017ceby zobaczy\u0107 jak dzia\u0142aj\u0105 lokalne media. Do Grodziska przyjechali mi\u0119dzy innymi dziennikarze z Radia Tbilisi i Radia Marneuli. Gruzi\u0144scy go\u015bcie \u2013 opr\u00f3cz zwiedzania redakcji- rozmawiali tak\u017ce o tym jak wygl\u0105da u nas dziennikarstwo w lokalnym wydaniu. Na ich pytania odpowiadali szefowa newsroomu: [&hellip;]<\/p>\n","protected":false},"author":2,"featured_media":371,"comment_status":"closed","ping_status":"open","sticky":false,"template":"","format":"standard","meta":{"footnotes":""},"categories":[5],"tags":[],"class_list":["post-368","post","type-post","status-publish","format-standard","has-post-thumbnail","hentry","category-wiadomosci"],"_links":{"self":[{"href":"https:\/\/fleschmazowsza.com.pl\/index.php?rest_route=\/wp\/v2\/posts\/368","targetHints":{"allow":["GET"]}}],"collection":[{"href":"https:\/\/fleschmazowsza.com.pl\/index.php?rest_route=\/wp\/v2\/posts"}],"about":[{"href":"https:\/\/fleschmazowsza.com.pl\/index.php?rest_route=\/wp\/v2\/types\/post"}],"author":[{"embeddable":true,"href":"https:\/\/fleschmazowsza.com.pl\/index.php?rest_route=\/wp\/v2\/users\/2"}],"replies":[{"embeddable":true,"href":"https:\/\/fleschmazowsza.com.pl\/index.php?rest_route=%2Fwp%2Fv2%2Fcomments&post=368"}],"version-history":[{"count":1,"href":"https:\/\/fleschmazowsza.com.pl\/index.php?rest_route=\/wp\/v2\/posts\/368\/revisions"}],"predecessor-version":[{"id":370,"href":"https:\/\/fleschmazowsza.com.pl\/index.php?rest_route=\/wp\/v2\/posts\/368\/revisions\/370"}],"wp:featuredmedia":[{"embeddable":true,"href":"https:\/\/fleschmazowsza.com.pl\/index.php?rest_route=\/wp\/v2\/media\/371"}],"wp:attachment":[{"href":"https:\/\/fleschmazowsza.com.pl\/index.php?rest_route=%2Fwp%2Fv2%2Fmedia&parent=368"}],"wp:term":[{"taxonomy":"category","embeddable":true,"href":"https:\/\/fleschmazowsza.com.pl\/index.php?rest_route=%2Fwp%2Fv2%2Fcategories&post=368"},{"taxonomy":"post_tag","embeddable":true,"href":"https:\/\/fleschmazowsza.com.pl\/index.php?rest_route=%2Fwp%2Fv2%2Ftags&post=368"}],"curies":[{"name":"wp","href":"https:\/\/api.w.org\/{rel}","templated":true}]}}