{"id":3665,"date":"2020-05-19T12:56:57","date_gmt":"2020-05-19T11:56:57","guid":{"rendered":"http:\/\/fleschmazowsza.com.pl\/?p=3665"},"modified":"2020-05-19T12:57:34","modified_gmt":"2020-05-19T11:57:34","slug":"zamiast-biletomatow-maseczkomaty","status":"publish","type":"post","link":"https:\/\/fleschmazowsza.com.pl\/?p=3665","title":{"rendered":"Zamiast biletomat\u00f3w \u2013 maseczkomaty"},"content":{"rendered":"\n<p><strong>Epidemia koronawirusa niesie nowe obostrzenia oraz obowi\u0105zki. Jedn\u0105 z nich jest konieczno\u015b\u0107 noszenia maseczek lub os\u0142on na twarz i nos. Wszystko wskazuje na to, \u017ce b\u0119dzie to nieod\u0142\u0105czny element naszej garderoby przez jeszcze d\u0142ugi czas. W\u0142a\u015bnie dlatego przy Urz\u0119dzie Miasta w Pruszkowie stan\u0105\u0142 pierwszy w mie\u015bcie automat z maseczkami oraz niezb\u0119dnymi \u015brodkami ochrony osobistej. W\u0142odarze zapowiadaj\u0105 tak\u017ce lokowanie takich urz\u0105dze\u0144 w kolejnych punktach miasta.<\/strong><\/p>\n\n\n\n<p>W naszym regionie to jednak Piast\u00f3w by\u0142 pierwszym miastem, kt\u00f3ry wprowadzi\u0142 automaty z maseczkami. Mieszka\u0144cy byli zadowoleni z tego pomys\u0142u, a wkr\u00f3tce zapad\u0142a deklaracja ustawienia kolejnego urz\u0105dzenia. Niebawem z tego rozwi\u0105zania skorzysta\u0142 tak\u017ce Pruszk\u00f3w.<\/p>\n\n\n\n<p>Aktualnie w maseczkomacie mo\u017cna kupi\u0107:<\/p>\n\n\n\n<p>\u2013 tr\u00f3jwarstwowe maseczki medyczne \u2013 8,80z\u0142\/szt.,<\/p>\n\n\n\n<p>\u2013 r\u0119kawiczki ochronne w pi\u0119ciu rozmiarach od XS do XL \u2013 2,90z\u0142\/para,<\/p>\n\n\n\n<p>\u2013 \u017cel antybakteryjny w saszetkach \u2013 4,50z\u0142\/3 szt.,<\/p>\n\n\n\n<p>\u2013 \u017cel antybakteryjny w buteleczce 60 ml \u2013 13,90z\u0142\/szt.,<\/p>\n\n\n\n<p>\u2013 \u017cel antybakteryjny w tubce 50 ml \u2013 10,90z\u0142\/szt.<\/p>\n\n\n\n<p>Asortyment, kt\u00f3ry dost\u0119pny jest w maseczkomacie b\u0119dzie na bie\u017c\u0105co uzupe\u0142niany oraz wyposa\u017cany w nowe produkty. Urz\u0105d Miasta zapowiada kolejne urz\u0105dzenia na terenie Pruszkowa.<\/p>\n\n\n\n<p class=\"has-text-align-right\"><strong>Aneta Czarnecka<\/strong><br>Fot.: <em><strong>Pixabay.com<\/strong><\/em><\/p>\n","protected":false},"excerpt":{"rendered":"<p>Epidemia koronawirusa niesie nowe obostrzenia oraz obowi\u0105zki. Jedn\u0105 z nich jest konieczno\u015b\u0107 noszenia maseczek lub os\u0142on na twarz i nos. Wszystko wskazuje na to, \u017ce b\u0119dzie to nieod\u0142\u0105czny element naszej garderoby przez jeszcze d\u0142ugi czas. W\u0142a\u015bnie dlatego przy Urz\u0119dzie Miasta w Pruszkowie stan\u0105\u0142 pierwszy w mie\u015bcie automat z maseczkami oraz niezb\u0119dnymi \u015brodkami ochrony osobistej. W\u0142odarze [&hellip;]<\/p>\n","protected":false},"author":2,"featured_media":3667,"comment_status":"closed","ping_status":"open","sticky":false,"template":"","format":"standard","meta":{"footnotes":""},"categories":[1],"tags":[],"class_list":["post-3665","post","type-post","status-publish","format-standard","has-post-thumbnail","hentry","category-uncategorized"],"_links":{"self":[{"href":"https:\/\/fleschmazowsza.com.pl\/index.php?rest_route=\/wp\/v2\/posts\/3665","targetHints":{"allow":["GET"]}}],"collection":[{"href":"https:\/\/fleschmazowsza.com.pl\/index.php?rest_route=\/wp\/v2\/posts"}],"about":[{"href":"https:\/\/fleschmazowsza.com.pl\/index.php?rest_route=\/wp\/v2\/types\/post"}],"author":[{"embeddable":true,"href":"https:\/\/fleschmazowsza.com.pl\/index.php?rest_route=\/wp\/v2\/users\/2"}],"replies":[{"embeddable":true,"href":"https:\/\/fleschmazowsza.com.pl\/index.php?rest_route=%2Fwp%2Fv2%2Fcomments&post=3665"}],"version-history":[{"count":2,"href":"https:\/\/fleschmazowsza.com.pl\/index.php?rest_route=\/wp\/v2\/posts\/3665\/revisions"}],"predecessor-version":[{"id":3668,"href":"https:\/\/fleschmazowsza.com.pl\/index.php?rest_route=\/wp\/v2\/posts\/3665\/revisions\/3668"}],"wp:featuredmedia":[{"embeddable":true,"href":"https:\/\/fleschmazowsza.com.pl\/index.php?rest_route=\/wp\/v2\/media\/3667"}],"wp:attachment":[{"href":"https:\/\/fleschmazowsza.com.pl\/index.php?rest_route=%2Fwp%2Fv2%2Fmedia&parent=3665"}],"wp:term":[{"taxonomy":"category","embeddable":true,"href":"https:\/\/fleschmazowsza.com.pl\/index.php?rest_route=%2Fwp%2Fv2%2Fcategories&post=3665"},{"taxonomy":"post_tag","embeddable":true,"href":"https:\/\/fleschmazowsza.com.pl\/index.php?rest_route=%2Fwp%2Fv2%2Ftags&post=3665"}],"curies":[{"name":"wp","href":"https:\/\/api.w.org\/{rel}","templated":true}]}}