{"id":3662,"date":"2020-05-19T12:52:15","date_gmt":"2020-05-19T11:52:15","guid":{"rendered":"http:\/\/fleschmazowsza.com.pl\/?p=3662"},"modified":"2020-05-19T12:52:16","modified_gmt":"2020-05-19T11:52:16","slug":"znow-mozna-wejsc-do-lasow-a-w-nich-zagrozenie-pozarowe","status":"publish","type":"post","link":"https:\/\/fleschmazowsza.com.pl\/?p=3662","title":{"rendered":"Zn\u00f3w mo\u017cna wej\u015b\u0107 do las\u00f3w \u2013 a w nich zagro\u017cenie po\u017carowe"},"content":{"rendered":"\n<p><strong>Wiosna w pe\u0142ni, a wraz z ni\u0105 symptomy suszy. Deszczu brakuje, coraz cz\u0119\u015bciej niepokoj\u0105 si\u0119 sadownicy i rolnicy, kt\u00f3rzy zapowiadaj\u0105 nieurodzajny sezon. Synoptycy alarmuj\u0105, \u017ce w najbli\u017cszym czasie zapowiadaj\u0105 si\u0119 suche miesi\u0105ce, a wraz z nimi podwy\u017cszony poziom zagro\u017cenia po\u017carowego. Wida\u0107 to szczeg\u00f3lnie w Podkowie Le\u015bnej.<\/strong><\/p>\n\n\n\n<p>Znaczn\u0105 cz\u0119\u015b\u0107 miasta zajmuj\u0105 lasy, a to w\u0142a\u015bnie one s\u0105 pierwszorz\u0119dnym katalizatorem po\u017car\u00f3w.<\/p>\n\n\n\n<p>\u2013 W lasach obowi\u0105zuje najwy\u017cszy stopie\u0144 zagro\u017cenia po\u017carowego \u2013 jest potwornie sucho, grozi nam ponowny zakaz wej\u015bcia. Od pocz\u0105tku roku lasy w ca\u0142ej Polsce p\u0142on\u0119\u0142y ponad 2,6 tys. razy. W niedziel\u0119, 19 kwietnia, wybuch\u0142o a\u017c 172 po\u017car\u00f3w, pali\u0142 si\u0119 Biebrza\u0144ski Park Narodowy. W zwi\u0105zku z ogromnym zagro\u017ceniem na terenie miasta apeluj\u0119 o zachowanie szczeg\u00f3lnej ostro\u017cno\u015bci podczas korzystania z lasu, przestrzeni publicznych i ogrod\u00f3w \u2013 przestrzega na blogu Artur Tusi\u0144ski, burmistrz Podkowy Le\u015bnej.<\/p>\n\n\n\n<p>W\u0142adze wzywaj\u0105, aby zachowa\u0107 szczeg\u00f3ln\u0105 ostro\u017cno\u015b\u0107, a tak\u017ce nie dopuszcza\u0107 si\u0119 bezmy\u015blno\u015bci, takich jak rozpalanie ognisk lub grillowanie na terenie lasu. Nale\u017cy r\u00f3wnie\u017c pilnowa\u0107 niedopa\u0142k\u00f3w papieros\u00f3w oraz zapalniczek. Pami\u0119tajmy r\u00f3wnie\u017c o tym, \u017ce po\u017cary w lasach wywo\u0142ywane s\u0105 cz\u0119sto tak\u017ce przez pozostawione tam \u015bmieci.<\/p>\n\n\n\n<p>\u2013 Tylko dzisiaj ze spaceru w lesie wynios\u0142em dwa worki, g\u0142\u00f3wnie butelek \u2013 co stanowi powa\u017cne zagro\u017cenie po\u017carowe \u2013 m\u00f3wi burmistrz.<\/p>\n\n\n\n<p>Susza jest zagro\u017ceniem nie tylko dla zwierz\u0105t, ale przede wszystkim dla mieszka\u0144c\u00f3w okolicznych las\u00f3w. Powstrzymajmy si\u0119 od prac ogrodowych, kt\u00f3re mog\u0142yby wywo\u0142a\u0107 po\u017car.<\/p>\n\n\n\n<p>\u2013 Na terenie miasta zosta\u0142 przeprowadzony przegl\u0105d hydrant\u00f3w, zdecydowa\u0142em o wymianie podziemnych na nadziemne w bezpo\u015brednim s\u0105siedztwie lasu, tak aby u\u0142atwi\u0107 ewentualne akcje stra\u017cak\u00f3w \u2013 poinformowa\u0142 Tusi\u0144ski.<\/p>\n\n\n\n<p>Dbajmy o bezpiecze\u0144stwo nasze oraz naszego najbli\u017cszego otoczenia. Pami\u0119tajmy, \u017ce lasy w obecnej sytuacji epidemicznej s\u0105 dla wielu z nas odskoczni\u0105 od codziennych obowi\u0105zk\u00f3w oraz mo\u017cliwo\u015bci\u0105 skorzystania z pi\u0119knej pogody. Zatroszczmy si\u0119, aby te szczeg\u00f3lne miejsca s\u0142u\u017cy\u0142y nam wszystkim.<\/p>\n\n\n\n<p class=\"has-text-align-right\"><strong>Aneta Carnecka<\/strong><br>Fot.: <em><strong>Pixabay.com<\/strong><\/em><\/p>\n","protected":false},"excerpt":{"rendered":"<p>Wiosna w pe\u0142ni, a wraz z ni\u0105 symptomy suszy. Deszczu brakuje, coraz cz\u0119\u015bciej niepokoj\u0105 si\u0119 sadownicy i rolnicy, kt\u00f3rzy zapowiadaj\u0105 nieurodzajny sezon. Synoptycy alarmuj\u0105, \u017ce w najbli\u017cszym czasie zapowiadaj\u0105 si\u0119 suche miesi\u0105ce, a wraz z nimi podwy\u017cszony poziom zagro\u017cenia po\u017carowego. Wida\u0107 to szczeg\u00f3lnie w Podkowie Le\u015bnej. Znaczn\u0105 cz\u0119\u015b\u0107 miasta zajmuj\u0105 lasy, a to w\u0142a\u015bnie one [&hellip;]<\/p>\n","protected":false},"author":2,"featured_media":3663,"comment_status":"closed","ping_status":"open","sticky":false,"template":"","format":"standard","meta":{"footnotes":""},"categories":[8],"tags":[],"class_list":["post-3662","post","type-post","status-publish","format-standard","has-post-thumbnail","hentry","category-roznosci"],"_links":{"self":[{"href":"https:\/\/fleschmazowsza.com.pl\/index.php?rest_route=\/wp\/v2\/posts\/3662","targetHints":{"allow":["GET"]}}],"collection":[{"href":"https:\/\/fleschmazowsza.com.pl\/index.php?rest_route=\/wp\/v2\/posts"}],"about":[{"href":"https:\/\/fleschmazowsza.com.pl\/index.php?rest_route=\/wp\/v2\/types\/post"}],"author":[{"embeddable":true,"href":"https:\/\/fleschmazowsza.com.pl\/index.php?rest_route=\/wp\/v2\/users\/2"}],"replies":[{"embeddable":true,"href":"https:\/\/fleschmazowsza.com.pl\/index.php?rest_route=%2Fwp%2Fv2%2Fcomments&post=3662"}],"version-history":[{"count":1,"href":"https:\/\/fleschmazowsza.com.pl\/index.php?rest_route=\/wp\/v2\/posts\/3662\/revisions"}],"predecessor-version":[{"id":3664,"href":"https:\/\/fleschmazowsza.com.pl\/index.php?rest_route=\/wp\/v2\/posts\/3662\/revisions\/3664"}],"wp:featuredmedia":[{"embeddable":true,"href":"https:\/\/fleschmazowsza.com.pl\/index.php?rest_route=\/wp\/v2\/media\/3663"}],"wp:attachment":[{"href":"https:\/\/fleschmazowsza.com.pl\/index.php?rest_route=%2Fwp%2Fv2%2Fmedia&parent=3662"}],"wp:term":[{"taxonomy":"category","embeddable":true,"href":"https:\/\/fleschmazowsza.com.pl\/index.php?rest_route=%2Fwp%2Fv2%2Fcategories&post=3662"},{"taxonomy":"post_tag","embeddable":true,"href":"https:\/\/fleschmazowsza.com.pl\/index.php?rest_route=%2Fwp%2Fv2%2Ftags&post=3662"}],"curies":[{"name":"wp","href":"https:\/\/api.w.org\/{rel}","templated":true}]}}