{"id":3659,"date":"2020-05-19T12:49:13","date_gmt":"2020-05-19T11:49:13","guid":{"rendered":"http:\/\/fleschmazowsza.com.pl\/?p=3659"},"modified":"2020-05-19T12:49:14","modified_gmt":"2020-05-19T11:49:14","slug":"badzmy-gotowi-na-susze","status":"publish","type":"post","link":"https:\/\/fleschmazowsza.com.pl\/?p=3659","title":{"rendered":"B\u0105d\u017amy gotowi na susz\u0119!"},"content":{"rendered":"\n<p><strong>Polska, cho\u0107 le\u017cy w umiarkowanej strefie klimatycznej, nie jest krajem zasobnym w wod\u0119. Dodatkowo, po rekordowo ubogim w opady styczniu 2020 r., mo\u017cna spodziewa\u0107 si\u0119 znacznych problem\u00f3w w cieplejszych miesi\u0105cach \u2013 szczeg\u00f3lnie w czerwcu i sierpniu nale\u017cy by\u0107 przygotowanym na susz\u0119.<\/strong><\/p>\n\n\n\n<p>Sytuacja hydrologiczna Polski jest alarmuj\u0105ca. Jak wynika z danych Eurostatu, na jednego mieszka\u0144ca przypada 1 600 m3 wody rocznie. Tymczasem, \u015brednia europejska jest niemal trzykrotnie wy\u017csza (4560 m3). Aby jeszcze lepiej zobrazowa\u0107 powag\u0119 sytuacji, nale\u017cy por\u00f3wna\u0107 sytuacj\u0119 Polski do naszego po\u0142udniowego s\u0105siada \u2013 S\u0142owacji, gdzie na jedn\u0105 osob\u0119 przypada a\u017c 14 800 m3 wody.<\/p>\n\n\n\n<p>Nasz\u0105 sytuacj\u0119 negatywnie ocenia r\u00f3wnie\u017c raport ONZ, wskazuj\u0105cy, \u017ce znajdujemy si\u0119 w\u015br\u00f3d pa\u0144stw nara\u017conych na deficyty wody. Za bezpieczny uznawany jest bowiem wsp\u00f3\u0142czynnik kszta\u0142tuj\u0105cy si\u0119 na poziomie co najmniej 1&nbsp; 700 m3.<\/p>\n\n\n\n<p class=\"has-text-align-center\"><strong>W czym problem?<\/strong><\/p>\n\n\n\n<p>Problemy w naszym kraju zwi\u0105zane s\u0105 m.in. z retencj\u0105, czyli zdolno\u015bci\u0105 gromadzenia i magazynowania wody \u2013 zar\u00f3wno w spos\u00f3b naturalny (np. jeziora i rzeki, ale tak\u017ce ro\u015blinno\u015b\u0107), jak i sztuczny (np. zbiorniki powsta\u0142e w wyniku budowy tamy na rzece).<\/p>\n\n\n\n<p>\u2013 Post\u0119puj\u0105ca urbanizacja sprawia, \u017ce coraz wi\u0119ksze obszary zajmowane s\u0105 m.in. przez beton, kosztem gleb. W ten spos\u00f3b du\u017ce po\u0142acie terenu zostaj\u0105 uszczelnione, ograniczaj\u0105c wch\u0142anianie wody. To sprawia, \u017ce konieczne jest tworzenie nowych, sztucznych zbiornik\u00f3w \u2013 wyja\u015bnia Rados\u0142aw \u017buk, prezes zarz\u0105du Fundacji Banku Ochrony \u015arodowiska.<\/p>\n\n\n\n<p>Zwi\u0119kszenie pojemno\u015bci retencyjnej rzek pozwoli\u0142oby ograniczy\u0107 skutki powodzi i susz. Obecnie jednak ilo\u015b\u0107 wody magazynowanej w zbiornikach retencyjnych wynosi ok. 4 mld m3, czyli tylko nieco ponad 6,5 proc. \u015bredniorocznego odp\u0142ywu rzecznego. Tymczasem, zatrzymywanej wody mog\u0142oby by\u0107 znacznie wi\u0119cej. Szacuje si\u0119, \u017ce warunki wyst\u0119puj\u0105ce w Polsce pozwalaj\u0105 na retencj\u0119 15 proc. w\u00f3d rzecznych.<\/p>\n\n\n\n<p class=\"has-text-align-center\"><strong>Rekordy ciep\u0142a i braku opad\u00f3w<\/strong><\/p>\n\n\n\n<p>Niepokoi\u0107 mog\u0105 r\u00f3wnie\u017c dane meteorologiczne. Rok 2019 zosta\u0142 zaklasyfikowany jako anomalnie ciep\u0142y. \u015arednia roczna temperatura w Polsce wynios\u0142a 10,2\u00b0C, czyli o 2,4\u00b0C wi\u0119cej od normy wieloletniej (1971-2000). To r\u00f3wnie\u017c oznacza, \u017ce zabrak\u0142o jedynie 0,1\u00b0C do tego, by uzna\u0107 ubieg\u0142y rok za ekstremalnie ciep\u0142y. Opady roczne z kolei osi\u0105gn\u0119\u0142y poziom 91,7 proc. normy wieloletniej (wg klasyfikacji Z. Kaczorowskiej) \u2013 niezmiernie dotkliwe zjawisko suszy by\u0142o w okresie wakacyjnym (czerwiec-sierpie\u0144), kiedy \u015brednie opady ukszta\u0142towa\u0142y si\u0119 na poziomie 69,4 proc. normy wieloletniej.<\/p>\n\n\n\n<p>Dodatkowo, ju\u017c w styczniu 2020 r. Pa\u0144stwowe Gospodarstwo Wodne Wody Polskie poinformowa\u0142o, \u017ce na znacznym obszarze kraju \u2013 od Pomorza Zachodniego, przez Wielkopolsk\u0119, Kujawy i Pomorze oraz cz\u0119\u015b\u0107 woj. \u0142\u00f3dzkiego, po Warmi\u0119 i Mazury \u2013 wyst\u0119puje susza atmosferyczna (zwi\u0105zana z niedostatecznymi opadami) i rolnicza (niski poziom wilgotno\u015bci gleby). Opady na prze\u0142omie stycznia i lutego nie zdo\u0142a\u0142y poprawi\u0107 sytuacji hydrologicznej \u2013 nadal w wielu miejscach Polski jest ona niekorzystna.<\/p>\n\n\n\n<p>Anomalie zwi\u0105zane z opadami wyst\u0119powa\u0142y w naszym kraju nie tylko na pocz\u0105tku 2020 roku. Warto zwr\u00f3ci\u0107 uwag\u0119, \u017ce \u015bredni opad w ubieg\u0142ym roku jedynie nieznacznie przekroczy\u0142 granic\u0119 dziel\u0105c\u0105 lata suche od normalnych.<\/p>\n\n\n\n<p>\u2013 Zgodnie z klasyfikacj\u0105 Z. Kaczorowskiej, sze\u015b\u0107 miesi\u0119cy 2019 roku zaliczono do suchych. Dodatkowo miesi\u0105ce, kt\u00f3re na og\u00f3\u0142 charakteryzuj\u0105 si\u0119 wysokimi opadami, czyli czerwiec i lipiec, zosta\u0142y zakwalifikowane do bardzo suchych. To alarmuj\u0105ce dane \u2013 ocenia Rados\u0142aw \u017buk, prezes zarz\u0105du Fundacji BO\u015a.<\/p>\n\n\n\n<p class=\"has-text-align-center\"><strong>Ka\u017cdy mo\u017ce oszcz\u0119dza\u0107 wod\u0119<\/strong><\/p>\n\n\n\n<p>W obliczu zagro\u017cenia susz\u0105, konieczno\u015bci\u0105 jest zatem racjonalne gospodarowanie wod\u0105 \u2013 nie tylko w zak\u0142adach produkcyjnych, ale tak\u017ce w naszych domach. A oszcz\u0119dno\u015bci w tym zakresie mog\u0105 by\u0107 znaczne. Pojemno\u015b\u0107 przeci\u0119tnej wanny to oko\u0142o 200 l. Zape\u0142niaj\u0105c j\u0105 tylko do po\u0142owy, i tak zu\u017cywa si\u0119 100 l wody. Bior\u0105c kilkuminutowy prysznic mo\u017cemy zredukowa\u0107 zu\u017cycie wody do 45 l, je\u017celi posiadamy odpowiednio efektywn\u0105 armatur\u0119.<\/p>\n\n\n\n<p>Nale\u017cy r\u00f3wnie\u017c pami\u0119ta\u0107 o w\u0142a\u015bciwej konserwacji sprz\u0119tu. Ciekn\u0105cy kran lub sp\u0142uczka to bowiem marnotrawienie zar\u00f3wno wody, jak i pieni\u0119dzy.<\/p>\n\n\n\n<p>Ciekawym rozwi\u0105zaniem, w przypadku posiadania domu jednorodzinnego, jest tak\u017ce zdecydowanie si\u0119 na zainstalowanie zbiornika retencyjnego na deszcz\u00f3wk\u0119. W ten spos\u00f3b magazynowana woda mo\u017ce zosta\u0107 wykorzystana do podlewania trawnika czy warzywnika, przynosz\u0105c nam w ci\u0105gu roku znaczne oszcz\u0119dno\u015bci oraz satysfakcj\u0119.<\/p>\n\n\n\n<p class=\"has-text-align-right\">Tekst i foto: <strong>Ce Communicati<\/strong>on<\/p>\n","protected":false},"excerpt":{"rendered":"<p>Polska, cho\u0107 le\u017cy w umiarkowanej strefie klimatycznej, nie jest krajem zasobnym w wod\u0119. Dodatkowo, po rekordowo ubogim w opady styczniu 2020 r., mo\u017cna spodziewa\u0107 si\u0119 znacznych problem\u00f3w w cieplejszych miesi\u0105cach \u2013 szczeg\u00f3lnie w czerwcu i sierpniu nale\u017cy by\u0107 przygotowanym na susz\u0119. Sytuacja hydrologiczna Polski jest alarmuj\u0105ca. Jak wynika z danych Eurostatu, na jednego mieszka\u0144ca przypada [&hellip;]<\/p>\n","protected":false},"author":2,"featured_media":3660,"comment_status":"closed","ping_status":"open","sticky":false,"template":"","format":"standard","meta":{"footnotes":""},"categories":[9,8],"tags":[],"class_list":["post-3659","post","type-post","status-publish","format-standard","has-post-thumbnail","hentry","category-edukacja","category-roznosci"],"_links":{"self":[{"href":"https:\/\/fleschmazowsza.com.pl\/index.php?rest_route=\/wp\/v2\/posts\/3659","targetHints":{"allow":["GET"]}}],"collection":[{"href":"https:\/\/fleschmazowsza.com.pl\/index.php?rest_route=\/wp\/v2\/posts"}],"about":[{"href":"https:\/\/fleschmazowsza.com.pl\/index.php?rest_route=\/wp\/v2\/types\/post"}],"author":[{"embeddable":true,"href":"https:\/\/fleschmazowsza.com.pl\/index.php?rest_route=\/wp\/v2\/users\/2"}],"replies":[{"embeddable":true,"href":"https:\/\/fleschmazowsza.com.pl\/index.php?rest_route=%2Fwp%2Fv2%2Fcomments&post=3659"}],"version-history":[{"count":1,"href":"https:\/\/fleschmazowsza.com.pl\/index.php?rest_route=\/wp\/v2\/posts\/3659\/revisions"}],"predecessor-version":[{"id":3661,"href":"https:\/\/fleschmazowsza.com.pl\/index.php?rest_route=\/wp\/v2\/posts\/3659\/revisions\/3661"}],"wp:featuredmedia":[{"embeddable":true,"href":"https:\/\/fleschmazowsza.com.pl\/index.php?rest_route=\/wp\/v2\/media\/3660"}],"wp:attachment":[{"href":"https:\/\/fleschmazowsza.com.pl\/index.php?rest_route=%2Fwp%2Fv2%2Fmedia&parent=3659"}],"wp:term":[{"taxonomy":"category","embeddable":true,"href":"https:\/\/fleschmazowsza.com.pl\/index.php?rest_route=%2Fwp%2Fv2%2Fcategories&post=3659"},{"taxonomy":"post_tag","embeddable":true,"href":"https:\/\/fleschmazowsza.com.pl\/index.php?rest_route=%2Fwp%2Fv2%2Ftags&post=3659"}],"curies":[{"name":"wp","href":"https:\/\/api.w.org\/{rel}","templated":true}]}}