{"id":3655,"date":"2020-05-19T12:45:23","date_gmt":"2020-05-19T11:45:23","guid":{"rendered":"http:\/\/fleschmazowsza.com.pl\/?p=3655"},"modified":"2020-05-19T12:45:25","modified_gmt":"2020-05-19T11:45:25","slug":"pierwsze-przykazanie-umyj-rece","status":"publish","type":"post","link":"https:\/\/fleschmazowsza.com.pl\/?p=3655","title":{"rendered":"Pierwsze przykazanie? Umyj r\u0119ce"},"content":{"rendered":"\n<p><strong>Jak najcz\u0119\u015bciej myjmy r\u0119ce wod\u0105 z myd\u0142em! Tak brzmi pierwsze zalecenie \u015awiatowej Organizacji Zdrowia (WHO) w walce z koronawirusem. Myd\u0142o w kostce w ka\u017cdym domu to niedrogi i podstawowy \u015brodek do walki z pandemi\u0105.<\/strong><\/p>\n\n\n\n<p>Tak, to prawda. Zwyk\u0142a, tradycyjna kostka myd\u0142a zn\u00f3w wraca do \u0142ask na ca\u0142ym \u015bwiecie. Cho\u0107 ma nieskomplikowany sk\u0142ad, to skutecznie usuwa brud i drobnoustroje z naszych r\u0105k, w tym tak\u017ce wirusa SARS-CoV-2. Myd\u0142o w kostce jest wygodne w u\u017cyciu, przyjazne dla \u015brodowiska i przy tym \u2013 niedrogie.<\/p>\n\n\n\n<p class=\"has-text-align-center\"><strong>Tanio i efektywnie<\/strong><\/p>\n\n\n\n<p>O konieczno\u015bci mycia r\u0105k wod\u0105 z myd\u0142em m\u00f3wi te\u017c g\u0142o\u015bno UNICEF, kt\u00f3ry niesie pomoc dzieciom i ich rodzinom dotkni\u0119tym skutkami pandemii w krajach rozwijaj\u0105cych si\u0119.<\/p>\n\n\n\n<p>\u2013 Mycie r\u0105k myd\u0142em jest jedn\u0105 z najta\u0144szych, najbardziej efektywnych metod, dzi\u0119ki kt\u00f3rej mo\u017cna ochroni\u0107 siebie i innych przed koronawirusem oraz wieloma infekcjami. To nie jest magiczne lekarstwo, ale wa\u017cne jest, aby ludzie wiedzieli, jakie kroki powinni podj\u0105\u0107, aby zapewni\u0107 bezpiecze\u0144stwo sobie i swoim rodzinom \u2013 m\u00f3wi Sanjay Wijesekera, Dyrektor Programowy UNICEF.<\/p>\n\n\n\n<p>Ale czy wszyscy dok\u0142adnie myjemy r\u0119ce? Niestety nie. Polskie do\u015bwiadczenia epidemiolog\u00f3w wskazuj\u0105 na to, \u017ce r\u0119ce myjemy zbyt rzadko, niedok\u0142adnie i za kr\u00f3tko. Drobnoustroje w codziennym \u017cyciu mog\u0105 gromadzi\u0107 si\u0119 niemal wsz\u0119dzie.<\/p>\n\n\n\n<p>R\u0119ce nale\u017cy my\u0107 myd\u0142em co najmniej kilka-kilkana\u015bcie razy dziennie, w tym m.in. przed i po posi\u0142kach, po wyj\u015bciu z toalety, po przyj\u015bciu do pracy i do domu oraz po ka\u017cdorazowym kontakcie ze zwierz\u0119tami. Poprawne umycie d\u0142oni powinno trwa\u0107 minimum 30 sekund.<\/p>\n\n\n\n<p class=\"has-text-align-center\"><strong>Poprawne mycie r\u0105k<\/strong><\/p>\n\n\n\n<p>A jak poprawnie umy\u0107 r\u0119ce? Ot\u00f3\u017c po zwil\u017ceniu wod\u0105 i dok\u0142adnym rozprowadzeniu myd\u0142a w kostce w d\u0142oniach, nale\u017cy najpierw umy\u0107 dok\u0142adnie cz\u0119\u015b\u0107 wewn\u0119trzn\u0105, a potem zewn\u0119trzn\u0105 d\u0142oni. Nast\u0119pnie trzeba starannie umy\u0107 opuszki palc\u00f3w wraz z paznokciami, kciuki i nadgarstki. Po sp\u0142ukaniu piany, d\u0142onie nale\u017cy obmy\u0107 bie\u017c\u0105c\u0105 wod\u0105 i dok\u0142adnie wytrze\u0107 w czysty lub jednorazowy r\u0119cznik. I gotowe!<\/p>\n\n\n\n<p>\u2013 Pod wzgl\u0119dem chemicznym myd\u0142o to s\u00f3l metalu i wy\u017cszych kwas\u00f3w t\u0142uszczowych. To zwi\u0105zek powierzchniowo czynny, kt\u00f3ry powoduje kurczenie si\u0119 warstwy zanieczyszcze\u0144, w tym drobnoustroj\u00f3w przyczepionych do powierzchni sk\u00f3ry, co u\u0142atwia ich sp\u0142ukiwanie. Zatem wszelkie zalecenia \u015awiatowej Organizacji Zdrowia dotycz\u0105ce higieny osobistej z u\u017cyciem detergent\u00f3w takich jak myd\u0142a, r\u00f3wnie\u017c w kostkach, maj\u0105 chemiczne podstawy i mog\u0105 by\u0107 jednym z najlepszych sposob\u00f3w w ograniczaniu ryzyka zaka\u017cenia wirusami \u2013 m\u00f3wi dr n. farm. in\u017c. Sylwia Andrzejczuk z Katedry i Zak\u0142adu Mikrobiologii Farmaceutycznej Uniwersytetu Medycznego w Lublinie.<\/p>\n\n\n\n<p>Myd\u0142o w kostce ma ogromnie wiele zalet. Opr\u00f3cz tego, \u017ce usuwa ze sk\u00f3ry brud i drobnoustroje, w tym wirusy, jest bardzo praktyczne. Myd\u0142o w kostce mo\u017cemy zabra\u0107 wsz\u0119dzie: do pracy, do kosmetyczki podczas podr\u00f3\u017cy, a tak\u017ce do samochodu czy samolotu. Nie ma te\u017c obaw, \u017ce myd\u0142o w kostce nam si\u0119 wyleje. Myd\u0142o w kostce ze wzgl\u0119du na niskie ryzyko mikrobiologiczne, nie wymaga stosowania konserwant\u00f3w. Dodatkowo nie stwierdza si\u0119 aktywno\u015bci bakteryjnej na powierzchni myd\u0142a. Istnieje bardzo du\u017cy wyb\u00f3r myde\u0142 w kostkach: do ka\u017cdego rodzaju sk\u00f3ry, dla alergik\u00f3w, o r\u00f3\u017cnych zapachach kolorach i kszta\u0142tach. Myd\u0142o w kostce mo\u017ce stanowi\u0107 dekoracj\u0119, a przechowywane w szafie z ubraniami \u2013 utrzymuje \u0142adny zapach.<\/p>\n\n\n\n<p class=\"has-text-align-center\"><strong>Myd\u0142o w kostce \u2013 przyjazne \u015brodowisku<\/strong><\/p>\n\n\n\n<p>\u2013 Co wa\u017cne: myd\u0142o w kostce jest przyjazne \u015brodowisku! W przeciwie\u0144stwie do myde\u0142 w p\u0142ynie, nie trzeba kupowa\u0107 go wraz z plastikowymi butelkami, plastikowymi pompkami czy zakr\u0119tkami, ani foliowymi saszetkami re-fill, kt\u00f3re p\u00f3\u017aniej za\u015bmiecaj\u0105 \u015bwiat. Poza tym, myd\u0142o jest produktem pochodzenia naturalnego i ulega biodegradacji \u2013 dodaje Artur Rusinek, prezes zarz\u0105du Betasoap, firmy zajmuj\u0105cej si\u0119 produkcj\u0105 myd\u0142a.<\/p>\n\n\n\n<p>Niestety, czasem s\u0142yszy si\u0119 nieprawdziwe twierdzenie, \u017ce mo\u017cna zarazi\u0107 si\u0119 bakteriami z tzw. ko\u017cucha, kt\u00f3ry powstaje na powierzchni mokrego myd\u0142a. To mit. Co prawda, wilgotno\u015b\u0107 sprzyja namna\u017caniu si\u0119 bakterii w ka\u017cdym przypadku, niezale\u017cnie czy jest to myd\u0142o w kostce, czy te\u017c w p\u0142ynie. Jednak w\u0142a\u015bciwo\u015bci chemiczne i spos\u00f3b u\u017cytkowania myd\u0142a w kostce potwierdza jego higieniczno\u015b\u0107: umieszczenie myd\u0142a pod bie\u017c\u0105c\u0105 wod\u0105 pozwala uzyska\u0107 pian\u0119, kt\u00f3ra zmywa i usuwa z powierzchni kostki wszelkie bakterie przed rozpocz\u0119ciem procesu mycia. Dlatego \u2013 walcz\u0105c o swoje zdrowie \u2013 myjmy r\u0119ce!<\/p>\n\n\n\n<p>Wi\u0119cej informacji o poprawnym myciu r\u0105k, ciekawostki o mydle i dodatkowe materia\u0142y multimedialne mo\u017cna znale\u017a\u0107 na stronie internetowej pod adresem <a href=\"http:\/\/www.umyjrece.pl\/\"><u>www.umyjrece.pl<\/u><\/a><\/p>\n\n\n\n<p class=\"has-text-align-right\">Tekst i foto: <strong>Zesp\u00f3\u0142 Cumulus PR<\/strong><\/p>\n","protected":false},"excerpt":{"rendered":"<p>Jak najcz\u0119\u015bciej myjmy r\u0119ce wod\u0105 z myd\u0142em! Tak brzmi pierwsze zalecenie \u015awiatowej Organizacji Zdrowia (WHO) w walce z koronawirusem. Myd\u0142o w kostce w ka\u017cdym domu to niedrogi i podstawowy \u015brodek do walki z pandemi\u0105. Tak, to prawda. Zwyk\u0142a, tradycyjna kostka myd\u0142a zn\u00f3w wraca do \u0142ask na ca\u0142ym \u015bwiecie. Cho\u0107 ma nieskomplikowany sk\u0142ad, to skutecznie usuwa [&hellip;]<\/p>\n","protected":false},"author":2,"featured_media":3656,"comment_status":"closed","ping_status":"open","sticky":false,"template":"","format":"standard","meta":{"footnotes":""},"categories":[9],"tags":[],"class_list":["post-3655","post","type-post","status-publish","format-standard","has-post-thumbnail","hentry","category-edukacja"],"_links":{"self":[{"href":"https:\/\/fleschmazowsza.com.pl\/index.php?rest_route=\/wp\/v2\/posts\/3655","targetHints":{"allow":["GET"]}}],"collection":[{"href":"https:\/\/fleschmazowsza.com.pl\/index.php?rest_route=\/wp\/v2\/posts"}],"about":[{"href":"https:\/\/fleschmazowsza.com.pl\/index.php?rest_route=\/wp\/v2\/types\/post"}],"author":[{"embeddable":true,"href":"https:\/\/fleschmazowsza.com.pl\/index.php?rest_route=\/wp\/v2\/users\/2"}],"replies":[{"embeddable":true,"href":"https:\/\/fleschmazowsza.com.pl\/index.php?rest_route=%2Fwp%2Fv2%2Fcomments&post=3655"}],"version-history":[{"count":2,"href":"https:\/\/fleschmazowsza.com.pl\/index.php?rest_route=\/wp\/v2\/posts\/3655\/revisions"}],"predecessor-version":[{"id":3658,"href":"https:\/\/fleschmazowsza.com.pl\/index.php?rest_route=\/wp\/v2\/posts\/3655\/revisions\/3658"}],"wp:featuredmedia":[{"embeddable":true,"href":"https:\/\/fleschmazowsza.com.pl\/index.php?rest_route=\/wp\/v2\/media\/3656"}],"wp:attachment":[{"href":"https:\/\/fleschmazowsza.com.pl\/index.php?rest_route=%2Fwp%2Fv2%2Fmedia&parent=3655"}],"wp:term":[{"taxonomy":"category","embeddable":true,"href":"https:\/\/fleschmazowsza.com.pl\/index.php?rest_route=%2Fwp%2Fv2%2Fcategories&post=3655"},{"taxonomy":"post_tag","embeddable":true,"href":"https:\/\/fleschmazowsza.com.pl\/index.php?rest_route=%2Fwp%2Fv2%2Ftags&post=3655"}],"curies":[{"name":"wp","href":"https:\/\/api.w.org\/{rel}","templated":true}]}}