{"id":3652,"date":"2020-05-19T12:41:33","date_gmt":"2020-05-19T11:41:33","guid":{"rendered":"http:\/\/fleschmazowsza.com.pl\/?p=3652"},"modified":"2020-05-19T12:41:35","modified_gmt":"2020-05-19T11:41:35","slug":"lokalna-kultura-w-dobie-pandemii","status":"publish","type":"post","link":"https:\/\/fleschmazowsza.com.pl\/?p=3652","title":{"rendered":"Lokalna kultura w dobie pandemii"},"content":{"rendered":"\n<p><strong>W dobie dzisiejszej pandemii \u2013 tak jak onegdaj w czasach zarazy, gdy powstawa\u0142 \u201eDekameron\u201d Boccaccia \u2013 kultura znalaz\u0142a spos\u00f3b, aby si\u0119 rozwija\u0107. Podobnie jak bohaterowie XIV-wiecznego arcydzie\u0142a literackiego, tak i my dzisiaj, cho\u0107 w izolacji, tworzymy i dzielimy si\u0119 tw\u00f3rczo\u015bci\u0105 z innymi. Wsp\u00f3lne \u017cycie kulturalne usadowi\u0142o si\u0119 wygodnie w Internecie, lokalne o\u015brodki kultury \u2013 Grodziska, Milan\u00f3wka, Podkowy Le\u015bnej i Brwinowa rozwin\u0119\u0142y atrakcyjn\u0105 ofert\u0119 wydarze\u0144 online.<\/strong><\/p>\n\n\n\n<p>Zacznijmy od wydarze\u0144 historycznych. W ramach gro\u017anie brzmi\u0105cej akcji \u201eZara\u017camy kultur\u0105!\u201d na profilu facebook grodziskiego Centrum Kultury pojawi\u0142y si\u0119 Retro News, czyli \u201enaj\u015bwie\u017csze wiadomo\u015bci z bli\u017cszej i dalszej przesz\u0142o\u015bci\u201d. \u0141ukasz Nowacki przypomina o \u201eseniorce grodziskich zabytk\u00f3w\u201d Kaplicy Krzy\u017ca \u015aw. i snuje \u201eopowie\u015b\u0107 z dreszczykiem\u201d o Willi Foksal zwanej \u201eLokomotywk\u0105\u201d.<\/p>\n\n\n\n<p class=\"has-text-align-center\"><strong>Wirtualny spacer i odkrywanie tajemnic<\/strong><\/p>\n\n\n\n<p>Mo\u017cemy uda\u0107 si\u0119 w jego towarzystwie na wirtualny spacer po sielsko-zielonym i zabytkowym Izdebnie Ko\u015bcielnym. Warte uwagi s\u0105 te\u017c filmy dokumentalne: \u201eW naszym miasteczku wojna\u201d oraz \u201eWalka i konspiracja\u201d \u2013 oparte na relacjach starszych mieszka\u0144c\u00f3w Grodziska. Z kolei Mediateka na profilu facebook zamie\u015bci\u0142a cykl ciekawostek z historii fotografii, rzucaj\u0105c jednocze\u015bnie fotowyzwanie \u2013 aby dzieli\u0107 si\u0119 w komentarzach zdj\u0119ciami z kategorii: widok z okna, domowy zwierzak i \u201efotografia jedzeniowa\u201d, czyli tym, co w warunkach domowej izolacji realnie mo\u017cna sfotografowa\u0107.<\/p>\n\n\n\n<p>Podkowa Le\u015bna zmobilizowa\u0142a mieszka\u0144c\u00f3w do wsp\u00f3lnej zabawy \u201eOdkrywajmy razem Tajemnice Podkowy!\u201d. Zagadki z historii miasta zamieszczone na profilu facebook CKiO przeplataj\u0105 si\u0119 z filmami dokumentalnymi. W filmie \u201eWilla Aida\u201d jej obecny w\u0142a\u015bciciel Tadeusz Iwi\u0144ski opowiada o tym sztandarowym dla Podkowy zabytku. Film \u201eBrat Leon\u201d przypomina charyzmatyczn\u0105 posta\u0107 ksi\u0119dza Leona Kantorskiego na tle jego czas\u00f3w.<\/p>\n\n\n\n<p class=\"has-text-align-center\"><strong>Internetowe warsztaty<\/strong><\/p>\n\n\n\n<p>W ramach projektu WEB-ska Kultur@ o\u017cywion\u0105 aktywno\u015b\u0107 rozwin\u0119\u0142o Milanowskie Centrum Kultury. Tobiasz Bu\u0142ynko przeni\u00f3s\u0142 do przestrzeni wirtualnej swoje autorskie i ciesz\u0105ce si\u0119 powodzeniem warsztaty z rysunku i malarstwa. Je\u017celi dodamy do tego wirtualne lekcje rysunku i malarstwa prowadzone przez Paw\u0142a Cabanowskiego udost\u0119pnione na stronie facebook grodziskiego CK \u2013 to otrzymamy szeroki wachlarz zagadnie\u0144 malarskich.<\/p>\n\n\n\n<p>Znajdzie si\u0119 r\u00f3wnie\u017c co\u015b dla mi\u0142o\u015bnik\u00f3w sztuk plastycznych bardziej przestrzennych. Na profilu facebook MCK mo\u017cna odwiedzi\u0107 pracowni\u0119 ceramiczn\u0105 i zaznajomi\u0107 si\u0119 z teori\u0105 i praktyk\u0105 formowania, szkliwienia i wypalania. Aby jednak przej\u015b\u0107 do czyn\u00f3w, dobrze zapozna\u0107 si\u0119 z filmikiem instrukta\u017cowym n.t. masy solnej \u2013 substytutu gliny w warunkach domowych.<\/p>\n\n\n\n<p>W ofercie online s\u0105 warsztaty r\u0119kodzielnicze, kulinarne i ogrodnicze, a nawet quasi-filmowe. Na profilu facebook grodziskiego CK Mariola Go\u017adzikowska pod has\u0142em \u201eSzycie jest pi\u0119kne\u201d demonstruje jak r\u0119cznie uszy\u0107 \u201eosobist\u0105 maseczk\u0119 ochronn\u0105\u201d, a Marta Zawadzka uczy staro\u017cytnej techniki ozdobnego wi\u0105zania sznurk\u00f3w, czyli modnej dzi\u015b makramy.<\/p>\n\n\n\n<p>Koordynator Strefy Aktywnego Seniora w Mediatece Marcin Mazur wchodzi z wdzi\u0119kiem w rol\u0119 \u201eKr\u00f3la kuchni\u201d, przygotowuj\u0105c na wizji hiszpa\u0144sk\u0105 potraw\u0119 z krewetek i wypiekaj\u0105c domowy chleb. Pan Mirek z Poczekalni PKP w ramach \u201eOgr\u00f3dkowych wariacji Mirka\u201d udziela sezonowych porad ogrodniczych dla szcz\u0119\u015bliwych posiadaczy ogr\u00f3dk\u00f3w i balkon\u00f3w. Na profilu facebook MCK \u201eGadaj\u0105ca g\u0142owa Jakuba Czupry\u0144skiego\u201d instruuje, jak nakr\u0119ci\u0107 film telefonem kom\u00f3rkowym, bior\u0105c pod uwag\u0119 profesjonalne zasady ustawienia aparatu, o\u015bwietlenia i ud\u017awi\u0119kowienia.<\/p>\n\n\n\n<p>Bardzo trafionym pomys\u0142em w dobie pandemii koronawirusa wydaj\u0105 si\u0119 by\u0107 internetowe warsztaty emisji g\u0142osu, kt\u00f3re zaproponowa\u0142o MCK i CK Grodzisk Mazowiecki. Instruktorki uwzgl\u0119dni\u0142y bowiem, obok \u0107wicze\u0144 mi\u0119\u015bni twarzy i jamy ustnej, r\u00f3wnie\u017c trening prawid\u0142owego oddychania, z wykorzystaniem mo\u017cliwo\u015bci przepony.<\/p>\n\n\n\n<p class=\"has-text-align-center\"><strong>Muzykowanie w sieci<\/strong><\/p>\n\n\n\n<p>Aby nikomu nie zabrak\u0142o koj\u0105cego lub energetyzuj\u0105cego oddzia\u0142ywania muzyki, na profilach facebook CK Grodzisk Mazowiecki, Mediateki i MCK rozkwit\u0142y warsztaty muzyczne i taneczno-fitnessowe. Grodziscy instruktorzy M\u0142odzie\u017cowej Orkiestry D\u0119tej kolejno wprowadzaj\u0105 w teori\u0119 muzyki, demonstruj\u0105c w\u0142a\u015bciwo\u015bci ca\u0142ego orkiestrowego instrumentarium. Piotr Michalski z Volta-Szko\u0142a Gitary prowadzi nauk\u0119 gry na tym instrumencie, a Maciej Kierzkowski zmaga si\u0119 wirtualnie jednocze\u015bnie z dwoma projektami folkowymi: \u201eTworzymy lokaln\u0105 kapel\u0119!\u201d w Milan\u00f3wku i z zaj\u0119ciami Folkowej Kapeli od Grodziska.<\/p>\n\n\n\n<p>Mo\u017cna pota\u0144czy\u0107 z Ol\u0105 i Adamem z brwinowskiego Okeja albo ze Studiem Ta\u0144ca Magdaleny W\u00f3jcik z Grodziska. Kurnik zaprasza najm\u0142odsze Krasnale z Milan\u00f3wka na zabawy og\u00f3lnorozwojowe, a Mediateka na \u0107wiczenia koryguj\u0105ce postaw\u0119 u wszystkich cz\u0142onk\u00f3w rodziny. Poczekalnia PKP z godn\u0105 podziwu determinacj\u0105 postanowi\u0142a nie rezygnowa\u0107 z otwarcia sezonu rowerowego i zorganizowa\u0142a wycieczk\u0119 rowerow\u0105 wok\u00f3\u0142 sto\u0142u w jadalni, zako\u0144czon\u0105 teleportacj\u0105 na plener malarski u J\u00f3zefa Che\u0142mo\u0144skiego w Kukl\u00f3wce. Warto obejrze\u0107 ten humorystyczny filmik, kt\u00f3ry zgodnie z zapowiedzi\u0105 otwiera cykl po\u015bwi\u0119cony Che\u0142mo\u0144skiemu.<\/p>\n\n\n\n<p>Podsumowuj\u0105c: lokalne o\u015brodki kultury wykorzystuj\u0105 wszelkie \u015brodki porozumienia online z mieszka\u0144cami, czyli profile facebook, fanpage i kana\u0142y YouTube, tak\u017ce strony internetowe i platform\u0119 ZOOM. Warto tam zagl\u0105da\u0107, bo du\u017co si\u0119 dzieje. Przy okazji mo\u017cemy podpatrze\u0107, jak mi\u0142e dla oka wn\u0119trza i przyjemne ogrody zamieszkuj\u0105 animatorzy lokalnego \u017cycia kulturalnego, jakie maj\u0105 sympatyczne dzieci oraz zabawne pieski.<\/p>\n\n\n\n<p class=\"has-text-align-right\">Tekst i foto: <strong>Sylwia Pa\u0144k\u00f3w<\/strong><\/p>\n\n\n\n<p>\u0179r\u00f3d\u0142o:<\/p>\n\n\n\n<figure class=\"wp-block-embed-facebook wp-block-embed\"><div class=\"wp-block-embed__wrapper\">\nhttps:\/\/www.facebook.com\/CENTRUM.KULTURY.GM\/\n<\/div><\/figure>\n\n\n\n<figure class=\"wp-block-embed-facebook wp-block-embed\"><div class=\"wp-block-embed__wrapper\">\nhttps:\/\/www.facebook.com\/MediatekaGrodziskMaz\/\n<\/div><\/figure>\n\n\n\n<figure class=\"wp-block-embed-facebook wp-block-embed\"><div class=\"wp-block-embed__wrapper\">\nhttps:\/\/www.facebook.com\/PoczekalniaPKP\/\n<\/div><\/figure>\n\n\n\n<figure class=\"wp-block-embed-facebook wp-block-embed\"><div class=\"wp-block-embed__wrapper\">\nhttps:\/\/www.facebook.com\/mckmilanowek\/\n<\/div><\/figure>\n\n\n\n<figure class=\"wp-block-embed-facebook wp-block-embed\"><div class=\"wp-block-embed__wrapper\">\nhttps:\/\/www.facebook.com\/ckio.podkowalesna\/\n<\/div><\/figure>\n\n\n\n<figure class=\"wp-block-embed-facebook wp-block-embed\"><div class=\"wp-block-embed__wrapper\">\nhttps:\/\/www.facebook.com\/OkejBrwinow\/\n<\/div><\/figure>\n","protected":false},"excerpt":{"rendered":"<p>W dobie dzisiejszej pandemii \u2013 tak jak onegdaj w czasach zarazy, gdy powstawa\u0142 \u201eDekameron\u201d Boccaccia \u2013 kultura znalaz\u0142a spos\u00f3b, aby si\u0119 rozwija\u0107. Podobnie jak bohaterowie XIV-wiecznego arcydzie\u0142a literackiego, tak i my dzisiaj, cho\u0107 w izolacji, tworzymy i dzielimy si\u0119 tw\u00f3rczo\u015bci\u0105 z innymi. Wsp\u00f3lne \u017cycie kulturalne usadowi\u0142o si\u0119 wygodnie w Internecie, lokalne o\u015brodki kultury \u2013 Grodziska, [&hellip;]<\/p>\n","protected":false},"author":2,"featured_media":3653,"comment_status":"closed","ping_status":"open","sticky":false,"template":"","format":"standard","meta":{"footnotes":""},"categories":[9,6],"tags":[],"class_list":["post-3652","post","type-post","status-publish","format-standard","has-post-thumbnail","hentry","category-edukacja","category-kultura"],"_links":{"self":[{"href":"https:\/\/fleschmazowsza.com.pl\/index.php?rest_route=\/wp\/v2\/posts\/3652","targetHints":{"allow":["GET"]}}],"collection":[{"href":"https:\/\/fleschmazowsza.com.pl\/index.php?rest_route=\/wp\/v2\/posts"}],"about":[{"href":"https:\/\/fleschmazowsza.com.pl\/index.php?rest_route=\/wp\/v2\/types\/post"}],"author":[{"embeddable":true,"href":"https:\/\/fleschmazowsza.com.pl\/index.php?rest_route=\/wp\/v2\/users\/2"}],"replies":[{"embeddable":true,"href":"https:\/\/fleschmazowsza.com.pl\/index.php?rest_route=%2Fwp%2Fv2%2Fcomments&post=3652"}],"version-history":[{"count":1,"href":"https:\/\/fleschmazowsza.com.pl\/index.php?rest_route=\/wp\/v2\/posts\/3652\/revisions"}],"predecessor-version":[{"id":3654,"href":"https:\/\/fleschmazowsza.com.pl\/index.php?rest_route=\/wp\/v2\/posts\/3652\/revisions\/3654"}],"wp:featuredmedia":[{"embeddable":true,"href":"https:\/\/fleschmazowsza.com.pl\/index.php?rest_route=\/wp\/v2\/media\/3653"}],"wp:attachment":[{"href":"https:\/\/fleschmazowsza.com.pl\/index.php?rest_route=%2Fwp%2Fv2%2Fmedia&parent=3652"}],"wp:term":[{"taxonomy":"category","embeddable":true,"href":"https:\/\/fleschmazowsza.com.pl\/index.php?rest_route=%2Fwp%2Fv2%2Fcategories&post=3652"},{"taxonomy":"post_tag","embeddable":true,"href":"https:\/\/fleschmazowsza.com.pl\/index.php?rest_route=%2Fwp%2Fv2%2Ftags&post=3652"}],"curies":[{"name":"wp","href":"https:\/\/api.w.org\/{rel}","templated":true}]}}