{"id":365,"date":"2016-11-25T14:49:04","date_gmt":"2016-11-25T13:49:04","guid":{"rendered":"http:\/\/fleschmazowsza.com.pl\/?p=365"},"modified":"2016-11-25T14:49:04","modified_gmt":"2016-11-25T13:49:04","slug":"piastow-osp-posiada-nowy-woz","status":"publish","type":"post","link":"https:\/\/fleschmazowsza.com.pl\/?p=365","title":{"rendered":"PIAST\u00d3W. OSP posiada nowy w\u00f3z"},"content":{"rendered":"<p><strong>W czwartek 10 listopada zawita\u0142 do Piastowa, nowy ci\u0119\u017cki samoch\u00f3d ratowniczo-ga\u015bniczy \u2013 Scania P410, kt\u00f3ra zast\u0105pi wys\u0142u\u017conego Jelcza 422. Po zako\u0144czeniu miejskich uroczysto\u015bci z okazji \u015awi\u0119ta Niepodleg\u0142o\u015bci oby\u0142o si\u0119 jego huczne powitanie. 12 listopada zosta\u0142 uroczy\u015bcie zaprezentowany i po\u015bwi\u0119cony.<\/strong><\/p>\n<p>Nowy sprz\u0119t dla druh\u00f3w zosta\u0142 zakupiony przy wsparciu finansowym z bud\u017cetu miasta Piastowa i zast\u0105pi on ponad 20 &#8211; letniego Jelcza 422. Nowy samoch\u00f3d zosta\u0142 zbudowany przez firm\u0119 In\u017cynieria Samochod\u00f3w Specjalnych Wawrzaszek ISS z Bielska Bia\u0142ej. Silnik pojazdu przystosowany jest do zasilania biopaliwami, a jego moc to 400 KM. W kabinie przewidziano sze\u015b\u0107 miejsc a koszt zakupu wyni\u00f3s\u0142 blisko 950 tys. z\u0142.<\/p>\n<p>Ochotnicza Stra\u017c Po\u017carna w Piastowie posiada na sprzeda\u017c ci\u0119\u017cki samoch\u00f3d po\u017carniczy typu GCBA 5\/24 na podwoziu Jelcz 010. Jego cena to 50 000 z\u0142, kt\u00f3ra pozostaje do negocjacji. Samoch\u00f3d zosta\u0142 wyprodukowany w 1995 roku i zosta\u0142 zabudowany przez Jelcza\u0144skie Zak\u0142ady Samochodowe. Pojazd posiada kabin\u0119 6-osobow\u0105.Samoch\u00f3d b\u0119dzie sprzedany bez sprz\u0119tu. Znajduje si\u0119 w ci\u0105g\u0142ej eksploatacji.<\/p>\n<p>Sprzeda\u017c pojazdu nast\u0105pi poprzez umow\u0119 kupna-sprzeda\u017cy. Zainteresowane osoby proszone s\u0105 o kontakt pod numerami telefon\u00f3w 504-399-998, 797-209-998, <a href=\"mailto:straz@osppiastow.pl\">straz@osppiastow.pl<\/a><\/p>\n<p style=\"text-align: right;\"><strong>Ewelina Wielgat<\/strong><\/p>\n<p style=\"text-align: right;\">Fot. <strong>Ma\u0142gorzata Michnowska<\/strong><\/p>\n","protected":false},"excerpt":{"rendered":"<p>W czwartek 10 listopada zawita\u0142 do Piastowa, nowy ci\u0119\u017cki samoch\u00f3d ratowniczo-ga\u015bniczy \u2013 Scania P410, kt\u00f3ra zast\u0105pi wys\u0142u\u017conego Jelcza 422. Po zako\u0144czeniu miejskich uroczysto\u015bci z okazji \u015awi\u0119ta Niepodleg\u0142o\u015bci oby\u0142o si\u0119 jego huczne powitanie. 12 listopada zosta\u0142 uroczy\u015bcie zaprezentowany i po\u015bwi\u0119cony. Nowy sprz\u0119t dla druh\u00f3w zosta\u0142 zakupiony przy wsparciu finansowym z bud\u017cetu miasta Piastowa i zast\u0105pi on [&hellip;]<\/p>\n","protected":false},"author":2,"featured_media":366,"comment_status":"closed","ping_status":"open","sticky":false,"template":"","format":"standard","meta":{"footnotes":""},"categories":[5],"tags":[],"class_list":["post-365","post","type-post","status-publish","format-standard","has-post-thumbnail","hentry","category-wiadomosci"],"_links":{"self":[{"href":"https:\/\/fleschmazowsza.com.pl\/index.php?rest_route=\/wp\/v2\/posts\/365","targetHints":{"allow":["GET"]}}],"collection":[{"href":"https:\/\/fleschmazowsza.com.pl\/index.php?rest_route=\/wp\/v2\/posts"}],"about":[{"href":"https:\/\/fleschmazowsza.com.pl\/index.php?rest_route=\/wp\/v2\/types\/post"}],"author":[{"embeddable":true,"href":"https:\/\/fleschmazowsza.com.pl\/index.php?rest_route=\/wp\/v2\/users\/2"}],"replies":[{"embeddable":true,"href":"https:\/\/fleschmazowsza.com.pl\/index.php?rest_route=%2Fwp%2Fv2%2Fcomments&post=365"}],"version-history":[{"count":1,"href":"https:\/\/fleschmazowsza.com.pl\/index.php?rest_route=\/wp\/v2\/posts\/365\/revisions"}],"predecessor-version":[{"id":367,"href":"https:\/\/fleschmazowsza.com.pl\/index.php?rest_route=\/wp\/v2\/posts\/365\/revisions\/367"}],"wp:featuredmedia":[{"embeddable":true,"href":"https:\/\/fleschmazowsza.com.pl\/index.php?rest_route=\/wp\/v2\/media\/366"}],"wp:attachment":[{"href":"https:\/\/fleschmazowsza.com.pl\/index.php?rest_route=%2Fwp%2Fv2%2Fmedia&parent=365"}],"wp:term":[{"taxonomy":"category","embeddable":true,"href":"https:\/\/fleschmazowsza.com.pl\/index.php?rest_route=%2Fwp%2Fv2%2Fcategories&post=365"},{"taxonomy":"post_tag","embeddable":true,"href":"https:\/\/fleschmazowsza.com.pl\/index.php?rest_route=%2Fwp%2Fv2%2Ftags&post=365"}],"curies":[{"name":"wp","href":"https:\/\/api.w.org\/{rel}","templated":true}]}}