{"id":3640,"date":"2020-04-03T08:15:32","date_gmt":"2020-04-03T07:15:32","guid":{"rendered":"http:\/\/fleschmazowsza.com.pl\/?p=3640"},"modified":"2020-04-03T08:15:34","modified_gmt":"2020-04-03T07:15:34","slug":"solidarni-w-czasach-zarazy","status":"publish","type":"post","link":"https:\/\/fleschmazowsza.com.pl\/?p=3640","title":{"rendered":"Solidarni w czasach zarazy"},"content":{"rendered":"\n<p><strong>Stan zagro\u017cenia epidemicznego w kraju jest sytuacj\u0105, w kt\u00f3rej nikt z nas nie czuje si\u0119 dobrze. Zamkni\u0119te miejsca pracy, szko\u0142y, urz\u0119dy i miejsca rozrywki, na co dzie\u0144 tak bliskie nam wszystkim \u2013 dzi\u015b \u2013 s\u0105 symbolem pandemii, kt\u00f3ra ogarn\u0119\u0142a nie tylko Polsk\u0119, ale Europ\u0119 i \u015bwiat. Media spo\u0142eczno\u015bciowe promuj\u0105 akcj\u0119 #zosta\u0144wdomu, aby u\u015bwiadomi\u0107 spo\u0142ecze\u0144stwu skal\u0119 kryzysu, jaki w\u0142a\u015bnie przechodzimy. Nie jest to jednak proste dla tych, kt\u00f3rzy potrzebuj\u0105 codziennej opieki.<\/strong><\/p>\n\n\n\n<p>Na Facebooku w naszym regionie powstaje\ncoraz wi\u0119cej otwartych grup, dla mieszka\u0144c\u00f3w Grodziska\nMazowieckiego, Milan\u00f3wka, Pruszkowa i okolic, kt\u00f3rych celem jest\npromowanie pomocy wobec starszych mieszka\u0144c\u00f3w miast. Chodzi o to,\naby nie wychodzili oni z domu, z racji najsilniejszego zagro\u017cenia\nich grupy wiekowej oraz najwy\u017cszego ryzyka zachorowania. Celem grup\njest tak\u017ce bie\u017c\u0105ce informowanie i aktualizowanie danych na temat\nsytuacji w regionie. \n<\/p>\n\n\n\n<p class=\"has-text-align-center\"><strong>Koronawirus uderza w najstarszych<\/strong><\/p>\n\n\n\n<p>COVID-19 stanowi zagro\u017cenie dla\nwszystkich, jednak\u017ce jest najbardziej niebezpieczny dla os\u00f3b\nstarszych, szczeg\u00f3lnie, gdy cierpi\u0105 oni na przewlek\u0142e choroby\ntowarzysz\u0105ce. Pod wp\u0142ywem paniki, kt\u00f3r\u0105 wywo\u0142uje niekiedy nat\u0142ok\ninformacji, cz\u0119sto tak\u017ce nieprawdziwych, seniorzy s\u0105\nzdezorientowani i nie zdaj\u0105 sobie sprawy z ryzyka, jakie mo\u017ce\npowodowa\u0107 wyj\u015bcie z domu. A konieczne jest jednak robienie zakup\u00f3w\nczy wyj\u015bcie do apteki.<\/p>\n\n\n\n<p>W tym celu zainteresowani organizuj\u0105\nsi\u0119, aby pom\u00f3c potrzebuj\u0105cym mieszka\u0144com swoich miast.<\/p>\n\n\n\n<p>\u2013 Drodzy, COVID-19 jeszcze nie dotar\u0142\ndo nas, ale nie \u0142ud\u017amy si\u0119. B\u0119d\u0105 z czasem przypadki zara\u017cenia\ntak\u017ce i w naszym mie\u015bcie. Pandemia szybko nie ucieknie, wi\u0119c to\ntylko kwestia czasu. Nasza bro\u0144? Przygotowanie, organizacja,\nkreatywno\u015b\u0107, technologia i ch\u0119\u0107 niesienia pomocy osobom w\npotrzebie. Wszystkim nie pomo\u017cemy, nie ka\u017cdy mo\u017ce pom\u00f3c,\nwi\u0119kszo\u015b\u0107 z nas czuje l\u0119k i niepok\u00f3j. Ale dzia\u0142aj\u0105c wsp\u00f3lnie\njeste\u015bmy silniejsi w tej walce \u2013 czytamy w opisie grodziskiej\ngrupy. \n<\/p>\n\n\n\n<p class=\"has-text-align-center\"><strong>S\u0105siedzi w pogotowiu<\/strong><\/p>\n\n\n\n<p>Inicjatorzy projektu chc\u0105 zapewni\u0107\nwsparcie osobom, kt\u00f3re zg\u0142osz\u0105 tak\u0105 potrzeb\u0119. Zostawiaj\u0105 ulotki\nz numerem telefonu, a ch\u0119tny \u201ewolontariusz\u201d zrobi im zakupy,\nprzyniesie konieczne artyku\u0142y, aby starsza osoba nie musia\u0142a\nopuszcza\u0107 mieszkania. \n<\/p>\n\n\n\n<p>&#8211; Takie sytuacje wyci\u0105gaj\u0105 najgorsze i najlepsze cechy ludzkie. P\u00f3ki co na Facebooku widzimy g\u0142\u00f3wnie te z\u0142e. Zmie\u0144my to. Poka\u017cmy si\u0119 z dobrej strony. Zadbajmy o starszych, niepe\u0142nosprawnych i innych w trudnych sytuacjach. Wspierajmy s\u0142u\u017cby pa\u0144stwowe, ludzi pracuj\u0105cych w\u015br\u00f3d innych. Wszyscy zapewne mamy swoje przemy\u015blenia, kontakty, zasoby i mo\u017cliwo\u015bci niesienia pomocy. Im szybciej i tym lepiej si\u0119 zorganizujemy, tym wi\u0119ksze mamy szans\u0119 na minimalizacje szk\u00f3d \u2013 apeluj\u0105 jej organizatorzy.<\/p>\n\n\n\n<p>S\u0105siedzka pom\u00f3c dla senior\u00f3w i os\u00f3b\nschorowanych mo\u017ce okaza\u0107 si\u0119 teraz na wag\u0119 z\u0142ota. Apelujemy, aby\nzachowa\u0107 zdrowy rozs\u0105dek, by\u0107 ostro\u017cnym, dba\u0107 o zasady higieny,\nale tak\u017ce okazywa\u0107 wyrozumia\u0142o\u015b\u0107 wobec tych, kt\u00f3rzy teraz\npotrzebuj\u0105 tego najbardziej. \n<\/p>\n\n\n\n<p class=\"has-text-align-right\"><strong>Aneta Czarnecka<br><\/strong>Fot.: <em><strong>Pixabay.com<\/strong><\/em><\/p>\n","protected":false},"excerpt":{"rendered":"<p>Stan zagro\u017cenia epidemicznego w kraju jest sytuacj\u0105, w kt\u00f3rej nikt z nas nie czuje si\u0119 dobrze. Zamkni\u0119te miejsca pracy, szko\u0142y, urz\u0119dy i miejsca rozrywki, na co dzie\u0144 tak bliskie nam wszystkim \u2013 dzi\u015b \u2013 s\u0105 symbolem pandemii, kt\u00f3ra ogarn\u0119\u0142a nie tylko Polsk\u0119, ale Europ\u0119 i \u015bwiat. Media spo\u0142eczno\u015bciowe promuj\u0105 akcj\u0119 #zosta\u0144wdomu, aby u\u015bwiadomi\u0107 spo\u0142ecze\u0144stwu skal\u0119 [&hellip;]<\/p>\n","protected":false},"author":2,"featured_media":3641,"comment_status":"closed","ping_status":"open","sticky":false,"template":"","format":"standard","meta":{"footnotes":""},"categories":[5],"tags":[],"class_list":["post-3640","post","type-post","status-publish","format-standard","has-post-thumbnail","hentry","category-wiadomosci"],"_links":{"self":[{"href":"https:\/\/fleschmazowsza.com.pl\/index.php?rest_route=\/wp\/v2\/posts\/3640","targetHints":{"allow":["GET"]}}],"collection":[{"href":"https:\/\/fleschmazowsza.com.pl\/index.php?rest_route=\/wp\/v2\/posts"}],"about":[{"href":"https:\/\/fleschmazowsza.com.pl\/index.php?rest_route=\/wp\/v2\/types\/post"}],"author":[{"embeddable":true,"href":"https:\/\/fleschmazowsza.com.pl\/index.php?rest_route=\/wp\/v2\/users\/2"}],"replies":[{"embeddable":true,"href":"https:\/\/fleschmazowsza.com.pl\/index.php?rest_route=%2Fwp%2Fv2%2Fcomments&post=3640"}],"version-history":[{"count":1,"href":"https:\/\/fleschmazowsza.com.pl\/index.php?rest_route=\/wp\/v2\/posts\/3640\/revisions"}],"predecessor-version":[{"id":3642,"href":"https:\/\/fleschmazowsza.com.pl\/index.php?rest_route=\/wp\/v2\/posts\/3640\/revisions\/3642"}],"wp:featuredmedia":[{"embeddable":true,"href":"https:\/\/fleschmazowsza.com.pl\/index.php?rest_route=\/wp\/v2\/media\/3641"}],"wp:attachment":[{"href":"https:\/\/fleschmazowsza.com.pl\/index.php?rest_route=%2Fwp%2Fv2%2Fmedia&parent=3640"}],"wp:term":[{"taxonomy":"category","embeddable":true,"href":"https:\/\/fleschmazowsza.com.pl\/index.php?rest_route=%2Fwp%2Fv2%2Fcategories&post=3640"},{"taxonomy":"post_tag","embeddable":true,"href":"https:\/\/fleschmazowsza.com.pl\/index.php?rest_route=%2Fwp%2Fv2%2Ftags&post=3640"}],"curies":[{"name":"wp","href":"https:\/\/api.w.org\/{rel}","templated":true}]}}