{"id":3627,"date":"2020-03-13T13:28:16","date_gmt":"2020-03-13T12:28:16","guid":{"rendered":"http:\/\/fleschmazowsza.com.pl\/?p=3627"},"modified":"2020-03-13T13:28:17","modified_gmt":"2020-03-13T12:28:17","slug":"region-przygotowany-na-koronawirusa","status":"publish","type":"post","link":"https:\/\/fleschmazowsza.com.pl\/?p=3627","title":{"rendered":"Region przygotowany na koronawirusa"},"content":{"rendered":"\n<p><strong>W zwi\u0105zku z pierwszym przypadkiem koronawirusa na terenie Polski, wojewoda mazowiecki og\u0142osi\u0142 stan podwy\u017cszonej gotowo\u015bci w 59 plac\u00f3wkach szpitalnych na terenie Mazowsza. W\u015br\u00f3d najlepiej przygotowanych jednostek do ewentualnego zagro\u017cenia wirusem znajduj\u0105 si\u0119 Szpital Zachodni w Grodzisku Mazowieckim oraz Szpital Kolejowy w Pruszkowie.<\/strong><\/p>\n\n\n\n<p>Napi\u0119ta sytuacja w Europie spowodowana\nrozszerzaniem si\u0119 zasi\u0119g\u00f3w wirusa z Chin oznacza wy\u017csz\u0105\nmobilizacj\u0119 na wypadek pojawienia si\u0119 ewentualnych chorych. Stan\nwysokiej gotowo\u015bci oznacza, \u017ce plac\u00f3wki maj\u0105 mo\u017cliwo\u015b\u0107 w\nszczeg\u00f3lnym trybie zwi\u0119kszenia liczby \u0142\u00f3\u017cek zaka\u017anych, aby w\nnadzwyczajnej formie utworzy\u0107 oddzia\u0142 zaka\u017any. Sytuacja zak\u0142ada\nr\u00f3wnie\u017c natychmiastow\u0105 reakcj\u0119 szpitala w postaci zwi\u0119kszenia\nliczby personelu w zale\u017cno\u015bci od okoliczno\u015bci.<\/p>\n\n\n\n<p class=\"has-text-align-center\"><strong>Przygotowanie mazowieckich plac\u00f3wek<\/strong><\/p>\n\n\n\n<p>We wtorek, 3 marca odby\u0142o si\u0119\nspotkanie radnych Sejmiku Wojew\u00f3dztwa Mazowieckiego, na kt\u00f3rym\nzapad\u0142y zasadnicze decyzje w sprawie przygotowania mazowieckich\nplac\u00f3wek na przyj\u0119cie potencjalnych zaka\u017conych wirusem.<\/p>\n\n\n\n<p>\u2013 Jeste\u015bmy w sta\u0142ym kontakcie z\nnaszymi plac\u00f3wkami i monitorujemy stan przygotowa\u0144 na wypadek\nwyst\u0105pienia zaka\u017ce\u0144 koronawirusem. Oczywi\u015bcie, sytuacja wymaga\npe\u0142nego zaanga\u017cowania wszystkich podmiot\u00f3w i pe\u0142nej wsp\u00f3\u0142pracy\nze stron\u0105 rz\u0105dow\u0105, kt\u00f3ra odpowiada za dzia\u0142ania \u2013 zaznacza\nmarsza\u0142ek Adam Struzik.<\/p>\n\n\n\n<p class=\"has-text-align-center\"><strong>Obowi\u0105zuj\u0105 procedury<\/strong><\/p>\n\n\n\n<p>Uczestnikiem spotkania by\u0142 m. in. dr\nhab. n. med. Andrzej Horban, konsultant krajowy w dziedzinie chor\u00f3b\nzaka\u017anych oraz zast\u0119pca dyrektora ds. medycznych Wojew\u00f3dzkiego\nSzpitala Zaka\u017anego w Warszawie.<\/p>\n\n\n\n<p>\u2013 Dzi\u0119ki wsparciu marsza\u0142ka\nwojew\u00f3dztwa, kt\u00f3ry sam jest lekarzem, szpitale marsza\u0142kowskie s\u0105\nw bardzo dobrym stanie i s\u0105 w pe\u0142ni przygotowane na przyj\u0119cie\newentualnych chorych \u2013 podkre\u015bli\u0142 prof. Andrzej Horban.<\/p>\n\n\n\n<p>Z dotychczasowych doniesie\u0144 szpitali w\nregionie wynika, \u017ce plac\u00f3wki zobowi\u0105zane s\u0105 do przestrzegania\njasno okre\u015blonych procedur post\u0119powania w przypadku zg\u0142oszenia si\u0119\npacjenta, u kt\u00f3rego podejrzewa si\u0119 obecno\u015b\u0107 koronawirusa.\nSzpitale zapewniaj\u0105, \u017ce wyposa\u017cone s\u0105 w stosowny sprz\u0119t\nkonieczny do udzielenia pomocy choremu. Informuj\u0105 r\u00f3wnie\u017c, \u017ce\nmaj\u0105 niezb\u0119dne materia\u0142y higieniczne oraz zabezpieczaj\u0105ce przed\nrozprzestrzenieniem si\u0119 wirusa na terenie plac\u00f3wki. \n<\/p>\n\n\n\n<p class=\"has-text-align-center\"><strong>Braki w hurtowniach medycznych<\/strong><\/p>\n\n\n\n<p>Martwi\u0105cy jest jednak coraz wi\u0119kszy\nniedob\u00f3r potrzebnych \u015brodk\u00f3w w hurtowniach medycznych:<\/p>\n\n\n\n<p>\u2013 Niestety, nasze zaniepokojenie\nbudz\u0105 braki w hurtowniach, szczeg\u00f3lnie pakiet\u00f3w indywidualnej\nochrony biologicznej oraz masek z filtrem hepa. Oczekiwanie na\ndostawy innych materia\u0142\u00f3w ochronnych wyd\u0142u\u017ca si\u0119. W zwi\u0105zku z\ntym nasze szpitale wyst\u0105pi\u0142y z wnioskiem do Ministerstwa Zdrowia o\nudost\u0119pnienie kombinezon\u00f3w ochronnych oraz masek ochronnych z\nfiltrem FFP-3 z rezerw strategicznych \u2013 zaznacza cz\u0142onek zarz\u0105du\nEl\u017cbieta Lanc.<\/p>\n\n\n\n<p>Wiadomo tak\u017ce, \u017ce Wojew\u00f3dzka Stacja\nPogotowia Ratunkowego i Transportu Sanitarnego \u201eMeditrans\u201d w\nWarszawie prowadzi dzia\u0142ania w celu zapewnienia dodatkowego\nwyposa\u017cenia. Zwr\u00f3ci\u0142a si\u0119 w tym celu do wojewody mazowieckiego z\npro\u015bb\u0105 o dostarczenie ambulansu sanitarnego, zestaw\u00f3w\nprzeznaczonych do transportu pacjenta zaka\u017conego oraz urz\u0105dze\u0144 do\ndezynfekcji. \n<\/p>\n\n\n\n<p class=\"has-text-align-right\"><strong>Aneta Czarnecka<\/strong><br>Fot.: <em><strong>Pixabay.com<\/strong><\/em><\/p>\n","protected":false},"excerpt":{"rendered":"<p>W zwi\u0105zku z pierwszym przypadkiem koronawirusa na terenie Polski, wojewoda mazowiecki og\u0142osi\u0142 stan podwy\u017cszonej gotowo\u015bci w 59 plac\u00f3wkach szpitalnych na terenie Mazowsza. W\u015br\u00f3d najlepiej przygotowanych jednostek do ewentualnego zagro\u017cenia wirusem znajduj\u0105 si\u0119 Szpital Zachodni w Grodzisku Mazowieckim oraz Szpital Kolejowy w Pruszkowie. Napi\u0119ta sytuacja w Europie spowodowana rozszerzaniem si\u0119 zasi\u0119g\u00f3w wirusa z Chin oznacza wy\u017csz\u0105 [&hellip;]<\/p>\n","protected":false},"author":2,"featured_media":3628,"comment_status":"closed","ping_status":"open","sticky":false,"template":"","format":"standard","meta":{"footnotes":""},"categories":[5],"tags":[],"class_list":["post-3627","post","type-post","status-publish","format-standard","has-post-thumbnail","hentry","category-wiadomosci"],"_links":{"self":[{"href":"https:\/\/fleschmazowsza.com.pl\/index.php?rest_route=\/wp\/v2\/posts\/3627","targetHints":{"allow":["GET"]}}],"collection":[{"href":"https:\/\/fleschmazowsza.com.pl\/index.php?rest_route=\/wp\/v2\/posts"}],"about":[{"href":"https:\/\/fleschmazowsza.com.pl\/index.php?rest_route=\/wp\/v2\/types\/post"}],"author":[{"embeddable":true,"href":"https:\/\/fleschmazowsza.com.pl\/index.php?rest_route=\/wp\/v2\/users\/2"}],"replies":[{"embeddable":true,"href":"https:\/\/fleschmazowsza.com.pl\/index.php?rest_route=%2Fwp%2Fv2%2Fcomments&post=3627"}],"version-history":[{"count":1,"href":"https:\/\/fleschmazowsza.com.pl\/index.php?rest_route=\/wp\/v2\/posts\/3627\/revisions"}],"predecessor-version":[{"id":3629,"href":"https:\/\/fleschmazowsza.com.pl\/index.php?rest_route=\/wp\/v2\/posts\/3627\/revisions\/3629"}],"wp:featuredmedia":[{"embeddable":true,"href":"https:\/\/fleschmazowsza.com.pl\/index.php?rest_route=\/wp\/v2\/media\/3628"}],"wp:attachment":[{"href":"https:\/\/fleschmazowsza.com.pl\/index.php?rest_route=%2Fwp%2Fv2%2Fmedia&parent=3627"}],"wp:term":[{"taxonomy":"category","embeddable":true,"href":"https:\/\/fleschmazowsza.com.pl\/index.php?rest_route=%2Fwp%2Fv2%2Fcategories&post=3627"},{"taxonomy":"post_tag","embeddable":true,"href":"https:\/\/fleschmazowsza.com.pl\/index.php?rest_route=%2Fwp%2Fv2%2Ftags&post=3627"}],"curies":[{"name":"wp","href":"https:\/\/api.w.org\/{rel}","templated":true}]}}