{"id":3624,"date":"2020-03-13T13:25:26","date_gmt":"2020-03-13T12:25:26","guid":{"rendered":"http:\/\/fleschmazowsza.com.pl\/?p=3624"},"modified":"2020-03-13T13:25:27","modified_gmt":"2020-03-13T12:25:27","slug":"jest-rekord-wosp-oglosila-wyniki-zbiorki-2020","status":"publish","type":"post","link":"https:\/\/fleschmazowsza.com.pl\/?p=3624","title":{"rendered":"Jest rekord! WO\u015aP og\u0142osi\u0142a wyniki zbi\u00f3rki 2020"},"content":{"rendered":"\n<p><strong>S\u0105 ju\u017c wyniki zbi\u00f3rki 28. fina\u0142u Wielkiej Orkiestry \u015awi\u0105tecznej Pomocy. Zn\u00f3w pad\u0142 rekord \u2013 tym razem zabrano ponad 186 milion\u00f3w z\u0142otych! Do tego sukcesu przyczynili si\u0119 tak\u017ce wolontariusze z naszego regionu.<\/strong><\/p>\n\n\n\n<p>WO\u015aP zagra\u0142a w tym roku pod has\u0142em\n\u201eWiatr w \u017cagle\u201d. Celem by\u0142o podniesienie standard\u00f3w\ndiagnostycznych i leczniczych w dzieci\u0119cej medycynie zabiegowej.<\/p>\n\n\n\n<p>&#8211; Ze wzgl\u0119du na trwaj\u0105ce rozliczenie akcji, ka\u017cdorazowo kwota deklarowana i ostateczny wynik Fina\u0142u r\u00f3\u017cni\u0105 si\u0119. Dla przyk\u0142adu 27. Fina\u0142 WO\u015aP zako\u0144czony zosta\u0142 kwot\u0105 deklarowan\u0105 92 143 798 z\u0142, a ostatecznie zebrane zosta\u0142o 175 938 717,56 z\u0142 \u2013 wyja\u015bnia\u0142 w styczniu Krzysztof Dobies, rzecznik prasowy Fundacji WO\u015aP.<\/p>\n\n\n\n<p>Datki zbierano nie tylko w Polsce, ale\nr\u00f3wnie\u017c poza granicami kraju. Odst\u0119pstwem od regu\u0142y jest przyk\u0142ad\nAustralii. Stamt\u0105d pieni\u0105dze nie wr\u00f3ci\u0142y do Polski. WO\u015aP podj\u0105\u0142\ndecyzj\u0119, \u017ce zostan\u0105 one przeznaczone na walk\u0119 z po\u017carami na tym\nkontynencie. \n<\/p>\n\n\n\n<p>Ostateczna i dok\u0142adna kwota zbi\u00f3rki w\n2020 roku to 186 133 610,66 z\u0142! To prawie 9 milion\u00f3w wi\u0119cej ni\u017c w\nubieg\u0142ym roku.<\/p>\n\n\n\n<p>\u2013\nTego nie da si\u0119 wymaza\u0107. To ogromna suma, kt\u00f3r\u0105 przeznaczymy na\nzakup sprz\u0119tu medycznego. Ju\u017c nasi eksperci rozmawiaj\u0105 ze\nszpitalami, z lekarzami \u2013 powiedzia\u0142 Jerzy Owsiak na konferencji\npodsumowuj\u0105cej fina\u0142. \u2013 Nie by\u0142bym sob\u0105, gdybym w tym miejscu\nnie powiedzia\u0142, \u017ce 186 miliony z\u0142 wobec 2 miliard\u00f3w z\u0142\nprzeznaczonych na telewizje pa\u0144stwow\u0105, to jest cz\u0105stka. To jest\nnieca\u0142e 10 procent tych 2 miliard\u00f3w z\u0142, kt\u00f3re b\u0119d\u0105 wydane na\ntelewizj\u0119 w ci\u0105gu roku. Telewizja nie leczy. Telewizja bawi.\nTelewizja informuje. Telewizja ma taki cel. Nie mam nic  przeciwko\ntakiej telewizji. Telewizja nie leczy, lecz\u0105 lekarze, kt\u00f3rzy za\npomoc\u0105 urz\u0105dze\u0144 kupionych za 1\/10 tej sumy b\u0119d\u0105 ratowa\u0107 nasze\n\u017cycie i zdrowie \u2013 doda\u0142.<\/p>\n\n\n\n<p>Sztaby z naszego regionu r\u00f3wnie\u017c\ndzielnie wspiera\u0142y zbi\u00f3rk\u0119 pieni\u0119dzy. Nie brakowa\u0142o ch\u0119tnych do\nspacerowania z puszkami, ale r\u00f3wnie\u017c darczy\u0144c\u00f3w. Mazowsze\npokaza\u0142o, \u017ce ma wielkie serce otwarte na pomoc innym. Dzi\u0119kujemy! \n<\/p>\n\n\n\n<p class=\"has-text-align-right\"><strong>Aneta Czarnecka<\/strong><br>Fot.: <em><strong>www.wosp.org.pl<\/strong><\/em><\/p>\n","protected":false},"excerpt":{"rendered":"<p>S\u0105 ju\u017c wyniki zbi\u00f3rki 28. fina\u0142u Wielkiej Orkiestry \u015awi\u0105tecznej Pomocy. Zn\u00f3w pad\u0142 rekord \u2013 tym razem zabrano ponad 186 milion\u00f3w z\u0142otych! Do tego sukcesu przyczynili si\u0119 tak\u017ce wolontariusze z naszego regionu. WO\u015aP zagra\u0142a w tym roku pod has\u0142em \u201eWiatr w \u017cagle\u201d. Celem by\u0142o podniesienie standard\u00f3w diagnostycznych i leczniczych w dzieci\u0119cej medycynie zabiegowej. &#8211; Ze wzgl\u0119du [&hellip;]<\/p>\n","protected":false},"author":2,"featured_media":3625,"comment_status":"closed","ping_status":"open","sticky":false,"template":"","format":"standard","meta":{"footnotes":""},"categories":[5],"tags":[],"class_list":["post-3624","post","type-post","status-publish","format-standard","has-post-thumbnail","hentry","category-wiadomosci"],"_links":{"self":[{"href":"https:\/\/fleschmazowsza.com.pl\/index.php?rest_route=\/wp\/v2\/posts\/3624","targetHints":{"allow":["GET"]}}],"collection":[{"href":"https:\/\/fleschmazowsza.com.pl\/index.php?rest_route=\/wp\/v2\/posts"}],"about":[{"href":"https:\/\/fleschmazowsza.com.pl\/index.php?rest_route=\/wp\/v2\/types\/post"}],"author":[{"embeddable":true,"href":"https:\/\/fleschmazowsza.com.pl\/index.php?rest_route=\/wp\/v2\/users\/2"}],"replies":[{"embeddable":true,"href":"https:\/\/fleschmazowsza.com.pl\/index.php?rest_route=%2Fwp%2Fv2%2Fcomments&post=3624"}],"version-history":[{"count":1,"href":"https:\/\/fleschmazowsza.com.pl\/index.php?rest_route=\/wp\/v2\/posts\/3624\/revisions"}],"predecessor-version":[{"id":3626,"href":"https:\/\/fleschmazowsza.com.pl\/index.php?rest_route=\/wp\/v2\/posts\/3624\/revisions\/3626"}],"wp:featuredmedia":[{"embeddable":true,"href":"https:\/\/fleschmazowsza.com.pl\/index.php?rest_route=\/wp\/v2\/media\/3625"}],"wp:attachment":[{"href":"https:\/\/fleschmazowsza.com.pl\/index.php?rest_route=%2Fwp%2Fv2%2Fmedia&parent=3624"}],"wp:term":[{"taxonomy":"category","embeddable":true,"href":"https:\/\/fleschmazowsza.com.pl\/index.php?rest_route=%2Fwp%2Fv2%2Fcategories&post=3624"},{"taxonomy":"post_tag","embeddable":true,"href":"https:\/\/fleschmazowsza.com.pl\/index.php?rest_route=%2Fwp%2Fv2%2Ftags&post=3624"}],"curies":[{"name":"wp","href":"https:\/\/api.w.org\/{rel}","templated":true}]}}