{"id":3603,"date":"2020-03-06T10:32:16","date_gmt":"2020-03-06T09:32:16","guid":{"rendered":"http:\/\/fleschmazowsza.com.pl\/?p=3603"},"modified":"2020-03-06T10:32:17","modified_gmt":"2020-03-06T09:32:17","slug":"dzien-kobiet-jak-sie-go-obchodzi-w-polsce-i-na-swiecie","status":"publish","type":"post","link":"https:\/\/fleschmazowsza.com.pl\/?p=3603","title":{"rendered":"Dzie\u0144 Kobiet \u2013 jak si\u0119 go obchodzi w Polsce i na \u015bwiecie?"},"content":{"rendered":"\n<p><strong>Dzie\u0144 Kobiet to wci\u0105\u017c jedno z najcz\u0119\u015bciej wymienianych przez Polak\u00f3w \u015bwi\u0105t, kt\u00f3re celebrujemy. Jest wa\u017cne zar\u00f3wno dla pa\u0144, jak i pan\u00f3w, kt\u00f3rzy co roku najch\u0119tniej obdarowuj\u0105 je kwiatami. Ale sk\u0105d wzi\u0119\u0142a si\u0119 ta tradycja i jaka jest historia tego \u015bwi\u0119ta?<\/strong><\/p>\n\n\n\n<p>Pierwszy raz Dzie\u0144 Kobiet obchodzono w\nStanach Zjednoczonych 28 lutego 1909 roku. Ten szczeg\u00f3lny dzie\u0144\nzosta\u0142 ustanowiony przez Socjalistyczn\u0105 Parti\u0119 Ameryki po\nzamieszkach i strajkach w Nowym Jorku. Nied\u0142ugo p\u00f3\u017aniej, w 1910\nroku Mi\u0119dzynarod\u00f3wka Socjalistyczna w Kopenhadze ustanowi\u0142a Dzie\u0144\nKobiet mi\u0119dzynarodowym \u015bwi\u0119tem, kt\u00f3rego celem by\u0142o krzewienie\nidei walki o prawa kobiet oraz umacnianie przekonania o ich wa\u017cnej\nroli w spo\u0142ecze\u0144stwie. Chciano tak\u017ce w ten spos\u00f3b zwr\u00f3ci\u0107 uwag\u0119\nna zasadno\u015b\u0107 przyznania kobietom praw wyborczych, kt\u00f3re \u2013\nprzypomnijmy \u2013 w Polsce zosta\u0142y nadane w 1918 roku. Obywatelstwo\nkobiet w tamtych czasach nie by\u0142o w Europie spraw\u0105 ani powszechn\u0105,\nani oczywist\u0105. Kobiety w Polsce otrzyma\u0142y prawa wyborcze wcze\u015bniej\nni\u017c w Stanach Zjednoczonych, Wielkiej Brytanii, Francji czy\nSzwajcarii. Jako dat\u0119 \u015bwi\u0119ta wybrano w\u00f3wczas dzie\u0144 8 marca, co\njest kultywowane do dzisiaj. \n<\/p>\n\n\n\n<p>Ale Dzie\u0144 Kobiet to nie tylko\nzachodnioeuropejska tradycja. Obecnie obchodzi si\u0119 je w wielu\npa\u0144stwach na \u015bwiecie: w Albanii, Algierii, Azerbejd\u017canie,\nBia\u0142orusi, Bo\u015bni i Hercegowinie, Brazylii, Bu\u0142garii, Burkina Faso,\nKamerunie, Chinach, Kubie, Laosie, Kazachstanie, Kirgistanie,\nMacedonii, Mo\u0142dawii, Mongolii, Czarnog\u00f3rze, Rumunii, Rosji, Serbii,\nTad\u017cykistanie, Ukrainie, Uzbekistanie, Wietnamie, W\u0142oszech oraz\nZambii.<\/p>\n\n\n\n<p>Wsp\u00f3lnym jednak zwyczajem dla\nwszystkich szeroko\u015bci geograficznych jest obdarowywanie pa\u0144\nkwiatami lub upominkami wraz z \u017cyczeniami. W Polsce szczeg\u00f3lnie\npopularny w tym wzgl\u0119dzie jest tulipan, cho\u0107 r\u00f3\u017cnic kulturowych w\ntym zakresie nie brakuje. We W\u0142oszech kobiety otrzymuj\u0105 ga\u0142\u0105zki\nakacji srebrzystej. Podobnie dzieje si\u0119 w Rosji, gdzie akacji cz\u0119sto\ntowarzyszy czekolada. Tam Dzie\u0144 Kobiet jest dniem wolnym od pracy. W\nPortugalii i Rumunii natomiast charakterystyczne s\u0105 specjalne obiady\ndedykowane kobietom, kt\u00f3re odbywaj\u0105 si\u0119 wy\u0142\u0105cznie w kobiecym\ngronie, bez towarzystwa m\u0119\u017cczyzn. W Chinach paniom nale\u017cy si\u0119 p\u00f3\u0142\ndnia wolnego, a sklepy oferuj\u0105 wiele specjalnych promocji. Wietnam\ncelebruje Dzie\u0144 Kobiet dwa razy w roku \u2013 w marcu i pa\u017adzierniku,\na kobiety najcz\u0119\u015bciej dostaj\u0105 go\u017adziki. Na Wyspach Brytyjskich\nstawia si\u0119 na edukacj\u0119 \u2013 propaguje si\u0119 szerzenie wiedzy o\nkobietach i historii ich praw. \n<\/p>\n\n\n\n<p>W niekt\u00f3rych krajach jest wr\u0119cz\nprzeciwnie \u2013 \u015bwi\u0119to jest zabronione. Tak dzieje si\u0119 na przyk\u0142ad\nw Iranie. W 2007 roku policja pobi\u0142a ponad 100 os\u00f3b, kt\u00f3re chcia\u0142y\ncelebrowa\u0107 ten dzie\u0144. Zaaresztowano wtedy r\u00f3wnie\u017c wiele kobiet. \n<\/p>\n\n\n\n<p>Niezale\u017cnie od form sp\u0119dzania tego\ndnia oraz zwyczaj\u00f3w charakterystycznych dla regionu \u2013 wszystkim\nPaniom sk\u0142adamy najserdeczniejsze \u017cyczenia. Aby czu\u0142y si\u0119\nwyj\u0105tkowo nie tylko 8 marca. \n<\/p>\n\n\n\n<p class=\"has-text-align-right\"><strong>Aneta Czarnecka<\/strong><br>Fot.: <em><strong>Pixabay.com<\/strong><\/em><\/p>\n","protected":false},"excerpt":{"rendered":"<p>Dzie\u0144 Kobiet to wci\u0105\u017c jedno z najcz\u0119\u015bciej wymienianych przez Polak\u00f3w \u015bwi\u0105t, kt\u00f3re celebrujemy. Jest wa\u017cne zar\u00f3wno dla pa\u0144, jak i pan\u00f3w, kt\u00f3rzy co roku najch\u0119tniej obdarowuj\u0105 je kwiatami. Ale sk\u0105d wzi\u0119\u0142a si\u0119 ta tradycja i jaka jest historia tego \u015bwi\u0119ta? Pierwszy raz Dzie\u0144 Kobiet obchodzono w Stanach Zjednoczonych 28 lutego 1909 roku. Ten szczeg\u00f3lny dzie\u0144 [&hellip;]<\/p>\n","protected":false},"author":2,"featured_media":3604,"comment_status":"closed","ping_status":"open","sticky":false,"template":"","format":"standard","meta":{"footnotes":""},"categories":[6,8],"tags":[],"class_list":["post-3603","post","type-post","status-publish","format-standard","has-post-thumbnail","hentry","category-kultura","category-roznosci"],"_links":{"self":[{"href":"https:\/\/fleschmazowsza.com.pl\/index.php?rest_route=\/wp\/v2\/posts\/3603","targetHints":{"allow":["GET"]}}],"collection":[{"href":"https:\/\/fleschmazowsza.com.pl\/index.php?rest_route=\/wp\/v2\/posts"}],"about":[{"href":"https:\/\/fleschmazowsza.com.pl\/index.php?rest_route=\/wp\/v2\/types\/post"}],"author":[{"embeddable":true,"href":"https:\/\/fleschmazowsza.com.pl\/index.php?rest_route=\/wp\/v2\/users\/2"}],"replies":[{"embeddable":true,"href":"https:\/\/fleschmazowsza.com.pl\/index.php?rest_route=%2Fwp%2Fv2%2Fcomments&post=3603"}],"version-history":[{"count":1,"href":"https:\/\/fleschmazowsza.com.pl\/index.php?rest_route=\/wp\/v2\/posts\/3603\/revisions"}],"predecessor-version":[{"id":3605,"href":"https:\/\/fleschmazowsza.com.pl\/index.php?rest_route=\/wp\/v2\/posts\/3603\/revisions\/3605"}],"wp:featuredmedia":[{"embeddable":true,"href":"https:\/\/fleschmazowsza.com.pl\/index.php?rest_route=\/wp\/v2\/media\/3604"}],"wp:attachment":[{"href":"https:\/\/fleschmazowsza.com.pl\/index.php?rest_route=%2Fwp%2Fv2%2Fmedia&parent=3603"}],"wp:term":[{"taxonomy":"category","embeddable":true,"href":"https:\/\/fleschmazowsza.com.pl\/index.php?rest_route=%2Fwp%2Fv2%2Fcategories&post=3603"},{"taxonomy":"post_tag","embeddable":true,"href":"https:\/\/fleschmazowsza.com.pl\/index.php?rest_route=%2Fwp%2Fv2%2Ftags&post=3603"}],"curies":[{"name":"wp","href":"https:\/\/api.w.org\/{rel}","templated":true}]}}