{"id":3596,"date":"2020-02-28T12:04:03","date_gmt":"2020-02-28T11:04:03","guid":{"rendered":"http:\/\/fleschmazowsza.com.pl\/?p=3596"},"modified":"2020-02-28T12:04:03","modified_gmt":"2020-02-28T11:04:03","slug":"suntago-wodny-swiat-oblezony","status":"publish","type":"post","link":"https:\/\/fleschmazowsza.com.pl\/?p=3596","title":{"rendered":"Suntago Wodny \u015awiat obl\u0119\u017cony"},"content":{"rendered":"\n<p><strong>W poprzednim numerze pisali\u015bmy o otwarciu Park of Poland. Miejsce ju\u017c zachwyca klient\u00f3w, a bilety znikaj\u0105 w mgnieniu oka. Go\u015bcie, kt\u00f3rzy zd\u0105\u017cyli odwiedzi\u0107 obiekt, a w tym w\u0142odarz Grodziska Mazowieckiego, Grzegorz Benedykci\u0144ski przyznaj\u0105, \u017ce warto zajrze\u0107 w to miejsce.<\/strong><\/p>\n\n\n\n<p>\u2013 To fantastyczne miejsce do\nwypoczynku i rekreacji na najwy\u017cszym poziomie. Spe\u0142nia najwy\u017csze\nstandardy i my\u015bl\u0119, \u017ce nigdzie w Europie nie powstydzimy si\u0119 go \u2013\npodkre\u015bla Grzegorz Benedykci\u0144ski. \u2013 Bardzo si\u0119 ciesz\u0119 i\ngratuluj\u0119 burmistrzowi Kurkowi (w\u0142odarz gminy Mszczon\u00f3w \u2013 przy.\nRed.), z kt\u00f3rym znam si\u0119 od lat. To du\u017cy sukces dla jego gminy,\nale tak\u017ce dla gmin s\u0105siednich, w tym naszej. Zyskujemy doskona\u0142e\nmiejsce do wypoczynku i rekreacji, do kt\u00f3rego mo\u017cna dojecha\u0107 w 20\nminut \u2013 dodaje.<\/p>\n\n\n\n<p>Przypomnijmy, \u017ce obiekt oferuje 32\nzje\u017cd\u017calnie, w tym \u2013 najd\u0142u\u017csz\u0105 \u2013 320-metrow\u0105, 18 r\u00f3\u017cnych\nbasen\u00f3w o \u0142\u0105cznej powierzchni 3500 m2 oraz 10 saun z r\u00f3\u017cnych\nstron \u015bwiata i 12 tematycznych atrakcji.<\/p>\n\n\n\n<p>Burmistrz twierdzi, \u017ce s\u0142owa uznania\nnale\u017c\u0105 si\u0119 r\u00f3wnie\u017c inwestorowi.<br>\u2013 M\u00f3g\u0142 przeprowadzi\u0107 to\nprzedsi\u0119wzi\u0119cie w silniejszych ekonomicznie i gospodarczo miejscach\nw Europie, a jednak postawi\u0142 na Polsk\u0119. W tym kontek\u015bcie budowa\nSuntago to nie tylko sukces dla regionu, lecz og\u00f3lnie dla kraju \u2013\ntwierdzi Benedykci\u0144ski.<\/p>\n\n\n\n<p>Burmistrz Grodziska Mazowieckiego m\u00f3wi\ntak\u017ce o pomy\u015ble zorganizowania linii autobusowej dowo\u017c\u0105cej\nmieszka\u0144c\u00f3w Grodziska do Suntago, cho\u0107 \u2013 jak przyznaje, by\u0107\nmo\u017ce nie b\u0119dzie takiej potrzeby:  \u2013 Szczerze m\u00f3wi\u0105c nie s\u0105dz\u0119,\nby by\u0142a taka potrzeba, bo mo\u017cna przewidywa\u0107, \u017ce mieszka\u0144cy b\u0119d\u0105\npewnie korzysta\u0107 z parku jeden albo dwa razy w miesi\u0105cu. Ale je\u015bli\nb\u0119dzie w\u015br\u00f3d og\u00f3\u0142u wola powo\u0142ania takiego po\u0142\u0105czenia, to si\u0119\ndo tego przymierzymy \u2013 zaznacza.<\/p>\n\n\n\n<p>Wyczekiwany przez Polak\u00f3w obiekt\nrekreacyjny to dopiero pocz\u0105tek ogromnej inwestycji. Zajmuje bowiem\ntylko 20 ha z oko\u0142o 400-hektarowego terenu Park of Poland. Reszta\npowierzchni przeznaczona jest na sztuczne jezioro, hotele oraz\nosiedla domk\u00f3w do wynaj\u0119cia, apartamentowce i sale konferencyjne. \n<\/p>\n\n\n\n<p>Aneta Czarnecka<\/p>\n\n\n\n<p class=\"has-text-align-right\">Fot.: <em><strong>Facebook\/Suntago Wodny \u015awiat<\/strong><\/em><\/p>\n","protected":false},"excerpt":{"rendered":"<p>W poprzednim numerze pisali\u015bmy o otwarciu Park of Poland. Miejsce ju\u017c zachwyca klient\u00f3w, a bilety znikaj\u0105 w mgnieniu oka. Go\u015bcie, kt\u00f3rzy zd\u0105\u017cyli odwiedzi\u0107 obiekt, a w tym w\u0142odarz Grodziska Mazowieckiego, Grzegorz Benedykci\u0144ski przyznaj\u0105, \u017ce warto zajrze\u0107 w to miejsce. \u2013 To fantastyczne miejsce do wypoczynku i rekreacji na najwy\u017cszym poziomie. Spe\u0142nia najwy\u017csze standardy i my\u015bl\u0119, [&hellip;]<\/p>\n","protected":false},"author":2,"featured_media":3597,"comment_status":"closed","ping_status":"open","sticky":false,"template":"","format":"standard","meta":{"footnotes":""},"categories":[5],"tags":[],"class_list":["post-3596","post","type-post","status-publish","format-standard","has-post-thumbnail","hentry","category-wiadomosci"],"_links":{"self":[{"href":"https:\/\/fleschmazowsza.com.pl\/index.php?rest_route=\/wp\/v2\/posts\/3596","targetHints":{"allow":["GET"]}}],"collection":[{"href":"https:\/\/fleschmazowsza.com.pl\/index.php?rest_route=\/wp\/v2\/posts"}],"about":[{"href":"https:\/\/fleschmazowsza.com.pl\/index.php?rest_route=\/wp\/v2\/types\/post"}],"author":[{"embeddable":true,"href":"https:\/\/fleschmazowsza.com.pl\/index.php?rest_route=\/wp\/v2\/users\/2"}],"replies":[{"embeddable":true,"href":"https:\/\/fleschmazowsza.com.pl\/index.php?rest_route=%2Fwp%2Fv2%2Fcomments&post=3596"}],"version-history":[{"count":1,"href":"https:\/\/fleschmazowsza.com.pl\/index.php?rest_route=\/wp\/v2\/posts\/3596\/revisions"}],"predecessor-version":[{"id":3598,"href":"https:\/\/fleschmazowsza.com.pl\/index.php?rest_route=\/wp\/v2\/posts\/3596\/revisions\/3598"}],"wp:featuredmedia":[{"embeddable":true,"href":"https:\/\/fleschmazowsza.com.pl\/index.php?rest_route=\/wp\/v2\/media\/3597"}],"wp:attachment":[{"href":"https:\/\/fleschmazowsza.com.pl\/index.php?rest_route=%2Fwp%2Fv2%2Fmedia&parent=3596"}],"wp:term":[{"taxonomy":"category","embeddable":true,"href":"https:\/\/fleschmazowsza.com.pl\/index.php?rest_route=%2Fwp%2Fv2%2Fcategories&post=3596"},{"taxonomy":"post_tag","embeddable":true,"href":"https:\/\/fleschmazowsza.com.pl\/index.php?rest_route=%2Fwp%2Fv2%2Ftags&post=3596"}],"curies":[{"name":"wp","href":"https:\/\/api.w.org\/{rel}","templated":true}]}}