{"id":3580,"date":"2020-02-28T11:49:28","date_gmt":"2020-02-28T10:49:28","guid":{"rendered":"http:\/\/fleschmazowsza.com.pl\/?p=3580"},"modified":"2020-02-28T11:49:29","modified_gmt":"2020-02-28T10:49:29","slug":"czy-powstanie-park-pamieci-w-grodzisku","status":"publish","type":"post","link":"https:\/\/fleschmazowsza.com.pl\/?p=3580","title":{"rendered":"Czy powstanie Park Pami\u0119ci w Grodzisku?"},"content":{"rendered":"\n<p><strong>Temat Parku Pami\u0119ci w Grodzisku Mazowieckim powraca. W\u0142adze chc\u0105, aby w miejscu dawnego z\u0142omowiska pomi\u0119dzy ulicami: \u017bydowsk\u0105, Traugutta i Towarow\u0105 powsta\u0142 obiekt, gdzie mieszka\u0144cy mogliby sp\u0119dzi\u0107 czas w mi\u0142ej atmosferze, a przy okazji pozna\u0107 tak\u017ce histori\u0119 miasta.<\/strong><\/p>\n\n\n\n<p>Kilka lat temu na obszarze tym\nznajdowa\u0142o si\u0119 sk\u0142adowisko z\u0142omu. W styczniu 2016 roku gmina\nGrodzisk Mazowiecki zg\u0142osi\u0142a ch\u0119\u0107 wydzier\u017cawienia terenu\ncmentarza \u017cydowskiego w jego historycznych granicach. Obecnie miasto\nwci\u0105\u017c czeka na decyzje formalne, kt\u00f3re znacznie hamuj\u0105 post\u0119p\nprac w tym zakresie. \n<\/p>\n\n\n\n<p>\u2013 Gminna Sp\u00f3\u0142dzielnia Samopomoc\nCh\u0142opska musi podj\u0105\u0107 uchwa\u0142\u0119 w sprawie wyra\u017cenia zgody na\ndzier\u017caw\u0119 dzia\u0142ek przez gmin\u0119 \u2013 wyja\u015bnia Piotr Gali\u0144ski,\nwiceburmistrz Grodziska. \u2013 Nadal takiego uzgodnienia nie ma, ale\nliczymy, \u017ce wkr\u00f3tce si\u0119 pojawi i ruszymy do przodu \u2013 dodaje.<\/p>\n\n\n\n<p>Obok Parku Pami\u0119ci, w planach jest\nr\u00f3wnie\u017c budowa pawilonu edukacyjnego s\u0142u\u017c\u0105cego przede wszystkim\nnajm\u0142odszym mieszka\u0144com Grodziska i okolic. Miasto dysponuje ju\u017c\nplanem formalno-u\u017cytkowym, zawieraj\u0105cym koncepcje rewitalizacji\nterenu oraz aran\u017cacji strefy zielonej. \n<\/p>\n\n\n\n<p>Pocz\u0105tkow\u0105 barier\u0105 by\u0142 sp\u00f3r\npomi\u0119dzy by\u0142ym i obecnym w\u0142a\u015bcicielem terenu o wpisy w ksi\u0119gach\nwieczystych, a teraz najwi\u0119kszym problemem jest brak zgody na jego\ndzier\u017caw\u0119. Zgodnie z zapowiedziami wiceburmistrza, Piotra\nGali\u0144skiego, uchwa\u0142a w tej sprawie prawdopodobnie zostanie przyj\u0119ta\nw najbli\u017cszym czasie. \n<\/p>\n\n\n\n<p>\u2013 Bynajmniej nie porzucamy tematu\nParku Pami\u0119ci, wr\u0119cz przeciwnie: mamy nadziej\u0119, \u017ce wiosn\u0105\ninwestycja mog\u0142aby ruszy\u0107 \u2013 m\u00f3wi Piotr Gali\u0144ski.<\/p>\n\n\n\n<p class=\"has-text-align-right\"><strong>Aneta Czarnecka<\/strong><br>Fot.: <em><strong>Grodzisknews.pl<\/strong><\/em><\/p>\n","protected":false},"excerpt":{"rendered":"<p>Temat Parku Pami\u0119ci w Grodzisku Mazowieckim powraca. W\u0142adze chc\u0105, aby w miejscu dawnego z\u0142omowiska pomi\u0119dzy ulicami: \u017bydowsk\u0105, Traugutta i Towarow\u0105 powsta\u0142 obiekt, gdzie mieszka\u0144cy mogliby sp\u0119dzi\u0107 czas w mi\u0142ej atmosferze, a przy okazji pozna\u0107 tak\u017ce histori\u0119 miasta. Kilka lat temu na obszarze tym znajdowa\u0142o si\u0119 sk\u0142adowisko z\u0142omu. W styczniu 2016 roku gmina Grodzisk Mazowiecki zg\u0142osi\u0142a [&hellip;]<\/p>\n","protected":false},"author":2,"featured_media":3581,"comment_status":"closed","ping_status":"open","sticky":false,"template":"","format":"standard","meta":{"footnotes":""},"categories":[5],"tags":[],"class_list":["post-3580","post","type-post","status-publish","format-standard","has-post-thumbnail","hentry","category-wiadomosci"],"_links":{"self":[{"href":"https:\/\/fleschmazowsza.com.pl\/index.php?rest_route=\/wp\/v2\/posts\/3580","targetHints":{"allow":["GET"]}}],"collection":[{"href":"https:\/\/fleschmazowsza.com.pl\/index.php?rest_route=\/wp\/v2\/posts"}],"about":[{"href":"https:\/\/fleschmazowsza.com.pl\/index.php?rest_route=\/wp\/v2\/types\/post"}],"author":[{"embeddable":true,"href":"https:\/\/fleschmazowsza.com.pl\/index.php?rest_route=\/wp\/v2\/users\/2"}],"replies":[{"embeddable":true,"href":"https:\/\/fleschmazowsza.com.pl\/index.php?rest_route=%2Fwp%2Fv2%2Fcomments&post=3580"}],"version-history":[{"count":1,"href":"https:\/\/fleschmazowsza.com.pl\/index.php?rest_route=\/wp\/v2\/posts\/3580\/revisions"}],"predecessor-version":[{"id":3582,"href":"https:\/\/fleschmazowsza.com.pl\/index.php?rest_route=\/wp\/v2\/posts\/3580\/revisions\/3582"}],"wp:featuredmedia":[{"embeddable":true,"href":"https:\/\/fleschmazowsza.com.pl\/index.php?rest_route=\/wp\/v2\/media\/3581"}],"wp:attachment":[{"href":"https:\/\/fleschmazowsza.com.pl\/index.php?rest_route=%2Fwp%2Fv2%2Fmedia&parent=3580"}],"wp:term":[{"taxonomy":"category","embeddable":true,"href":"https:\/\/fleschmazowsza.com.pl\/index.php?rest_route=%2Fwp%2Fv2%2Fcategories&post=3580"},{"taxonomy":"post_tag","embeddable":true,"href":"https:\/\/fleschmazowsza.com.pl\/index.php?rest_route=%2Fwp%2Fv2%2Ftags&post=3580"}],"curies":[{"name":"wp","href":"https:\/\/api.w.org\/{rel}","templated":true}]}}