{"id":358,"date":"2016-11-22T15:32:34","date_gmt":"2016-11-22T14:32:34","guid":{"rendered":"http:\/\/fleschmazowsza.com.pl\/?p=358"},"modified":"2016-11-22T15:32:34","modified_gmt":"2016-11-22T14:32:34","slug":"ursus-pierwsze-spotkanie-zespolu-ds-budzetu-partycypacyjnego","status":"publish","type":"post","link":"https:\/\/fleschmazowsza.com.pl\/?p=358","title":{"rendered":"URSUS. Pierwsze spotkanie Zespo\u0142u ds. Bud\u017cetu Partycypacyjnego"},"content":{"rendered":"<p><strong>W poniedzia\u0142ek, 14 listopada, cz\u0142onkowie Zespo\u0142u ds. Bud\u017cetu Partycypacyjnego rozpocz\u0119li prac\u0119 nad jego V edycj\u0105. Zesp\u00f3\u0142 okre\u015bli\u0142 szczeg\u00f3\u0142owe zasady przeprowadzenia Bud\u017cetu Partycypacyjnego w Dzielnicy Ursus. Kwota, kt\u00f3ra zosta\u0142a przeznaczona na jego realizacj\u0119 w 2018 r. wynosi 1 655 677 z\u0142, co stanowi 1% planowanego na rok 2018 bud\u017cetu Dzielnicy Ursus.<\/strong><\/p>\n<p>W tym roku, podobnie jak w ubieg\u0142ym, cz\u0142onkowie zespo\u0142u podj\u0119li decyzje o podziale dzielnicy na dwa obszary terytorialne: Ursus P\u00f3\u0142nocny i Ursus Po\u0142udniowy. Kwota przypisana ka\u017cdemu z nich wynosi po 827 838,5 z\u0142.<\/p>\n<p>W trakcie spotkania odby\u0142o si\u0119 g\u0142osowanie, podczas kt\u00f3rego jednog\u0142o\u015bnie stanowisko przewodnicz\u0105cego Zespo\u0142u ds. Bud\u017cetu Partycypacyjnego obj\u0119\u0142a Areta Wasilewska-Gregorowicz (mieszkanka Dzielnicy Ursus). Wiceprzewodnicz\u0105cym Zespo\u0142u zosta\u0142 wybrany Miko\u0142aj Wojciechowski (mieszkaniec Dzielnicy Ursus), a sekretarzem Zespo\u0142u zosta\u0142a wybrana Iwona Jab\u0142onowska (pracownik Urz\u0119du Dzielnicy Ursus).<\/p>\n<p>Poni\u017cej przedstawiamy harmonogram Bud\u017cetu Partycypacyjnego na rok 2018 w Warszawie:<\/p>\n<p>&#8211; Okre\u015blenie szczeg\u00f3\u0142owych zasad przeprowadzania BP w dzielnicach \u2013 do 23.11.2016r.;<br \/>\n&#8211; Zg\u0142aszanie projekt\u00f3w \u2013 od 01.12.2016r. do 23.01.2017r.;<br \/>\n&#8211; Weryfikacja projekt\u00f3w i dyskusje mieszka\u0144c\u00f3w \u2013 od 24.01.2017r. do 08.05.2017r.;<br \/>\n&#8211; Odwo\u0142ania i ponowna weryfikacja \u2013 od 08.05.2017r. do 26.05.2017r.;<br \/>\n&#8211; Spotkania promocyjne \u2013 od 01.06.2017r. do 30.06.2017r.;<br \/>\n&#8211; G\u0142osowanie \u2013 od 16.06.2017r. do 30.06.2017r.;<br \/>\n&#8211; Og\u0142oszenie wynik\u00f3w do 15.07.2017r.<\/p>\n<p>Wi\u0119cej szczeg\u00f3\u0142owych informacji znajd\u0105 Pa\u0144stwo na stronie <a href=\"http:\/\/www.ursus.warszawa.pl\">www.ursus.warszawa.pl<\/a> w zak\u0142adce \u201eBud\u017cet Partycypacyjny\u201d.<\/p>\n<p style=\"text-align: right;\"><strong>Ewelina Wielgat<\/strong><\/p>\n<p style=\"text-align: right;\">Fot. <strong>www.ursus.warszawa.pl<\/strong><\/p>\n","protected":false},"excerpt":{"rendered":"<p>W poniedzia\u0142ek, 14 listopada, cz\u0142onkowie Zespo\u0142u ds. Bud\u017cetu Partycypacyjnego rozpocz\u0119li prac\u0119 nad jego V edycj\u0105. Zesp\u00f3\u0142 okre\u015bli\u0142 szczeg\u00f3\u0142owe zasady przeprowadzenia Bud\u017cetu Partycypacyjnego w Dzielnicy Ursus. Kwota, kt\u00f3ra zosta\u0142a przeznaczona na jego realizacj\u0119 w 2018 r. wynosi 1 655 677 z\u0142, co stanowi 1% planowanego na rok 2018 bud\u017cetu Dzielnicy Ursus. W tym roku, podobnie jak [&hellip;]<\/p>\n","protected":false},"author":2,"featured_media":359,"comment_status":"closed","ping_status":"open","sticky":false,"template":"","format":"standard","meta":{"footnotes":""},"categories":[5],"tags":[],"class_list":["post-358","post","type-post","status-publish","format-standard","has-post-thumbnail","hentry","category-wiadomosci"],"_links":{"self":[{"href":"https:\/\/fleschmazowsza.com.pl\/index.php?rest_route=\/wp\/v2\/posts\/358","targetHints":{"allow":["GET"]}}],"collection":[{"href":"https:\/\/fleschmazowsza.com.pl\/index.php?rest_route=\/wp\/v2\/posts"}],"about":[{"href":"https:\/\/fleschmazowsza.com.pl\/index.php?rest_route=\/wp\/v2\/types\/post"}],"author":[{"embeddable":true,"href":"https:\/\/fleschmazowsza.com.pl\/index.php?rest_route=\/wp\/v2\/users\/2"}],"replies":[{"embeddable":true,"href":"https:\/\/fleschmazowsza.com.pl\/index.php?rest_route=%2Fwp%2Fv2%2Fcomments&post=358"}],"version-history":[{"count":1,"href":"https:\/\/fleschmazowsza.com.pl\/index.php?rest_route=\/wp\/v2\/posts\/358\/revisions"}],"predecessor-version":[{"id":360,"href":"https:\/\/fleschmazowsza.com.pl\/index.php?rest_route=\/wp\/v2\/posts\/358\/revisions\/360"}],"wp:featuredmedia":[{"embeddable":true,"href":"https:\/\/fleschmazowsza.com.pl\/index.php?rest_route=\/wp\/v2\/media\/359"}],"wp:attachment":[{"href":"https:\/\/fleschmazowsza.com.pl\/index.php?rest_route=%2Fwp%2Fv2%2Fmedia&parent=358"}],"wp:term":[{"taxonomy":"category","embeddable":true,"href":"https:\/\/fleschmazowsza.com.pl\/index.php?rest_route=%2Fwp%2Fv2%2Fcategories&post=358"},{"taxonomy":"post_tag","embeddable":true,"href":"https:\/\/fleschmazowsza.com.pl\/index.php?rest_route=%2Fwp%2Fv2%2Ftags&post=358"}],"curies":[{"name":"wp","href":"https:\/\/api.w.org\/{rel}","templated":true}]}}