{"id":3568,"date":"2020-02-18T12:58:26","date_gmt":"2020-02-18T11:58:26","guid":{"rendered":"http:\/\/fleschmazowsza.com.pl\/?p=3568"},"modified":"2020-02-18T12:58:27","modified_gmt":"2020-02-18T11:58:27","slug":"rajskie-wakacje-w-suntago-juz-wkrotce","status":"publish","type":"post","link":"https:\/\/fleschmazowsza.com.pl\/?p=3568","title":{"rendered":"Rajskie wakacje w Suntago ju\u017c wkr\u00f3tce"},"content":{"rendered":"\n<p><strong>Otwarcie kluczowego centrum rozrywki regionu \u2013 Park of Poland ju\u017c 20 lutego! Po chwilowym spowolnieniu, wyko\u0144czenie projektu nabiera tempa. Obecnie trwaj\u0105 odbiory techniczne obiektu.<\/strong><\/p>\n\n\n\n<p>Wodny \u015awiat we Wr\u0119czy ko\u0142o\nMszczonowa mia\u0142 cieszy\u0107 turyst\u00f3w od ko\u0144ca 2019 roku. Hucznie\nzapowiadane otwarcie jednak nie odby\u0142o si\u0119 z powodu op\u00f3\u017anie\u0144\nprzy ko\u0144c\u00f3wkach prac. Chwilowa stagnacja nie wp\u0142ynie jednak\nznacz\u0105co na termin otwarcia obiektu. Trwaj\u0105 ju\u017c odbiory techniczne\nobiektu. Oficjalna data otwarcia to czwartek 20 lutego<\/p>\n\n\n\n<p>Przypomnijmy, \u017ce Park of Poland b\u0119dzie\natrakcj\u0105 budz\u0105c\u0105 zazdro\u015b\u0107 nie tylko s\u0105siad\u00f3w Mazowsza, ale\ntak\u017ce ca\u0142ej Polski. Obiekt b\u0119dzie stanowi\u0142 najwi\u0119kszy tego typu\nkompleks wodny w Europie \u015arodkowo-Wschodniej. Wewn\u0105trz znajdzie si\u0119\n18 basen\u00f3w, 32 zje\u017cd\u017calnie, basen z \u201edzik\u0105 rzek\u0105\u201d, 10 saun,\nwodny plac zabaw, 3 baseny solankowe, maszyna Suf-Air (umo\u017cliwiaj\u0105ca\nsurfowanie pod dachem) oraz r\u00f3\u017cnorodne bary i restauracje.<\/p>\n\n\n\n<p>Ponadto wewn\u0105trz obiektu b\u0119dzie mo\u017cna\npoczu\u0107 si\u0119 jak na prawdziwie rajskiej i tropikalnej wyspie za\nspraw\u0105 wysokiej temperatury (32-34 stopnie) oraz 740 egzotycznych\npalm, kt\u00f3re stworz\u0105 sw\u00f3j unikatowy mikroklimat wewn\u0105trz parku\nwodnego.<\/p>\n\n\n\n<p>Niestety \u2013 wci\u0105\u017c nie wiadomo, ile\ntrzeba b\u0119dzie zap\u0142aci\u0107 za przyjemno\u015b\u0107 sp\u0119dzenia czasu w tak\negzotyczny spos\u00f3b. Przedstawiciele inwestora \u2013 Global City Holding\npodczas konferencji prasowej zapewniali dyplomatycznie: \u2013 Nie\nb\u0119dziemy najta\u0144si, ale nie b\u0119dziemy te\u017c najdro\u017csi.<\/p>\n\n\n\n<p>Nowy Rok to nowe wyzwania! My jeste\u015bmy\nju\u017c na nie gotowi, tworz\u0105c dla Was \u2013 Raj w sercu Polski \u2013\nnapisali przedstawiciele Park of Poland na Facebook\u2019owym profilu.<\/p>\n\n\n\n<p class=\"has-text-align-right\"><strong>Aneta Czarnecka<\/strong><br>Fot.:<em><strong> Facebook (Suntago)<\/strong><\/em><\/p>\n","protected":false},"excerpt":{"rendered":"<p>Otwarcie kluczowego centrum rozrywki regionu \u2013 Park of Poland ju\u017c 20 lutego! Po chwilowym spowolnieniu, wyko\u0144czenie projektu nabiera tempa. Obecnie trwaj\u0105 odbiory techniczne obiektu. Wodny \u015awiat we Wr\u0119czy ko\u0142o Mszczonowa mia\u0142 cieszy\u0107 turyst\u00f3w od ko\u0144ca 2019 roku. Hucznie zapowiadane otwarcie jednak nie odby\u0142o si\u0119 z powodu op\u00f3\u017anie\u0144 przy ko\u0144c\u00f3wkach prac. Chwilowa stagnacja nie wp\u0142ynie jednak [&hellip;]<\/p>\n","protected":false},"author":2,"featured_media":3569,"comment_status":"closed","ping_status":"open","sticky":false,"template":"","format":"standard","meta":{"footnotes":""},"categories":[5],"tags":[],"class_list":["post-3568","post","type-post","status-publish","format-standard","has-post-thumbnail","hentry","category-wiadomosci"],"_links":{"self":[{"href":"https:\/\/fleschmazowsza.com.pl\/index.php?rest_route=\/wp\/v2\/posts\/3568","targetHints":{"allow":["GET"]}}],"collection":[{"href":"https:\/\/fleschmazowsza.com.pl\/index.php?rest_route=\/wp\/v2\/posts"}],"about":[{"href":"https:\/\/fleschmazowsza.com.pl\/index.php?rest_route=\/wp\/v2\/types\/post"}],"author":[{"embeddable":true,"href":"https:\/\/fleschmazowsza.com.pl\/index.php?rest_route=\/wp\/v2\/users\/2"}],"replies":[{"embeddable":true,"href":"https:\/\/fleschmazowsza.com.pl\/index.php?rest_route=%2Fwp%2Fv2%2Fcomments&post=3568"}],"version-history":[{"count":1,"href":"https:\/\/fleschmazowsza.com.pl\/index.php?rest_route=\/wp\/v2\/posts\/3568\/revisions"}],"predecessor-version":[{"id":3570,"href":"https:\/\/fleschmazowsza.com.pl\/index.php?rest_route=\/wp\/v2\/posts\/3568\/revisions\/3570"}],"wp:featuredmedia":[{"embeddable":true,"href":"https:\/\/fleschmazowsza.com.pl\/index.php?rest_route=\/wp\/v2\/media\/3569"}],"wp:attachment":[{"href":"https:\/\/fleschmazowsza.com.pl\/index.php?rest_route=%2Fwp%2Fv2%2Fmedia&parent=3568"}],"wp:term":[{"taxonomy":"category","embeddable":true,"href":"https:\/\/fleschmazowsza.com.pl\/index.php?rest_route=%2Fwp%2Fv2%2Fcategories&post=3568"},{"taxonomy":"post_tag","embeddable":true,"href":"https:\/\/fleschmazowsza.com.pl\/index.php?rest_route=%2Fwp%2Fv2%2Ftags&post=3568"}],"curies":[{"name":"wp","href":"https:\/\/api.w.org\/{rel}","templated":true}]}}