{"id":3556,"date":"2020-02-18T12:36:55","date_gmt":"2020-02-18T11:36:55","guid":{"rendered":"http:\/\/fleschmazowsza.com.pl\/?p=3556"},"modified":"2020-02-18T12:36:55","modified_gmt":"2020-02-18T11:36:55","slug":"sport-w-przestrzeni-malarskiej","status":"publish","type":"post","link":"https:\/\/fleschmazowsza.com.pl\/?p=3556","title":{"rendered":"\u201eSport w przestrzeni malarskiej\u201d"},"content":{"rendered":"\n<p><strong>31 stycznia w pruszkowskim Centrum Kultury i Sportu na II pi\u0119trze mia\u0142o miejsce uroczyste otwarcie Galerii Salonu Pruszkowskiego, po\u0142\u0105czone z wernisa\u017cem obraz\u00f3w olejnych i akrylowych. Inauguracja Galerii by\u0142a zwie\u0144czeniem dotychczasowych, 20-letnich ju\u017c, dzia\u0142a\u0144 artyst\u00f3w Salonu Pruszkowskiego. Tematem wystawy, kt\u00f3r\u0105 mo\u017cna ogl\u0105da\u0107 do ko\u0144ca lutego jest \u201eSport w przestrzeni malarskiej\u201d.<\/strong><\/p>\n\n\n\n<p>Salon Pruszkowski, jako ugrupowanie\ntw\u00f3rcze zrzeszaj\u0105ce artyst\u00f3w z Pruszkowa, cho\u0107 istnieje ju\u017c od\ndawna, dotychczas nie mia\u0142 sta\u0142ego miejsca ekspozycji. Nowoczesna,\njasna i skomplikowana przestrze\u0144 architektoniczna II pi\u0119tra Centrum\nKultury i Sportu daje mo\u017cliwo\u015b\u0107 zaaran\u017cowania wystawy z du\u017cym\nrozmachem. Na tle bia\u0142ych \u015bcian poszczeg\u00f3lnych sal i korytarza\nkolorowe obrazy prezentuj\u0105 si\u0119 efektownie, jednocze\u015bnie kompozycja\nca\u0142o\u015bci ekspozycji jest nad wyraz przejrzysta.<\/p>\n\n\n\n<p>Pomys\u0142, aby utworzy\u0107 profesjonaln\u0105\ngaleri\u0119 bardziej peryferyjnie, poza granicami Warszawy, koresponduje\nz podobnym zjawiskiem np. w Londynie, gdzie \u201ebohema\u201d tworzy swoje\ncentra artystyczne na przedmie\u015bciach, w miejscach zgo\u0142a\nnieoczekiwanych. To te\u017c uk\u0142on lokalnych artyst\u00f3w w stron\u0119\nPruszkowa, jako miasta wyj\u0105tkowo przyjaznego mieszka\u0144com, z du\u017cym \npotencja\u0142em tw\u00f3rczym i artystycznym.<\/p>\n\n\n\n<p>Poziom artystyczny prac malarskich nie\npozostawia w\u0105tpliwo\u015bci, \u017ce s\u0105 dzie\u0142em malarzy zawodowc\u00f3w.\nObraz\u00f3w jest zaskakuj\u0105co du\u017co i swoj\u0105 tematyk\u0105 wyczerpuj\u0105\nogromn\u0105 r\u00f3\u017cnorodno\u015b\u0107 wsp\u00f3\u0142czesnych i tradycyjnych dyscyplin\nsportowych. Wy\u015bcigi konne i samochodowe, lekkoatletyka w r\u00f3\u017cnych\nods\u0142onach, sporty wodne i zimowe, tenis, taniec, bilard, a nawet\nszachy, to jeszcze nie wszystkie z dyscyplin wyra\u017conych malarsko na\nwystawie. Intensywne kolory i ekspresyjne uj\u0119cie sportowych motyw\u00f3w\nnadaj\u0105 obrazom du\u017c\u0105 warto\u015b\u0107 dekoracyjn\u0105, mo\u017cna pokusi\u0107 si\u0119 o\nzakup wybranej pracy i wyeksponowa\u0107 j\u0105 w domu.<\/p>\n\n\n\n<p>Tematyka pierwszej wystawy Galerii\nSalonu Pruszkowskiego w spos\u00f3b oczywisty zwi\u0105zana jest z miejscem\nekspozycji \u2013 obiektem sportowym. Fragment stadionu pruszkowskiego\n\u201eZnicza\u201d jest zreszt\u0105 tematem jednego z obraz\u00f3w. Jednocze\u015bnie\nprzy\u015bwieca tu idea, aby pokaza\u0107 zwi\u0105zki mi\u0119dzy sztuk\u0105, kultur\u0105\na sportem, kt\u00f3ry \u201e\u0142agodzi obyczaje\u201d. Sport daje mo\u017cliwo\u015b\u0107\nwy\u0142adowania emocji, agresji, tendencji do walki i rywalizacji w\ncywilizowany spos\u00f3b, nie czyni\u0105c krzywdy innym.<\/p>\n\n\n\n<p>Galeria ma ambicje, aby rozszerzy\u0107\nswoj\u0105 dzia\u0142alno\u015b\u0107 o kontakty zagraniczne i zaprasza\u0107 na wystawy\nprzedstawicieli podobnych \u015brodowisk artystycznych ze \u015bwiata.\nWymiana do\u015bwiadcze\u0144 tw\u00f3rczych mo\u017ce tu przy okazji zaowocowa\u0107\nrewizyt\u0105 i zamieni\u0107 si\u0119 w artystyczno \u2013 turystyczn\u0105 przygod\u0119.\nBy\u0107 mo\u017ce wi\u0119c ulegnie zmianie nazwa \u2013 Galeria Salonu\nPruszkowskiego zostanie przemianowana na Galeri\u0119 II Pi\u0119tro, aby\nuzyska\u0107 bardziej uniwersalny charakter.<\/p>\n\n\n\n<p class=\"has-text-align-right\">Tekst i foto:<br><strong> Sylwia Pa\u0144k\u00f3w<\/strong><\/p>\n","protected":false},"excerpt":{"rendered":"<p>31 stycznia w pruszkowskim Centrum Kultury i Sportu na II pi\u0119trze mia\u0142o miejsce uroczyste otwarcie Galerii Salonu Pruszkowskiego, po\u0142\u0105czone z wernisa\u017cem obraz\u00f3w olejnych i akrylowych. Inauguracja Galerii by\u0142a zwie\u0144czeniem dotychczasowych, 20-letnich ju\u017c, dzia\u0142a\u0144 artyst\u00f3w Salonu Pruszkowskiego. Tematem wystawy, kt\u00f3r\u0105 mo\u017cna ogl\u0105da\u0107 do ko\u0144ca lutego jest \u201eSport w przestrzeni malarskiej\u201d. Salon Pruszkowski, jako ugrupowanie tw\u00f3rcze zrzeszaj\u0105ce [&hellip;]<\/p>\n","protected":false},"author":2,"featured_media":3557,"comment_status":"closed","ping_status":"open","sticky":false,"template":"","format":"standard","meta":{"footnotes":""},"categories":[6],"tags":[],"class_list":["post-3556","post","type-post","status-publish","format-standard","has-post-thumbnail","hentry","category-kultura"],"_links":{"self":[{"href":"https:\/\/fleschmazowsza.com.pl\/index.php?rest_route=\/wp\/v2\/posts\/3556","targetHints":{"allow":["GET"]}}],"collection":[{"href":"https:\/\/fleschmazowsza.com.pl\/index.php?rest_route=\/wp\/v2\/posts"}],"about":[{"href":"https:\/\/fleschmazowsza.com.pl\/index.php?rest_route=\/wp\/v2\/types\/post"}],"author":[{"embeddable":true,"href":"https:\/\/fleschmazowsza.com.pl\/index.php?rest_route=\/wp\/v2\/users\/2"}],"replies":[{"embeddable":true,"href":"https:\/\/fleschmazowsza.com.pl\/index.php?rest_route=%2Fwp%2Fv2%2Fcomments&post=3556"}],"version-history":[{"count":1,"href":"https:\/\/fleschmazowsza.com.pl\/index.php?rest_route=\/wp\/v2\/posts\/3556\/revisions"}],"predecessor-version":[{"id":3558,"href":"https:\/\/fleschmazowsza.com.pl\/index.php?rest_route=\/wp\/v2\/posts\/3556\/revisions\/3558"}],"wp:featuredmedia":[{"embeddable":true,"href":"https:\/\/fleschmazowsza.com.pl\/index.php?rest_route=\/wp\/v2\/media\/3557"}],"wp:attachment":[{"href":"https:\/\/fleschmazowsza.com.pl\/index.php?rest_route=%2Fwp%2Fv2%2Fmedia&parent=3556"}],"wp:term":[{"taxonomy":"category","embeddable":true,"href":"https:\/\/fleschmazowsza.com.pl\/index.php?rest_route=%2Fwp%2Fv2%2Fcategories&post=3556"},{"taxonomy":"post_tag","embeddable":true,"href":"https:\/\/fleschmazowsza.com.pl\/index.php?rest_route=%2Fwp%2Fv2%2Ftags&post=3556"}],"curies":[{"name":"wp","href":"https:\/\/api.w.org\/{rel}","templated":true}]}}