{"id":3540,"date":"2020-01-17T11:46:22","date_gmt":"2020-01-17T10:46:22","guid":{"rendered":"http:\/\/fleschmazowsza.com.pl\/?p=3540"},"modified":"2020-01-17T11:46:23","modified_gmt":"2020-01-17T10:46:23","slug":"final-wosp-w-grodzisku-mazowieckim","status":"publish","type":"post","link":"https:\/\/fleschmazowsza.com.pl\/?p=3540","title":{"rendered":"Fina\u0142 WO\u015aP w Grodzisku Mazowieckim"},"content":{"rendered":"\n<p><strong>12 stycznia po raz kolejny zagra\u0142a Wielka Orkiestra \u015awi\u0105tecznej Pomocy. Z tej okazji Grodzisk Mazowiecki przygotowa\u0142 dzie\u0144 pe\u0142en wra\u017ce\u0144 dla mieszka\u0144c\u00f3w miasta i okolic. Plan zachwyca\u0142 r\u00f3\u017cnorodno\u015bci\u0105.<\/strong><\/p>\n\n\n\n<p>Orkiestra gra 28. raz, a w tym roku\nfina\u0142 odby\u0142 si\u0119 pod has\u0142em: \u201eWiatr w \u017cagle. Dla dzieci\u0119cej\nmedycyny zabiegowej\u201d. Fundacja WO\u015aP zapowiada\u0142a:<\/p>\n\n\n\n<p>&#8211; W tym roku zbieramy \u015brodki na zakup najnowocze\u015bniejszych urz\u0105dze\u0144 dla ratowania \u017cycia i zdrowia dzieci potrzebuj\u0105cych r\u00f3\u017cnego rodzaju operacji. Chirurdzy wszystkich specjalno\u015bci dzie\u0144 i noc w ca\u0142ej Polsce ratuj\u0105 \u017cycie tych dzieci. Orkiestra skupia\u0107 si\u0119 b\u0119dzie przede wszystkim na takich dziedzinach medyny dzieci\u0119cej jak chirurgia og\u00f3lna, kardiochirurgia czy neurochirurgia.<\/p>\n\n\n\n<p>Wolontariusze z Grodziska z wielkim\nsercem zaanga\u017cowali si\u0119 w prac\u0119 tego dnia. W wielu miejscach\nodbywa\u0142y si\u0119 imprezy i wydarzenia po\u015bwi\u0119cone orkiestrze. Pocz\u0105tek\nwyznaczono na godzin\u0119 10:00 w Centrum Kultury. Oj dzia\u0142o si\u0119 tam:\npokazy taneczne, popisy muzyczne, przedstawienia oraz energetyczne\nkoncerty. Przed budynkiem natomiast mo\u017cna by\u0142o podziwia\u0107 pokazy\nsprz\u0119tu stra\u017cackiego oraz efektowne motocykle.<\/p>\n\n\n\n<p>Od 11:00 zach\u0119cano do wzi\u0119cia udzia\u0142u\nw zaj\u0119ciach ruchowych w Mediatece. By\u0142a joga, karate, strefa fit\noraz smaczne przek\u0105ski. Od 13:00 natomiast do lustrzanej sali zabaw\nw Centrum Kultury mo\u017cna by\u0142o zabra\u0107 najm\u0142odszych, gdzie\norganizowane by\u0142y atrakcje dla maluch\u00f3w. O 20:00 tradycyjnie, jak\nco roku rozb\u0142ys\u0142o \u201e\u015awiate\u0142ko do nieba\u201d. \n<\/p>\n\n\n\n<p>\u2013 Aby operacje by\u0142y skuteczne,\nbezpieczne i aby jak najmniej by\u0142o powik\u0142a\u0144, a wyniki wczesne i\nodleg\u0142e nie r\u00f3\u017cni\u0142y si\u0119 od najlepszych na \u015bwiecie, potrzebne s\u0105\nnajnowocze\u015bniejsze i bardzo kosztowne urz\u0105dzenia medyczne. Stanowi\u0105\none niezb\u0119dne wyposa\u017cenie sal operacyjnych, oddzia\u0142\u00f3w intensywnej\nterapii pooperacyjnej, czy zak\u0142ad\u00f3w diagnostyki obrazowej. Nale\u017c\u0105\ndo nich: lampy operacyjne, sto\u0142y operacyjne, diatermie, aparaty do\nznieczulenia, sprz\u0119t monitoruj\u0105cy, urz\u0105dzenia teletransmisyjne,\naparaty RTG z ramieniem C, zestawy endoskopowe \u2013 zapowiada\u0142a\nFundacja. \n<\/p>\n\n\n\n<p>Nie mamy w\u0105tpliwo\u015bci, \u017ce\nwolontariusze z Grodziska Mazowieckiego i ca\u0142ego regionu oraz ich\nzaanga\u017cowanie pozwoli\u0142o osi\u0105gn\u0105\u0107 szczytny cel i udowodni\u0107, \u017ce\nPolacy maj\u0105 wielkie serca skore do pomocy. I tym razem pad\u0142 rekord\nzebrano: 185 246,19 z\u0142.<\/p>\n\n\n\n<p>Grano tak\u017ce i zbierano rekordowe kwoty\nm.in.: w \u017byrardowie &#8211; 182 832,08 z\u0142, w Szkole Podstawowej nr 2 w\nPruszkowie \u2013 94 379,76 z\u0142, Spo\u0142eczne Liceum Og\u00f3lnokszta\u0142c\u0105ce\nnr 5 STO w Milan\u00f3wku &#8211; 31 589,41 z\u0142, w Podkowie Le\u015bnej \u2013 40 681\nz\u0142.<\/p>\n\n\n\n<p class=\"has-text-align-right\"><strong>Aneta Czarnecka<br><\/strong>Fot.: <em><strong>Facebook (Sztab WO\u015aP w Grodzisku Mazowieckim)<\/strong><\/em><\/p>\n","protected":false},"excerpt":{"rendered":"<p>12 stycznia po raz kolejny zagra\u0142a Wielka Orkiestra \u015awi\u0105tecznej Pomocy. Z tej okazji Grodzisk Mazowiecki przygotowa\u0142 dzie\u0144 pe\u0142en wra\u017ce\u0144 dla mieszka\u0144c\u00f3w miasta i okolic. Plan zachwyca\u0142 r\u00f3\u017cnorodno\u015bci\u0105. Orkiestra gra 28. raz, a w tym roku fina\u0142 odby\u0142 si\u0119 pod has\u0142em: \u201eWiatr w \u017cagle. Dla dzieci\u0119cej medycyny zabiegowej\u201d. Fundacja WO\u015aP zapowiada\u0142a: &#8211; W tym roku zbieramy [&hellip;]<\/p>\n","protected":false},"author":2,"featured_media":3541,"comment_status":"closed","ping_status":"open","sticky":false,"template":"","format":"standard","meta":{"footnotes":""},"categories":[5],"tags":[],"class_list":["post-3540","post","type-post","status-publish","format-standard","has-post-thumbnail","hentry","category-wiadomosci"],"_links":{"self":[{"href":"https:\/\/fleschmazowsza.com.pl\/index.php?rest_route=\/wp\/v2\/posts\/3540","targetHints":{"allow":["GET"]}}],"collection":[{"href":"https:\/\/fleschmazowsza.com.pl\/index.php?rest_route=\/wp\/v2\/posts"}],"about":[{"href":"https:\/\/fleschmazowsza.com.pl\/index.php?rest_route=\/wp\/v2\/types\/post"}],"author":[{"embeddable":true,"href":"https:\/\/fleschmazowsza.com.pl\/index.php?rest_route=\/wp\/v2\/users\/2"}],"replies":[{"embeddable":true,"href":"https:\/\/fleschmazowsza.com.pl\/index.php?rest_route=%2Fwp%2Fv2%2Fcomments&post=3540"}],"version-history":[{"count":1,"href":"https:\/\/fleschmazowsza.com.pl\/index.php?rest_route=\/wp\/v2\/posts\/3540\/revisions"}],"predecessor-version":[{"id":3542,"href":"https:\/\/fleschmazowsza.com.pl\/index.php?rest_route=\/wp\/v2\/posts\/3540\/revisions\/3542"}],"wp:featuredmedia":[{"embeddable":true,"href":"https:\/\/fleschmazowsza.com.pl\/index.php?rest_route=\/wp\/v2\/media\/3541"}],"wp:attachment":[{"href":"https:\/\/fleschmazowsza.com.pl\/index.php?rest_route=%2Fwp%2Fv2%2Fmedia&parent=3540"}],"wp:term":[{"taxonomy":"category","embeddable":true,"href":"https:\/\/fleschmazowsza.com.pl\/index.php?rest_route=%2Fwp%2Fv2%2Fcategories&post=3540"},{"taxonomy":"post_tag","embeddable":true,"href":"https:\/\/fleschmazowsza.com.pl\/index.php?rest_route=%2Fwp%2Fv2%2Ftags&post=3540"}],"curies":[{"name":"wp","href":"https:\/\/api.w.org\/{rel}","templated":true}]}}