{"id":3537,"date":"2020-01-17T11:43:06","date_gmt":"2020-01-17T10:43:06","guid":{"rendered":"http:\/\/fleschmazowsza.com.pl\/?p=3537"},"modified":"2020-01-17T11:43:07","modified_gmt":"2020-01-17T10:43:07","slug":"rozrywka-i-wazne-wartosci","status":"publish","type":"post","link":"https:\/\/fleschmazowsza.com.pl\/?p=3537","title":{"rendered":"Rozrywka i wa\u017cne warto\u015bci"},"content":{"rendered":"\n<p><strong>W sobot\u0119 11 stycznia Grodzisk ponadprzeci\u0119tnie szumnie \u015bwi\u0119towa\u0142 otwarcie nowej sali sportowej przy Szkole Podstawowej im. L. Teligi. Rozmach wydarzenia zdumiewa\u0142 \u2013 cho\u0107 miasto przecie\u017c ma ju\u017c na swoim koncie niejedn\u0105 efektown\u0105 imprez\u0119 otwarcia.<\/strong><\/p>\n\n\n\n<p>Jak zawsze, wr\u0119cz ju\u017c tradycyjnie, na\notwarcie obiektu przybyli: burmistrz Grodziska i pozostali kluczowi\nlokalni samorz\u0105dowcy \u2013 tym razem jednak to szacowne (i bardzo\nzas\u0142u\u017cone) grono zasilili: Marsza\u0142ek Wojew\u00f3dztwa Mazowieckiego,\nMazowiecki Wicekurator O\u015bwiaty oraz Prezes Legii Warszawa, kt\u00f3ra,\njak wiadomo, czyni w Grodzisku powa\u017cn\u0105 inwestycj\u0119 sportow\u0105.<\/p>\n\n\n\n<p class=\"has-text-align-center\"><strong>Wysoki poziom imprezy<\/strong><\/p>\n\n\n\n<p>Po spektakularnych efektach przyzna\u0107\nnale\u017cy, \u017ce Komitet Organizacyjny tej presti\u017cowej ceremonii\notwarcia wykaza\u0142 si\u0119 du\u017c\u0105 pomys\u0142owo\u015bci\u0105, sp\u00f3jno\u015bci\u0105\npomys\u0142u, trafno\u015bci\u0105 doboru programu artystycznego i jego\nwykonawc\u00f3w.<\/p>\n\n\n\n<p>\u017beby w pe\u0142ni doceni\u0107 poziom imprezy,\ntrzeba by\u0142o by\u0107 na niej od pocz\u0105tku do ko\u0144ca i zwr\u00f3ci\u0107 uwag\u0119\nna to, jak konsekwentne wybrzmiewa silne i sensowne dydaktyczne\nprzes\u0142anie \u2013 \u017ce \u201eMarzenia si\u0119 spe\u0142niaj\u0105, je\u015bli tylko\nchcesz\u201d, ale rzecz jasna nie same z siebie, ale przy wytrwa\u0142ych\nd\u0105\u017ceniach. Ten stale przywo\u0142ywany i rozwijany w szczeg\u00f3\u0142ach, w\ntoku imprezy, silnie dydaktyczny przekaz, jak najbardziej adekwatny w\nplac\u00f3wce o\u015bwiatowej, z miejsca wzni\u00f3s\u0142 imprez\u0119 na wysoki poziom\n\u2013 poprzez klimat ludyczny, rozrywkowy, zabawowy stale przebija\u0142y\nsi\u0119 warto\u015bci, takie jak: wytrwa\u0142o\u015b\u0107, wysokie aspiracje i\nd\u0105\u017cenia, dalekosi\u0119\u017cne cele, pomoc wzajemna, zgodna wsp\u00f3\u0142praca.<\/p>\n\n\n\n<p class=\"has-text-align-center\"><strong>Sympatycznie, dowcipnie, bezpo\u015brednio<\/strong><\/p>\n\n\n\n<p>Ceremonia nie by\u0142a d\u0142uga, zamkn\u0119\u0142a\nsi\u0119 w typowych granicach 2 godzin, natomiast czas p\u0142yn\u0105\u0142 inaczej.\nDzia\u0142o si\u0119 tak wiele, tak zmiennie, tak absorbuj\u0105co \u2013 zar\u00f3wno\npodczas bardzo widowiskowej cz\u0119\u015bci artystyczno-sportowej, jak\nr\u00f3wnie\u017c w trakcie nast\u0119puj\u0105cej po niej cz\u0119\u015bci oficjalnej, czyli\nw fazie przem\u00f3wie\u0144, przeci\u0119cia wst\u0119gi, po\u015bwi\u0119cenia sali,\ndegustacji metrowego wr\u0119cz tortu.<\/p>\n\n\n\n<p>Tradycyjnie\nju\u017c, jak to w Grodzisku przy podobnych oficjalnych ceremoniach, by\u0142o\nsympatycznie, dowcipnie, bezpo\u015brednio, bez nu\u017c\u0105cej powagi \u2013\nchocia\u017c i powagi nie zabrak\u0142o na samym pocz\u0105tku i na samym ko\u0144cu,\npodczas od\u015bpiewania hymnu pa\u0144stwowego i hymnu szko\u0142y. Stanowi\u0142y\none zreszt\u0105 bardzo zgrabn\u0105 ram\u0119 artystyczn\u0105 dla wydarzenia.<\/p>\n\n\n\n<p class=\"has-text-align-center\"><strong>M\u0142odzie\u017c daje z siebie wszystko<\/strong><\/p>\n\n\n\n<p>Szkolna m\u0142odzie\u017c grodziska, czyli:\nnarratorzy widowiska, poszczeg\u00f3lne zespo\u0142y taneczne, \u015bpiewaj\u0105ce\nsolo i w duecie uczennice szko\u0142y, ch\u00f3rki wspieraj\u0105ce wyst\u0119py,\ndziewczyny z Orkiestry D\u0119tej, m\u0142odzi i mali karatecy ze Sparty,\nszkolni sportowcy \u2013 dali z siebie wszystko, a nawet jeszcze wi\u0119cej.\nMo\u017cna im absolutnie pogratulowa\u0107 wspania\u0142ych umiej\u0119tno\u015bci\nwokalnych, tanecznych, sportowych, performerskich.<\/p>\n\n\n\n<p>Warto zaznaczy\u0107, \u017ce lada dzie\u0144 czyli\n19 stycznia o godz. 13.00 odb\u0119dzie si\u0119 uroczyste otwarcie kolejnej\nsali sportowej &#8211; przy Szkole Podstawowej w Izdebnie Ko\u015bcielnym.<\/p>\n\n\n\n<p class=\"has-text-align-right\"><strong>Sylwia Pa\u0144k\u00f3w<\/strong><br>Fot.: <em><strong>www.grodzisk.pl<\/strong><\/em> <\/p>\n","protected":false},"excerpt":{"rendered":"<p>W sobot\u0119 11 stycznia Grodzisk ponadprzeci\u0119tnie szumnie \u015bwi\u0119towa\u0142 otwarcie nowej sali sportowej przy Szkole Podstawowej im. L. Teligi. Rozmach wydarzenia zdumiewa\u0142 \u2013 cho\u0107 miasto przecie\u017c ma ju\u017c na swoim koncie niejedn\u0105 efektown\u0105 imprez\u0119 otwarcia. Jak zawsze, wr\u0119cz ju\u017c tradycyjnie, na otwarcie obiektu przybyli: burmistrz Grodziska i pozostali kluczowi lokalni samorz\u0105dowcy \u2013 tym razem jednak to [&hellip;]<\/p>\n","protected":false},"author":2,"featured_media":3538,"comment_status":"closed","ping_status":"open","sticky":false,"template":"","format":"standard","meta":{"footnotes":""},"categories":[5],"tags":[],"class_list":["post-3537","post","type-post","status-publish","format-standard","has-post-thumbnail","hentry","category-wiadomosci"],"_links":{"self":[{"href":"https:\/\/fleschmazowsza.com.pl\/index.php?rest_route=\/wp\/v2\/posts\/3537","targetHints":{"allow":["GET"]}}],"collection":[{"href":"https:\/\/fleschmazowsza.com.pl\/index.php?rest_route=\/wp\/v2\/posts"}],"about":[{"href":"https:\/\/fleschmazowsza.com.pl\/index.php?rest_route=\/wp\/v2\/types\/post"}],"author":[{"embeddable":true,"href":"https:\/\/fleschmazowsza.com.pl\/index.php?rest_route=\/wp\/v2\/users\/2"}],"replies":[{"embeddable":true,"href":"https:\/\/fleschmazowsza.com.pl\/index.php?rest_route=%2Fwp%2Fv2%2Fcomments&post=3537"}],"version-history":[{"count":1,"href":"https:\/\/fleschmazowsza.com.pl\/index.php?rest_route=\/wp\/v2\/posts\/3537\/revisions"}],"predecessor-version":[{"id":3539,"href":"https:\/\/fleschmazowsza.com.pl\/index.php?rest_route=\/wp\/v2\/posts\/3537\/revisions\/3539"}],"wp:featuredmedia":[{"embeddable":true,"href":"https:\/\/fleschmazowsza.com.pl\/index.php?rest_route=\/wp\/v2\/media\/3538"}],"wp:attachment":[{"href":"https:\/\/fleschmazowsza.com.pl\/index.php?rest_route=%2Fwp%2Fv2%2Fmedia&parent=3537"}],"wp:term":[{"taxonomy":"category","embeddable":true,"href":"https:\/\/fleschmazowsza.com.pl\/index.php?rest_route=%2Fwp%2Fv2%2Fcategories&post=3537"},{"taxonomy":"post_tag","embeddable":true,"href":"https:\/\/fleschmazowsza.com.pl\/index.php?rest_route=%2Fwp%2Fv2%2Ftags&post=3537"}],"curies":[{"name":"wp","href":"https:\/\/api.w.org\/{rel}","templated":true}]}}