{"id":3533,"date":"2020-01-17T11:36:54","date_gmt":"2020-01-17T10:36:54","guid":{"rendered":"http:\/\/fleschmazowsza.com.pl\/?p=3533"},"modified":"2020-01-17T11:37:00","modified_gmt":"2020-01-17T10:37:00","slug":"cpk-jeszcze-w-tym-roku-pierwszy-etap-wykupowania-gruntow","status":"publish","type":"post","link":"https:\/\/fleschmazowsza.com.pl\/?p=3533","title":{"rendered":"CPK: jeszcze w tym roku pierwszy etap wykupowania grunt\u00f3w"},"content":{"rendered":"\n<p><strong>Kolejny krok zwi\u0105zany z powstaniem Centralnego Portu Komunikacyjnego ju\u017c niebawem. Wiceminister infrastruktury i pe\u0142nomocnik rz\u0105du ds. Centralnego Portu Komunikacyjnego, Marcin Hora\u0142a zapowiada, \u017ce jeszcze w tym roku ruszy etap wykupowania grunt\u00f3w od prywatnych w\u0142a\u015bcicieli pod inwestycj\u0119.  <\/strong><\/p>\n\n\n\n<p>Wst\u0119pne za\u0142o\u017cenia przewiduj\u0105, \u017ce\nb\u0119dzie to najbardziej czasoch\u0142onny etap przygotowa\u0144 do\nprzeprowadzenia inwestycji. Prawdopodobnie sprawi tak\u017ce najwi\u0119cej\nproblem\u00f3w, bowiem zdecydowana wi\u0119kszo\u015b\u0107 mieszka\u0144c\u00f3w Baranowa,\nStanis\u0142awowa i okolic jest przeciwna powstaniu lotniska. \n<\/p>\n\n\n\n<p>Wiceminister Hora\u0142a informuje, \u017ce\nniebawem rozpoczn\u0105 si\u0119 negocjacje z mieszka\u0144cami w tej sprawie.\nPrzyznaje r\u00f3wnie\u017c, \u017ce wymagane s\u0105 konieczne zmiany prawne, kt\u00f3re\nmia\u0142yby zaoszcz\u0119dzi\u0107 czasoch\u0142onnej biurokracji.<\/p>\n\n\n\n<p>30 grudnia 2019 roku w Ministerstwie\nInfrastruktury odby\u0142o si\u0119 spotkanie instytucji i sp\u00f3\u0142ek skarbu\npa\u0144stwa, z kt\u00f3rymi CPK b\u0119dzie wsp\u00f3\u0142pracowa\u0142 podczas ustalania\ntzw. master planu mega lotniska. Tematem rozm\u00f3w by\u0142 przede\nwszystkim zakres prac przy realizacji zada\u0144.<\/p>\n\n\n\n<p>\uf02d W po\u0142owie przysz\u0142ego roku\nprzyst\u0105pimy do prac nad master planem: zar\u00f3wno dla lotniska, jak\nte\u017c dla zintegrowanej z nim stacji kolejowej. Tym samym wkraczamy w\nkluczowy etap przygotowa\u0144, kt\u00f3ry b\u0119dzie wymaga\u0142 wzmo\u017conej\nwsp\u00f3\u0142pracy m.in. z gestorami medi\u00f3w, regulatorami i zarz\u0105dcami\ninfrastruktury \u2013 powiedzia\u0142 Marcin Hora\u0142a.<\/p>\n\n\n\n<p>Decydenci podkre\u015blaj\u0105, \u017ce takie\nspotkania s\u0105 teraz bardzo istotnym elementem planowania: \uf02d\nPoniewa\u017c b\u0119dzie to lotnisko budowane jako tzw. greenfield, pozwoli\nnam to od podstaw zaplanowa\u0107 infrastruktur\u0119 CPK, zapewniaj\u0105c\nrezerw\u0119 dla przysz\u0142ych rozwi\u0105za\u0144. Spotkali\u015bmy si\u0119 z kluczowymi\ndla tego etapu partnerami, \u017ceby przedstawi\u0107 plan i metodyk\u0119\nwsp\u00f3\u0142pracy, om\u00f3wi\u0107 nasze oczekiwania oraz dowiedzie\u0107 si\u0119,\njakich informacji potrzebuj\u0105 od nas interesariusze \u2013 m\u00f3wi Marek\nLitwin, dyrektor biura strategii i planowania lotniska CPK.<\/p>\n\n\n\n<p>Marcin Hora\u0142a zapowiada, \u017ce budowa\nCPK przewidziana jest na 2023 rok, a pierwsze samoloty powinny\nwystartowa\u0107  pod koniec 2027 lub na pocz\u0105tku 2028 roku.<\/p>\n\n\n\n<p class=\"has-text-align-right\"><strong>Aneta Czarnecka<\/strong><br>Fot.: <em><strong>cpk.p<\/strong><\/em>l<\/p>\n","protected":false},"excerpt":{"rendered":"<p>Kolejny krok zwi\u0105zany z powstaniem Centralnego Portu Komunikacyjnego ju\u017c niebawem. Wiceminister infrastruktury i pe\u0142nomocnik rz\u0105du ds. Centralnego Portu Komunikacyjnego, Marcin Hora\u0142a zapowiada, \u017ce jeszcze w tym roku ruszy etap wykupowania grunt\u00f3w od prywatnych w\u0142a\u015bcicieli pod inwestycj\u0119. Wst\u0119pne za\u0142o\u017cenia przewiduj\u0105, \u017ce b\u0119dzie to najbardziej czasoch\u0142onny etap przygotowa\u0144 do przeprowadzenia inwestycji. Prawdopodobnie sprawi tak\u017ce najwi\u0119cej problem\u00f3w, bowiem [&hellip;]<\/p>\n","protected":false},"author":2,"featured_media":3534,"comment_status":"closed","ping_status":"open","sticky":false,"template":"","format":"standard","meta":{"footnotes":""},"categories":[5],"tags":[],"class_list":["post-3533","post","type-post","status-publish","format-standard","has-post-thumbnail","hentry","category-wiadomosci"],"_links":{"self":[{"href":"https:\/\/fleschmazowsza.com.pl\/index.php?rest_route=\/wp\/v2\/posts\/3533","targetHints":{"allow":["GET"]}}],"collection":[{"href":"https:\/\/fleschmazowsza.com.pl\/index.php?rest_route=\/wp\/v2\/posts"}],"about":[{"href":"https:\/\/fleschmazowsza.com.pl\/index.php?rest_route=\/wp\/v2\/types\/post"}],"author":[{"embeddable":true,"href":"https:\/\/fleschmazowsza.com.pl\/index.php?rest_route=\/wp\/v2\/users\/2"}],"replies":[{"embeddable":true,"href":"https:\/\/fleschmazowsza.com.pl\/index.php?rest_route=%2Fwp%2Fv2%2Fcomments&post=3533"}],"version-history":[{"count":1,"href":"https:\/\/fleschmazowsza.com.pl\/index.php?rest_route=\/wp\/v2\/posts\/3533\/revisions"}],"predecessor-version":[{"id":3535,"href":"https:\/\/fleschmazowsza.com.pl\/index.php?rest_route=\/wp\/v2\/posts\/3533\/revisions\/3535"}],"wp:featuredmedia":[{"embeddable":true,"href":"https:\/\/fleschmazowsza.com.pl\/index.php?rest_route=\/wp\/v2\/media\/3534"}],"wp:attachment":[{"href":"https:\/\/fleschmazowsza.com.pl\/index.php?rest_route=%2Fwp%2Fv2%2Fmedia&parent=3533"}],"wp:term":[{"taxonomy":"category","embeddable":true,"href":"https:\/\/fleschmazowsza.com.pl\/index.php?rest_route=%2Fwp%2Fv2%2Fcategories&post=3533"},{"taxonomy":"post_tag","embeddable":true,"href":"https:\/\/fleschmazowsza.com.pl\/index.php?rest_route=%2Fwp%2Fv2%2Ftags&post=3533"}],"curies":[{"name":"wp","href":"https:\/\/api.w.org\/{rel}","templated":true}]}}