{"id":3531,"date":"2020-01-17T11:31:46","date_gmt":"2020-01-17T10:31:46","guid":{"rendered":"http:\/\/fleschmazowsza.com.pl\/?p=3531"},"modified":"2020-01-17T11:31:47","modified_gmt":"2020-01-17T10:31:47","slug":"lokomotywy-parowe-mosty-kolejowe-torowiska","status":"publish","type":"post","link":"https:\/\/fleschmazowsza.com.pl\/?p=3531","title":{"rendered":"Lokomotywy parowe, mosty kolejowe, torowiska"},"content":{"rendered":"\n<p><strong>Do 7 lutego w Poczekalni PKP obejrze\u0107 mo\u017cna zjawiskow\u0105 wystaw\u0119 fotografii kolejowej, b\u0119d\u0105c\u0105 widomym efektem wsp\u00f3lnej pasji syna i ojca: Krzysztofa i Sebastiana \u0141uczywo. Na zorganizowanym 10 stycznia wernisa\u017cu opowiadali oni  \u2013 zara\u017caj\u0105c innych swoj\u0105 fascynacj\u0105 \u2013 o kulisach powstania fotografii i film\u00f3w, kt\u00f3rych motywem przewodnim jest kolej, ta wsp\u00f3\u0142czesna i ta ju\u017c zabytkowa.<\/strong><\/p>\n\n\n\n<p class=\"has-text-align-center\"><strong>Jak powstaje taka pasja?<\/strong><\/p>\n\n\n\n<p>Sebastian \u0141uczywo \u2013 ojciec \u2013 jako\ndziecko mieszka\u0142 blisko ruchliwej linii kolejowej. Przyzwyczai\u0142\nsi\u0119, \u017ce nocne \u015bwiat\u0142a przeje\u017cd\u017caj\u0105cych parowoz\u00f3w roz\u015bwietla\u0142y\njego pok\u00f3j, a ka\u017cdy odg\u0142os lokomotywy dociera\u0142 do ucha. Krzysztof\n\u0141uczywo \u2013 syn \u2013 jako trzymiesi\u0119czny ju\u017c niemowlak zwiedza\u0142 z\nojcem s\u0142ynny skansen kolejowy w Jaworzynie \u015al\u0105skiej. Jak\npodkre\u015bla, od tego momentu ta \u201e\u015bwi\u0105tynia kolejowa\u201d ju\u017c na\nzawsze pozosta\u0142a jego \u201eMekk\u0105\u201d. A ka\u017cdy spacer synka z ojcem\nmusia\u0142 prowadzi\u0107 przy torach.<\/p>\n\n\n\n<p>Ojciec fotograf podj\u0105\u0142 decyzj\u0119, \u017ce\nprzy\u0142\u0105cza si\u0119 do kolejowych pasji i eksploracji dorastaj\u0105cego\nsyna, bo okaza\u0142y si\u0119 one wyj\u0105tkowo trwa\u0142e. Syn od momentu, gdy\ndosta\u0142 od ojca profesjonalny aparat zacz\u0105\u0142 systematycznie \u2013\nartystycznie, tw\u00f3rczo, \u015bwie\u017cym okiem, ale i z pietyzmem \u2013\nfotografowa\u0107 motywy kolejowe. \n<\/p>\n\n\n\n<p>Trzeba podkre\u015bli\u0107, \u017ce sprawy u\u0142atwia\nim miejsce zamieszkania. Mieszkaj\u0105 na Dolnym \u015al\u0105sku \u2013 to kraina\nrozleg\u0142a, ponadprzeci\u0119tnie malownicza i obfituj\u0105ca w zabytkow\u0105,\nwprost bajeczn\u0105, infrastruktur\u0119 kolejow\u0105. W 1945 roku Polska\nwch\u0142on\u0119\u0142a, silnie tam rozwini\u0119t\u0105, poniemieck\u0105 sie\u0107 kolejow\u0105,\nwraz z taborem w dobrym stanie technicznym. Co wi\u0119cej, Niemcy\nhistorycznie rozwijali trasy kolejowe liniowo, pr\u0105c wprost przed\nsiebie \u2013 co oznacza, \u017ce dr\u0105\u017cyli tunele i budowali mosty\nkolejowe. Te pi\u0119kne obiekty in\u017cynieryjne do dzi\u015b ubogacaj\u0105\nkrajobraz, za jednym zamachem i przyrodniczy, i kolejowy. Po upadku\nkomunizmu szybko powsta\u0142a \u015bwiadomo\u015b\u0107, \u017ce tamtejsze koleje to\nzabytki \u2013 zatem nie wyburzano parowozowni, zak\u0142ad\u00f3w naprawczych.\nA to uchroni\u0142o te\u017c parowozy.<\/p>\n\n\n\n<p class=\"has-text-align-center\"><strong>Malownicze trasy<\/strong><\/p>\n\n\n\n<p>Dla pocz\u0105tkuj\u0105cych, kt\u00f3rzy chcieliby\neksplorowa\u0107 Dolny \u015al\u0105sk z perspektywy kolejowej, wskaz\u00f3wki\nKrzysztofa \u0141uczywo s\u0105 proste: trzeba zacz\u0105\u0107 od dworca we\nWroc\u0142awiu \u2013 i pojecha\u0107 poci\u0105giem do Szklarskiej Por\u0119by, do\nJeleniej G\u00f3ry, Kotliny K\u0142odzkiej, w Karkonosze, do Wa\u0142brzycha.<\/p>\n\n\n\n<p>Wyj\u0105tkowa jest linia kolejowa z\nJeleniej G\u00f3ry do Lw\u00f3wka \u015al\u0105skiego \u2013 2 lata temu zamkni\u0119ta,\nobecnie niszczeje, czeka na decyzje. Ale \u2013 mo\u017cna wysi\u0105\u015b\u0107 na\nstacji Piechowice-Zapora i przej\u015b\u0107 tras\u0119 pieszo, torowiskiem,\nrdzewiej\u0105cym mostem. Zobaczymy wtedy, jak przyroda poch\u0142ania\ncywilizacj\u0119 \u2013 z tuneli i most\u00f3w korzystaj\u0105 zwierz\u0119ta, ju\u017c\nwyczu\u0142y t\u0119 dziko\u015b\u0107, \u017ce cywilizacja odesz\u0142a, nad torami ko\u0142uj\u0105\nor\u0142y bieliki.<\/p>\n\n\n\n<p>Fotografowanie kolei w krajobrazie to\nistne \u201esafari z obiektywem\u201d \u2013  trzeba szybko jecha\u0107 za\npoci\u0105giem, niejednokrotnie po polach, aby \u201ez\u0142apa\u0107\u201d widok na\nwiadukt czy most, uchwyci\u0107 \u201eten\u201d moment, we w\u0142a\u015bciwej\nsekundzie nacisn\u0105\u0107 przycisk aparatu. Trzeba wykorzysta\u0107 warunki\npogodowe, kt\u00f3re \u201erobi\u0105\u201d pi\u0119kno krajobrazu. Czasem wsta\u0107 o 4\nrano, bo wtedy b\u0119dzie przeje\u017cd\u017ca\u0142 poci\u0105g \u201ew malowaniach\u201d\nhistorycznych \u2013 w r\u00f3\u017cnych latach r\u00f3\u017cnie dysponowanych przez\nPKP: bia\u0142o-czerwonych, zielonych, z \u017c\u00f3\u0142tym czo\u0142em. Dla\npasjonat\u00f3w to gratka, bo czynnych poci\u0105g\u00f3w o tych wzorach jest w\nPolsce tylko kilkana\u015bcie.<\/p>\n\n\n\n<p class=\"has-text-align-center\"><strong>Pasjonaci pi\u0119kna parowoz\u00f3w<\/strong><\/p>\n\n\n\n<p>Fascynaci kolei wczytuj\u0105 si\u0119 w mapy,\nwyszukuj\u0105 widoki, monitoruj\u0105 wydarzenia kolejowe na fb, maj\u0105 na\noku poci\u0105gi specjalne, znaj\u0105 ich histori\u0119 &#8211; jak np. mi\u0119dzywojennej\nniebotycznie drogiej \u201eLuxtorpedy\u201d czy pozna\u0144skiej \u201ePi\u0119knej\nHeleny\u201d. Je\u017cd\u017c\u0105 po Polsce na gale kolejowe \u2013 obowi\u0105zkowo na\ndoroczn\u0105 parad\u0119 parowoz\u00f3w w wielkopolskim Wolsztynie. Wtedy w\nmiasteczku, w kt\u00f3rym osta\u0142a si\u0119 jedyna czynna parowozownia w\nEuropie, mo\u017cna zobaczy\u0107 przejazd takich rodzynk\u00f3w, jak parow\u00f3z z\nAnglii z 1873 r.<\/p>\n\n\n\n<p>Co jest a\u017c tak fascynuj\u0105cego w\nparowozach? Dlaczego \u201epoluje si\u0119\u201d aparatem na te cenne\n\u201ezdobycze\u201d? Dym \u2013 to on jest integraln\u0105 cz\u0119\u015bci\u0105 parowozu,\nnie a\u017c tak nieekologiczn\u0105, jak si\u0119 wydaje, bo w wi\u0119kszo\u015bci\nzawiera par\u0119 wodn\u0105. Pi\u0119kno parowozu w pe\u0142ni ujawnia si\u0119 w\nk\u0142\u0119bach dymu. Lokomotywa parowa zdaje si\u0119 posiada\u0107 dusz\u0119, kt\u00f3ra\nprzyci\u0105ga, wydaje z siebie d\u017awi\u0119ki, kt\u00f3rych pr\u00f3\u017cno szuka\u0107 u\nlokomotywy spalinowej czy elektrycznej. O parow\u00f3z trzeba dba\u0107 jak o\ndziecko, trzeba w\u0142o\u017cy\u0107 du\u017co pracy w jego obs\u0142ug\u0119 \u2013 np. co 50\nkm smarowa\u0107 elementy ruchome. \u201eA im wi\u0119cej dbasz, tym wi\u0119cej\nkochasz\u201d.<\/p>\n\n\n\n<p class=\"has-text-align-center\"><strong>Kolej\u0105 od g\u00f3r do morza<\/strong><\/p>\n\n\n\n<p>Krzysztof i Sebastian \u0141uczywo\npodr\u00f3\u017cuj\u0105c, zawsze gdy mog\u0105, wybior\u0105 kolej. Ich podr\u00f3\u017ce\nwakacyjne, dokumentowane zdj\u0119ciami, dowodz\u0105, \u017ce Polsk\u0119 da si\u0119\nzje\u017adzi\u0107 kolej\u0105 od g\u00f3r do morza. Mo\u017cna to robi\u0107 ozdobnym\nzygzakiem z zachodu na wsch\u00f3d i jednocze\u015bnie z p\u00f3\u0142nocy na\npo\u0142udnie \u2013 albo bardzo szybko, jednego dnia pla\u017cuj\u0105c nad morzem,\ndrugiego pozuj\u0105c na tle g\u00f3r. Najwi\u0119ksza przygoda, prawdziwa\nwyprawa to stare \u201eoldskulowe\u201d sk\u0142ady, brak wyg\u00f3d, siedzenie na\npod\u0142odze. Zamiast klimatyzacji \u2013 otwarte okna i wiatr we w\u0142osach.\nIm mniej komfortu, im bardziej niewygodnie, tym bardziej podr\u00f3\u017c si\u0119\nzapami\u0119tuje.<\/p>\n\n\n\n<p class=\"has-text-align-center\"><strong>***<\/strong><\/p>\n\n\n\n<p>Kolejowi fotografowie i podr\u00f3\u017cnicy\nprowadz\u0105 blog, maj\u0105 kana\u0142 na youtube oraz stron\u0119 na fb:\nhttps:\/\/www.facebook.com\/KoLeJowAStrOnAmOcY\/<\/p>\n\n\n\n<p>Na fb warto obejrze\u0107 m.in. film\nkolejowy ich autorstwa o dworcu w Grodzisku. Ci, co si\u0119 jeszcze nie\nzakochali w naszym dworcu Kolei \u017belaznej Warszawsko-Wiede\u0144skiej,\nzrobi\u0105 to ani chybi teraz.<\/p>\n\n\n\n<p class=\"has-text-align-right\">Tekst i foto: <strong>Sylwia Pa\u0144k\u00f3w<\/strong><\/p>\n","protected":false},"excerpt":{"rendered":"<p>Do 7 lutego w Poczekalni PKP obejrze\u0107 mo\u017cna zjawiskow\u0105 wystaw\u0119 fotografii kolejowej, b\u0119d\u0105c\u0105 widomym efektem wsp\u00f3lnej pasji syna i ojca: Krzysztofa i Sebastiana \u0141uczywo. Na zorganizowanym 10 stycznia wernisa\u017cu opowiadali oni \u2013 zara\u017caj\u0105c innych swoj\u0105 fascynacj\u0105 \u2013 o kulisach powstania fotografii i film\u00f3w, kt\u00f3rych motywem przewodnim jest kolej, ta wsp\u00f3\u0142czesna i ta ju\u017c zabytkowa. Jak [&hellip;]<\/p>\n","protected":false},"author":2,"featured_media":3529,"comment_status":"closed","ping_status":"open","sticky":false,"template":"","format":"standard","meta":{"footnotes":""},"categories":[6],"tags":[],"class_list":["post-3531","post","type-post","status-publish","format-standard","has-post-thumbnail","hentry","category-kultura"],"_links":{"self":[{"href":"https:\/\/fleschmazowsza.com.pl\/index.php?rest_route=\/wp\/v2\/posts\/3531","targetHints":{"allow":["GET"]}}],"collection":[{"href":"https:\/\/fleschmazowsza.com.pl\/index.php?rest_route=\/wp\/v2\/posts"}],"about":[{"href":"https:\/\/fleschmazowsza.com.pl\/index.php?rest_route=\/wp\/v2\/types\/post"}],"author":[{"embeddable":true,"href":"https:\/\/fleschmazowsza.com.pl\/index.php?rest_route=\/wp\/v2\/users\/2"}],"replies":[{"embeddable":true,"href":"https:\/\/fleschmazowsza.com.pl\/index.php?rest_route=%2Fwp%2Fv2%2Fcomments&post=3531"}],"version-history":[{"count":1,"href":"https:\/\/fleschmazowsza.com.pl\/index.php?rest_route=\/wp\/v2\/posts\/3531\/revisions"}],"predecessor-version":[{"id":3532,"href":"https:\/\/fleschmazowsza.com.pl\/index.php?rest_route=\/wp\/v2\/posts\/3531\/revisions\/3532"}],"wp:featuredmedia":[{"embeddable":true,"href":"https:\/\/fleschmazowsza.com.pl\/index.php?rest_route=\/wp\/v2\/media\/3529"}],"wp:attachment":[{"href":"https:\/\/fleschmazowsza.com.pl\/index.php?rest_route=%2Fwp%2Fv2%2Fmedia&parent=3531"}],"wp:term":[{"taxonomy":"category","embeddable":true,"href":"https:\/\/fleschmazowsza.com.pl\/index.php?rest_route=%2Fwp%2Fv2%2Fcategories&post=3531"},{"taxonomy":"post_tag","embeddable":true,"href":"https:\/\/fleschmazowsza.com.pl\/index.php?rest_route=%2Fwp%2Fv2%2Ftags&post=3531"}],"curies":[{"name":"wp","href":"https:\/\/api.w.org\/{rel}","templated":true}]}}