{"id":3523,"date":"2020-01-17T11:04:26","date_gmt":"2020-01-17T10:04:26","guid":{"rendered":"http:\/\/fleschmazowsza.com.pl\/?p=3523"},"modified":"2020-01-17T11:04:27","modified_gmt":"2020-01-17T10:04:27","slug":"z-warsztatu-do-warsztatu","status":"publish","type":"post","link":"https:\/\/fleschmazowsza.com.pl\/?p=3523","title":{"rendered":"Z warsztatu do&#8230; warsztatu"},"content":{"rendered":"\n<p><strong>W Pruszkowie zatrzymano czterech m\u0119\u017cczyzn pod zarzutem kradzie\u017cy z w\u0142amaniem. Sprawa dotyczy grabie\u017cy opon samochodowych wartych 80 tys. z\u0142otych.<\/strong><\/p>\n\n\n\n<p>Wszystko zacz\u0119\u0142o si\u0119 od zg\u0142oszenia,\nkt\u00f3re otrzyma\u0142a policja w listopadzie. W\u0142a\u015bciciel pomieszcze\u0144\nwarsztatowych zawiadomi\u0142 o w\u0142amaniu oraz grabie\u017cy opon o znacznej\nwarto\u015bci. Z czasem okaza\u0142o si\u0119, \u017ce przedmiotem kradzie\u017cy jest 30\nkomplet\u00f3w opon wartych ponad 80 tys. z\u0142otych.<\/p>\n\n\n\n<p>\u2013 Spraw\u0105 zaj\u0119li si\u0119 policjanci z\nwydzia\u0142u kryminalnego, kt\u00f3rzy ustalili, \u017ce skradzione opony mog\u0105\nznajdowa\u0107 si\u0119 w jednym z warsztat\u00f3w samochodowych na terenie\npowiatu. Kiedy policjanci pojawili si\u0119 na miejscu, w trakcie\nprzeszukania ujawnili 30 komplet\u00f3w opon. Zatrzymali dw\u00f3ch m\u0119\u017cczyzn\nw wieku 61 i 32 lata \u2013 informuje podkom. Karolina Ka\u0144ka, rzecznik\nprasowy Komendy Powiatowej Policji w Pruszkowie.<\/p>\n\n\n\n<p>Dalsze post\u0119powanie w sprawie ujawni\u0142o\nnowe fakty. Okaza\u0142o si\u0119, \u017ce z w\u0142amaniem mieli zwi\u0105zek tak\u017ce\ndwaj inni m\u0119\u017cczy\u017ani \u2013 44- i 34-latkowie. Z dotychczasowych\nustale\u0144 wynika, \u017ce w\u0142amywacze sprzedali skradzione opony wy\u017cej\nopisywanym m\u0119\u017cczyznom. 44- i 34-latkom postawiono zarzut kradzie\u017cy\nz w\u0142amaniem oraz paserstwo.<\/p>\n\n\n\n<p>\u2013 Zarzut paserstwa umy\u015blnego\nus\u0142yszeli 61 i 32-latka, do kt\u00f3rego si\u0119 przyznali i dobrowolnie\npoddali karze. Odzyskane opony wr\u00f3ci\u0142y ju\u017c do w\u0142a\u015bciciela \u2013\npodsumowa\u0142a podkom. Ka\u0144ka.<\/p>\n\n\n\n<p class=\"has-text-align-right\"><strong>Aneta Czarnecka<\/strong><br>Fot.: <em><strong>Pixabay.com<\/strong><\/em><\/p>\n","protected":false},"excerpt":{"rendered":"<p>W Pruszkowie zatrzymano czterech m\u0119\u017cczyzn pod zarzutem kradzie\u017cy z w\u0142amaniem. Sprawa dotyczy grabie\u017cy opon samochodowych wartych 80 tys. z\u0142otych. Wszystko zacz\u0119\u0142o si\u0119 od zg\u0142oszenia, kt\u00f3re otrzyma\u0142a policja w listopadzie. W\u0142a\u015bciciel pomieszcze\u0144 warsztatowych zawiadomi\u0142 o w\u0142amaniu oraz grabie\u017cy opon o znacznej warto\u015bci. Z czasem okaza\u0142o si\u0119, \u017ce przedmiotem kradzie\u017cy jest 30 komplet\u00f3w opon wartych ponad 80 [&hellip;]<\/p>\n","protected":false},"author":2,"featured_media":3524,"comment_status":"closed","ping_status":"open","sticky":false,"template":"","format":"standard","meta":{"footnotes":""},"categories":[8],"tags":[],"class_list":["post-3523","post","type-post","status-publish","format-standard","has-post-thumbnail","hentry","category-roznosci"],"_links":{"self":[{"href":"https:\/\/fleschmazowsza.com.pl\/index.php?rest_route=\/wp\/v2\/posts\/3523","targetHints":{"allow":["GET"]}}],"collection":[{"href":"https:\/\/fleschmazowsza.com.pl\/index.php?rest_route=\/wp\/v2\/posts"}],"about":[{"href":"https:\/\/fleschmazowsza.com.pl\/index.php?rest_route=\/wp\/v2\/types\/post"}],"author":[{"embeddable":true,"href":"https:\/\/fleschmazowsza.com.pl\/index.php?rest_route=\/wp\/v2\/users\/2"}],"replies":[{"embeddable":true,"href":"https:\/\/fleschmazowsza.com.pl\/index.php?rest_route=%2Fwp%2Fv2%2Fcomments&post=3523"}],"version-history":[{"count":1,"href":"https:\/\/fleschmazowsza.com.pl\/index.php?rest_route=\/wp\/v2\/posts\/3523\/revisions"}],"predecessor-version":[{"id":3525,"href":"https:\/\/fleschmazowsza.com.pl\/index.php?rest_route=\/wp\/v2\/posts\/3523\/revisions\/3525"}],"wp:featuredmedia":[{"embeddable":true,"href":"https:\/\/fleschmazowsza.com.pl\/index.php?rest_route=\/wp\/v2\/media\/3524"}],"wp:attachment":[{"href":"https:\/\/fleschmazowsza.com.pl\/index.php?rest_route=%2Fwp%2Fv2%2Fmedia&parent=3523"}],"wp:term":[{"taxonomy":"category","embeddable":true,"href":"https:\/\/fleschmazowsza.com.pl\/index.php?rest_route=%2Fwp%2Fv2%2Fcategories&post=3523"},{"taxonomy":"post_tag","embeddable":true,"href":"https:\/\/fleschmazowsza.com.pl\/index.php?rest_route=%2Fwp%2Fv2%2Ftags&post=3523"}],"curies":[{"name":"wp","href":"https:\/\/api.w.org\/{rel}","templated":true}]}}