{"id":3508,"date":"2019-12-20T12:14:31","date_gmt":"2019-12-20T11:14:31","guid":{"rendered":"http:\/\/fleschmazowsza.com.pl\/?p=3508"},"modified":"2019-12-20T12:14:32","modified_gmt":"2019-12-20T11:14:32","slug":"samorzadowcy-o-przeciwdzialaniu-smogowi","status":"publish","type":"post","link":"https:\/\/fleschmazowsza.com.pl\/?p=3508","title":{"rendered":"Samorz\u0105dowcy o przeciwdzia\u0142aniu smogowi"},"content":{"rendered":"\n<p><strong>5 grudnia w CKiS w Pruszkowie odby\u0142a si\u0119 publiczna debata samorz\u0105dowc\u00f3w nt. przeciwdzia\u0142ania smogowi. Udzia\u0142 w debacie wzi\u0119li: Prezydent Pruszkowa, Burmistrz Piastowa, W\u00f3jt Nadarzyna i Komendant Stra\u017cy Miejskiej w Grodzisku Maz.<\/strong><\/p>\n\n\n\n<p>Smog to problem wyj\u0105tkowo egalitarny,\nnie znaj\u0105cy granic przestrzennych ani spo\u0142ecznych,  \u201eniewra\u017cliwy\nna stan portfela\u201d, domagaj\u0105cy si\u0119 pilnych rozwi\u0105za\u0144, kt\u00f3re\nwymagaj\u0105 szerokiej wsp\u00f3\u0142pracy i s\u0105 ponadto kosztowne. Nara\u017ceni\nna skutki zdrowotne s\u0105 wszyscy, cho\u0107 tradycyjnie bardziej\nposzkodowani b\u0119d\u0105 ci mniej odporni, o s\u0142abszym uk\u0142adzie\nimmunologicznym, czyli dzieci i starsi.<\/p>\n\n\n\n<p class=\"has-text-align-center\"><strong>Szkodliwe py\u0142y i gazy<\/strong><\/p>\n\n\n\n<p>Zanieczyszczenie\npowietrza jest oczywi\u015bcie problemem ponadnarodowym, jednak w r\u00f3\u017cnych\nkrajach s\u0105 r\u00f3\u017cne rodzaje, st\u0119\u017cenia i \u017ar\u00f3d\u0142a smogu \u2013\nprzyk\u0142adowo smog W\u0142och czy Niemiec ma inny charakter ni\u017c w Polsce,\nniemiecki np. pochodzi g\u0142\u00f3wnie z silnik\u00f3w diesla, w kt\u00f3re\nwyposa\u017cone s\u0105 samochody. W Polsce zanieczyszczenie powietrza\nr\u00f3wnie\u017c zwi\u0105zane jest z transportem, ale i w ogromnej mierze z\nnieefektywno\u015bci\u0105 energetyczn\u0105 naszego budownictwa mieszkaniowego \u2013\nz r\u00f3\u017cnych powod\u00f3w a\u017c 40% tego, co dorzucamy do piec\u00f3w czy\nkomink\u00f3w, nie ulega definitywnemu spaleniu, lecz materializuje si\u0119\nw powietrzu jako szkodliwe py\u0142y i gazy. W efekcie lista najbardziej\nzanieczyszczonych miast europejskich zdominowana jest przez miasta\npolskie, a w\u015br\u00f3d nich m.in. Piast\u00f3w. \n<\/p>\n\n\n\n<p class=\"has-text-align-center\"><strong>Romantyzm komink\u00f3w i ub\u00f3stwo energetyczne<\/strong><\/p>\n\n\n\n<p>Nasze podwarszawskie gminy i miasteczka\nposiadaj\u0105 systemy do \u015bledzenia i pomiaru szkodliwych st\u0119\u017ce\u0144,\nodpowiedni\u0105 aparatur\u0119 laboratoryjn\u0105, drony robi\u0105ce \u201enaloty\u201d\nna podejrzane domy. Jak si\u0119 zreszt\u0105 okazuje, skutecznymi czujnikami\nsmogu s\u0105 sami mieszka\u0144cy, kt\u00f3rzy nie wahaj\u0105 si\u0119 dzwoni\u0107\ninterwencyjnie. Stra\u017c Miejska operuje narz\u0119dziami \u201erepresji\u201d,\nczyli mandatami lub wnioskami do s\u0105du w przypadku spalania w piecach\nszkodliwych substancji. Daje to oczywi\u015bcie mo\u017cliwo\u015b\u0107 kontroli\nspalania \u015bmieci, co w sytuacji obecnego wzrostu cen za wyw\u00f3z\nodpad\u00f3w jest nie do przecenienia.<\/p>\n\n\n\n<p>Nie zmienia to jednak faktu, \u017ce\nwi\u0119kszo\u015b\u0107 zanieczyszcze\u0144 z domowych komin\u00f3w pochodzi ze spalania\ndozwolonych, p\u00f3ki co, paliw, takich jak w\u0119giel czy drewno.\n\u201eRomantyzm komink\u00f3w\u201d co prawda coraz szybciej przemija, ale\nwymiana piec\u00f3w na gazowe, wsp\u00f3\u0142finansowana przez gmin\u0119, post\u0119puje\nw r\u00f3\u017cnym tempie. Daje si\u0119 tu odczu\u0107 kwestia tzw. ub\u00f3stwa\nenergetycznego \u2013 wielu mieszka\u0144c\u00f3w, np. emeryt\u00f3w, zwleka z\ntermomodernizacj\u0105, poniewa\u017c nie sta\u0107 ich finansowo na ogrzewanie\ngazem, jako paliwem drogim.<\/p>\n\n\n\n<p>Antidotum na smog jest tu oczywi\u015bcie\nedukacja w zakresie odnawialnych \u017ar\u00f3de\u0142 energii oraz szybki rozw\u00f3j\ntechnologiczny w tej dziedzinie, kt\u00f3ry idzie w parze ze spadkiem\ncen, ju\u017c widocznym. W dalszej perspektywie czasowej sprowadza si\u0119\nto do coraz szerszego wykorzystanie pomp ciep\u0142a, paneli\nfotowoltaicznych, kolektor\u00f3w s\u0142onecznych.<\/p>\n\n\n\n<p class=\"has-text-align-center\"><strong>Transport: zmiana mentalno\u015bci<\/strong><\/p>\n\n\n\n<p>Je\u015bli chodzi o zanieczyszczenia\npowietrza pochodne od transportu, to zar\u00f3wno budowa kolejnych\nkilometr\u00f3w \u015bcie\u017cek rowerowych, jak i rowery miejskie, to zjawiska\ndaj\u0105ce pewn\u0105 alternatyw\u0119 dla lokalnej komunikacji samochodowej,\nprzynajmniej w sezonie cieplejszym. Poszerzanie stref p\u0142atnego\nparkowania ma zniech\u0119ci\u0107 do przemieszczania si\u0119 samochodami w\ncentrum miasta. Podobne znaczenie ma rozw\u00f3j transportu miejskiego,\nzw\u0142aszcza autobus\u00f3w o nap\u0119dzie elektrycznym oraz parkingi typu:\n\u201eParkuj i jed\u017a\u201d \u2013 wszystko to sk\u0142ania do rezygnacji z\nindywidualnych \u015brodk\u00f3w transportu na rzecz publicznych, aczkolwiek\nmusi si\u0119 tu dokona\u0107 r\u00f3wnie\u017c zmiana mentalno\u015bci.<\/p>\n\n\n\n<p class=\"has-text-align-center\"><strong>Wsparcie dla samorz\u0105du<\/strong><\/p>\n\n\n\n<p>Z punktu widzenia samorz\u0105d\u00f3w\nlokalnych skuteczno\u015b\u0107 dzia\u0142a\u0144 antysmogowych musi by\u0107 wspierana\nprzez w\u0142adze centralne \u2013 przez wprowadzenia u\u0142atwie\u0144\nfinansowych, biurokratycznych, organizacyjnych.<\/p>\n\n\n\n<p>Przyk\u0142adowo, flagowy wr\u0119cz program\nantysmogowy \u201eCzyste powietrze\u201d, dysponuj\u0105cy ogromnym bud\u017cetem,\nde facto w znacznej cz\u0119\u015bci jest zamro\u017cony, jako bardzo trudny dla\ngmin i mieszka\u0144c\u00f3w ze wzgl\u0119du na niezwykle wysoki stopie\u0144\nzbiurokratyzowania. Przyda\u0142by si\u0119 program na fotowoltaik\u0119 dla\nobiekt\u00f3w u\u017cyteczno\u015bci publicznej \u2013 s\u0105 to z regu\u0142y du\u017ce\nbudynki o znacznej powierzchni dach\u00f3w do wykorzystania.<\/p>\n\n\n\n<p>Wiele kwestii jest jeszcze\nniedopracowanych, a tymczasem ju\u017c za moment pojawi si\u0119 kolejny du\u017cy\nproblem ekologiczny: woda i zbiorniki retencyjne.<\/p>\n\n\n\n<p class=\"has-text-align-right\">Tekst i foto: <em><strong>Sylwia Pa\u0144k\u00f3w<\/strong><\/em><\/p>\n","protected":false},"excerpt":{"rendered":"<p>5 grudnia w CKiS w Pruszkowie odby\u0142a si\u0119 publiczna debata samorz\u0105dowc\u00f3w nt. przeciwdzia\u0142ania smogowi. Udzia\u0142 w debacie wzi\u0119li: Prezydent Pruszkowa, Burmistrz Piastowa, W\u00f3jt Nadarzyna i Komendant Stra\u017cy Miejskiej w Grodzisku Maz. Smog to problem wyj\u0105tkowo egalitarny, nie znaj\u0105cy granic przestrzennych ani spo\u0142ecznych, \u201eniewra\u017cliwy na stan portfela\u201d, domagaj\u0105cy si\u0119 pilnych rozwi\u0105za\u0144, kt\u00f3re wymagaj\u0105 szerokiej wsp\u00f3\u0142pracy i [&hellip;]<\/p>\n","protected":false},"author":2,"featured_media":3509,"comment_status":"closed","ping_status":"open","sticky":false,"template":"","format":"standard","meta":{"footnotes":""},"categories":[9,5],"tags":[],"class_list":["post-3508","post","type-post","status-publish","format-standard","has-post-thumbnail","hentry","category-edukacja","category-wiadomosci"],"_links":{"self":[{"href":"https:\/\/fleschmazowsza.com.pl\/index.php?rest_route=\/wp\/v2\/posts\/3508","targetHints":{"allow":["GET"]}}],"collection":[{"href":"https:\/\/fleschmazowsza.com.pl\/index.php?rest_route=\/wp\/v2\/posts"}],"about":[{"href":"https:\/\/fleschmazowsza.com.pl\/index.php?rest_route=\/wp\/v2\/types\/post"}],"author":[{"embeddable":true,"href":"https:\/\/fleschmazowsza.com.pl\/index.php?rest_route=\/wp\/v2\/users\/2"}],"replies":[{"embeddable":true,"href":"https:\/\/fleschmazowsza.com.pl\/index.php?rest_route=%2Fwp%2Fv2%2Fcomments&post=3508"}],"version-history":[{"count":1,"href":"https:\/\/fleschmazowsza.com.pl\/index.php?rest_route=\/wp\/v2\/posts\/3508\/revisions"}],"predecessor-version":[{"id":3510,"href":"https:\/\/fleschmazowsza.com.pl\/index.php?rest_route=\/wp\/v2\/posts\/3508\/revisions\/3510"}],"wp:featuredmedia":[{"embeddable":true,"href":"https:\/\/fleschmazowsza.com.pl\/index.php?rest_route=\/wp\/v2\/media\/3509"}],"wp:attachment":[{"href":"https:\/\/fleschmazowsza.com.pl\/index.php?rest_route=%2Fwp%2Fv2%2Fmedia&parent=3508"}],"wp:term":[{"taxonomy":"category","embeddable":true,"href":"https:\/\/fleschmazowsza.com.pl\/index.php?rest_route=%2Fwp%2Fv2%2Fcategories&post=3508"},{"taxonomy":"post_tag","embeddable":true,"href":"https:\/\/fleschmazowsza.com.pl\/index.php?rest_route=%2Fwp%2Fv2%2Ftags&post=3508"}],"curies":[{"name":"wp","href":"https:\/\/api.w.org\/{rel}","templated":true}]}}