{"id":3505,"date":"2019-12-20T12:11:44","date_gmt":"2019-12-20T11:11:44","guid":{"rendered":"http:\/\/fleschmazowsza.com.pl\/?p=3505"},"modified":"2019-12-20T12:11:44","modified_gmt":"2019-12-20T11:11:44","slug":"zurawie-powiatu-grodziskiego","status":"publish","type":"post","link":"https:\/\/fleschmazowsza.com.pl\/?p=3505","title":{"rendered":"\u017burawie powiatu grodziskiego"},"content":{"rendered":"\n<p><strong> W czwartek 12 grudnia w Mediatece mia\u0142o miejsce uroczyste spotkanie, kt\u00f3rego celem by\u0142o wr\u0119czenie nagr\u00f3d \u201e\u017burawie powiatu grodziskiego\u201d tym, kt\u00f3rzy wyj\u0105tkowo anga\u017cuj\u0105 si\u0119 na rzecz dobra wsp\u00f3lnego w ramach lokalnej spo\u0142eczno\u015bci. Nagrody (oraz wyr\u00f3\u017cnienia) przyznane zosta\u0142y w pi\u0119ciu kategoriach: Spo\u0142ecznik roku, Organizacja pozarz\u0105dowa roku, Wolontariusz roku, Firma przyjazna spo\u0142eczno\u015bci lokalnej oraz Wydarzenie spo\u0142eczne roku.<\/strong><\/p>\n\n\n\n<p>Organizatorem Gali Aktywno\u015bci\nObywatelskiej by\u0142o pr\u0119\u017cnie dzia\u0142aj\u0105ce na terenie powiatu\ngrodziskiego Stowarzyszenie Europa i My (oraz jego partnerzy).\nPatronat nad wydarzeniem obj\u0119li: burmistrzowie i w\u00f3jtowie\nwszystkich grodziskich gmin oraz Marsza\u0142ek Wojew\u00f3dztwa\nMazowieckiego. Sal\u0119 po brzegi wype\u0142niali zaproszeni go\u015bcie,\nobowi\u0105zywa\u0142y suknie wizytowe i garnitury, zmierzaj\u0105cy ku\npodestowi, a wi\u0119c nagrodzeni i wyr\u00f3\u017cnieni, szli po czerwonym\ndywanie. Zgromadzonym towarzyszy\u0142a elegancka oprawa muzyczna i, na\nzako\u0144czenie, bankietowa.<\/p>\n\n\n\n<p class=\"has-text-align-center\"><strong>Ho\u0142ownia jako prelegent<\/strong><\/p>\n\n\n\n<p>Splendoru wydarzeniu doda\u0142 fakt, \u017ce\njako go\u015b\u0107 honorowy i wspania\u0142y m\u00f3wca wyst\u0105pi\u0142 Szymon Ho\u0142ownia,\nznany dziennikarz, publicysta i zaanga\u017cowany spo\u0142ecznik.\nPrzygotowany przez niego wyk\u0142ad z jednej strony mia\u0142 charakter\ndiagnostyczny, z drugiej motywacyjny.<\/p>\n\n\n\n<p>Ho\u0142ownia m\u00f3wi\u0142 o zagro\u017ceniu\nklimatycznym \u2013 je\u015bli ludzie nie powstrzymaj\u0105 obecnych tendencji,\ndo ko\u0144ca XXI wieku na skutek ocieplenia 60% ludzi znajdzie si\u0119 na\nterenach zalewanych przez wod\u0119. M\u00f3wi\u0142 o drastycznych\nnier\u00f3wno\u015bciach spo\u0142ecznych na \u015bwiecie \u2013 o umieraniu z g\u0142odu,\nniedo\u017cywienia, z braku pomocy lekarskiej w krajach biednych.<\/p>\n\n\n\n<p>Przypomnia\u0142 o problemach senior\u00f3w w\nPolsce \u2013 50% z nich \u017cyje w gospodarstwach jednoosobowych, co\noznacza samotne \u017cycie, kt\u00f3rego tre\u015bci\u0105 jest jedynie telewizja i\nkrzy\u017c\u00f3wki. Wspomnia\u0142 o wykluczeniu komunikacyjnym, kt\u00f3re w Polsce\ndotyczy 14 mln ludzi, w du\u017cej mierze mieszka\u0144c\u00f3w wsi\nnajbiedniejszej \u015bciany wschodniej. \n<\/p>\n\n\n\n<p class=\"has-text-align-center\"><strong>Sie\u0107 u\u0142atwia wsp\u00f3lne dzia\u0142anie<\/strong><\/p>\n\n\n\n<p>Jednocze\u015bnie Ho\u0142ownia zwr\u00f3ci\u0142 uwag\u0119\nna fakt, \u017ce w XXI wieku jak nigdy wcze\u015bniej jest nas du\u017co i\njeste\u015bmy pod\u0142\u0105czeni do sieci, a dzi\u0119ki temu stale po\u0142\u0105czeni w\nsystem, kt\u00f3ry u\u0142atwia wsp\u00f3lne dzia\u0142anie. \u017be warto opu\u015bci\u0107\nswoj\u0105 stref\u0119 komfortu i zrobi\u0107 co\u015b dla innych, i z innymi;\nprzywr\u00f3ci\u0107 zasady go\u015bcinno\u015bci, solidarno\u015bci, wsp\u00f3\u0142dzia\u0142ania,\nzadba\u0107 o sp\u00f3jno\u015b\u0107 spo\u0142eczn\u0105, o pog\u0142\u0119bienie relacji.<\/p>\n\n\n\n<p>Robi\u0105c co\u015b dla innych, robimy to\nzarazem dla siebie, bo tak naprawd\u0119 ka\u017cdy z nas jest zawsze o krok\nod epizodu, kt\u00f3ry mo\u017ce niekorzystnie zmieni\u0107 ca\u0142e \u017cycie.\nNiezale\u017cnie czy dzia\u0142amy jako spo\u0142ecznicy, wolontariusze, czy\njakkolwiek inaczej \u2013 warto zada\u0107 sobie pytanie, czy z naszej\ndzia\u0142alno\u015bci by\u0142o jakie\u015b \u017cycie? \u201eCzy z mojego \u017cycia by\u0142o\ndzisiaj \u017cycie?\u201d. \u201eCzy dzi\u0119ki temu, \u017ce ja \u017cyj\u0119, kto\u015b jeszcze\ndzi\u015b \u017cy\u0142?\u201d. Ka\u017cdy z nas ma jakie\u015b zasoby, kt\u00f3rymi mo\u017ce si\u0119\npodzieli\u0107 z innymi, cho\u0107by to by\u0142y s\u0142owa czy czas; zasoby na\nmiar\u0119 swoich mo\u017cliwo\u015bci.<\/p>\n\n\n\n<p>Warto pami\u0119ta\u0107, \u017ce czasem te\u017c\npomagaj\u0105c innym uczymy si\u0119, \u017ce najwy\u017csz\u0105 cnot\u0105 jest cierpliwo\u015b\u0107\n\u2013 gdy sprawy nie id\u0105 do przodu. M\u0105dro\u015bci\u0105 jest jednak nie\nrezygnowa\u0107, dop\u00f3ki nie spr\u00f3buje si\u0119 wszystkich opcji; czasem\nwarto zrobi\u0107 \u201estop\u201d, czasem przeczeka\u0107, ale nie rezygnowa\u0107,\nnie odpuszcza\u0107.<\/p>\n\n\n\n<p class=\"has-text-align-center\"><strong>\u017buraw \u2013 nadzieja i szcz\u0119\u015bcie<\/strong><\/p>\n\n\n\n<p>Pokrzepieni tak\u0105 przemow\u0105 wszyscy\nobecni na Gali skoncentrowali si\u0119 na ceremonii rozdania nagr\u00f3d.\nTw\u00f3rc\u0105 pi\u0119knej statuetki przedstawiaj\u0105cej \u017curawie jest rze\u017abiarz\nJerzy Juczkowicz, autor m.in. pomnika Leonida Teligi na grodziskich\nStawach Goliana. \n<\/p>\n\n\n\n<p>\u017buraw \u2013 ptak tradycyjnie nios\u0105cy\nsymbolik\u0119 nadziei i szcz\u0119\u015bcia, wierno\u015bci i czujno\u015bci, wyra\u017caj\u0105cy\nludzkie cechy \u2013 bywa\u0142 motywem malarskim J\u00f3zefa Che\u0142mo\u0144skiego,\nprzez co kojarzy\u0107 go mo\u017cna \u015bmia\u0142o z ziemi\u0105 grodzisk\u0105.<\/p>\n\n\n\n<p>Laureatami nagrody \u201e\u017burawie powiatu\ngrodziskiego\u201d zostali wi\u0119c: spo\u0142eczniczka Agata Szczypiorska z\ngminy Baran\u00f3w, wolontariuszka Ania Krysiak z Milan\u00f3wka,\nStowarzyszenie na rzecz os\u00f3b niepe\u0142nosprawnych \u201eMalwa Plus\u201d z\nGrodziska i firma Lajk Taxi z Grodziska.<\/p>\n\n\n\n<p>Opr\u00f3cz statuetek przyznano wiele\nwyr\u00f3\u017cnie\u0144: spo\u0142ecznym wydarzeniom, spo\u0142ecznikom i\nwolontariuszom, stowarzyszeniom i firmom. Laury nie omin\u0119\u0142y te\u017c\nsamego organizatora Gali, czyli Prezesa Stowarzyszenia Europa i My,\nDaniela Pr\u0119dkopowicza \u2013 otrzyma\u0142 on zas\u0142u\u017cony dyplom jako\n\u201eAnimator dobra wsp\u00f3lnego\u201d.<\/p>\n\n\n\n<p class=\"has-text-align-right\">Tekst i foto: <em><strong>Sylwia Pa\u0144k\u00f3w<\/strong><\/em><\/p>\n","protected":false},"excerpt":{"rendered":"<p>W czwartek 12 grudnia w Mediatece mia\u0142o miejsce uroczyste spotkanie, kt\u00f3rego celem by\u0142o wr\u0119czenie nagr\u00f3d \u201e\u017burawie powiatu grodziskiego\u201d tym, kt\u00f3rzy wyj\u0105tkowo anga\u017cuj\u0105 si\u0119 na rzecz dobra wsp\u00f3lnego w ramach lokalnej spo\u0142eczno\u015bci. Nagrody (oraz wyr\u00f3\u017cnienia) przyznane zosta\u0142y w pi\u0119ciu kategoriach: Spo\u0142ecznik roku, Organizacja pozarz\u0105dowa roku, Wolontariusz roku, Firma przyjazna spo\u0142eczno\u015bci lokalnej oraz Wydarzenie spo\u0142eczne roku. Organizatorem [&hellip;]<\/p>\n","protected":false},"author":2,"featured_media":3506,"comment_status":"closed","ping_status":"open","sticky":false,"template":"","format":"standard","meta":{"footnotes":""},"categories":[5],"tags":[],"class_list":["post-3505","post","type-post","status-publish","format-standard","has-post-thumbnail","hentry","category-wiadomosci"],"_links":{"self":[{"href":"https:\/\/fleschmazowsza.com.pl\/index.php?rest_route=\/wp\/v2\/posts\/3505","targetHints":{"allow":["GET"]}}],"collection":[{"href":"https:\/\/fleschmazowsza.com.pl\/index.php?rest_route=\/wp\/v2\/posts"}],"about":[{"href":"https:\/\/fleschmazowsza.com.pl\/index.php?rest_route=\/wp\/v2\/types\/post"}],"author":[{"embeddable":true,"href":"https:\/\/fleschmazowsza.com.pl\/index.php?rest_route=\/wp\/v2\/users\/2"}],"replies":[{"embeddable":true,"href":"https:\/\/fleschmazowsza.com.pl\/index.php?rest_route=%2Fwp%2Fv2%2Fcomments&post=3505"}],"version-history":[{"count":1,"href":"https:\/\/fleschmazowsza.com.pl\/index.php?rest_route=\/wp\/v2\/posts\/3505\/revisions"}],"predecessor-version":[{"id":3507,"href":"https:\/\/fleschmazowsza.com.pl\/index.php?rest_route=\/wp\/v2\/posts\/3505\/revisions\/3507"}],"wp:featuredmedia":[{"embeddable":true,"href":"https:\/\/fleschmazowsza.com.pl\/index.php?rest_route=\/wp\/v2\/media\/3506"}],"wp:attachment":[{"href":"https:\/\/fleschmazowsza.com.pl\/index.php?rest_route=%2Fwp%2Fv2%2Fmedia&parent=3505"}],"wp:term":[{"taxonomy":"category","embeddable":true,"href":"https:\/\/fleschmazowsza.com.pl\/index.php?rest_route=%2Fwp%2Fv2%2Fcategories&post=3505"},{"taxonomy":"post_tag","embeddable":true,"href":"https:\/\/fleschmazowsza.com.pl\/index.php?rest_route=%2Fwp%2Fv2%2Ftags&post=3505"}],"curies":[{"name":"wp","href":"https:\/\/api.w.org\/{rel}","templated":true}]}}