{"id":3491,"date":"2019-12-06T14:59:14","date_gmt":"2019-12-06T13:59:14","guid":{"rendered":"http:\/\/fleschmazowsza.com.pl\/?p=3491"},"modified":"2019-12-06T14:59:15","modified_gmt":"2019-12-06T13:59:15","slug":"mafia-pruszkowska-znow-na-wolnosci","status":"publish","type":"post","link":"https:\/\/fleschmazowsza.com.pl\/?p=3491","title":{"rendered":"Mafia pruszkowska zn\u00f3w na wolno\u015bci?"},"content":{"rendered":"\n<p><strong>Wszystko wskazuje na to, \u017ce bossowie dawnej mafii pruszkowskiej zn\u00f3w b\u0119d\u0105 na wolno\u015bci. Wszystko za spraw\u0105 kaucji, kt\u00f3r\u0105 mog\u0105 wp\u0142aci\u0107, aby opu\u015bci\u0107 areszt. Mowa o kwotach od 120 do 400 tys. z\u0142otych. Dotyczy to Andrzeja Z. ps. \u201eS\u0142owik\u201d, Leszka D. \u201eWa\u0144ka\u201d oraz Janusza P. \u201eParasol\u201d.<\/strong><\/p>\n\n\n\n<p>Na pocz\u0105tku listopada odby\u0142o si\u0119\nspecjalne posiedzenie S\u0105du Okr\u0119gowego w Warszawie, podczas kt\u00f3rego\ns\u0105d rozpatrywa\u0142 wnioski oskar\u017conych. Nie jest niespodziank\u0105, \u017ce\ndotyczy\u0142y one uchylenia kary aresztu. Wnioski zosta\u0142y ocenione\npozytywnie, bowiem Jerzy W., S\u0142awomir F., a tak\u017ce Filip F. wyszli\nna wolno\u015b\u0107. Wobec pozosta\u0142ych zastosowana zosta\u0142a procedura\nkaucji. S\u0105d uzna\u0142, \u017ce kaucja dla \u201eS\u0142owika\u201d wynosi najwi\u0119cej,\nbowiem 400 tys. z\u0142otych. \u201eWa\u0144ka\u201d musi zap\u0142aci\u0107 200 tys., za\u015b\n\u201eParasol\u201d 120 tys. z\u0142otych.<\/p>\n\n\n\n<p>Przypomnijmy, \u017ce bossowie mafii\npruszkowskiej karani byli za przest\u0119pstwa skarbowe, rozboje,\nwymuszenia rozb\u00f3jnicze i pobicia. Znani s\u0105 z uwierzytelniania\nswoich dzia\u0142a\u0144 fa\u0142szywymi fakturami VAT, sk\u0142adania nieprawdziwych\ndeklaracji oraz stosowania b\u0142\u0119dnych danych osobowych.<\/p>\n\n\n\n<p>Odbyli oni wielokrotne i wieloletnie\nkary pozbawienia wolno\u015bci. \u201eS\u0142owik\u201d, \u201eWa\u0144ka\u201d i \u201eParasol\u201d\nzostali zatrzymani w 2017 roku. Towarzyszy\u0142o im jedenastu innych\nprzest\u0119pc\u00f3w mafii \u201ePruszk\u00f3w\u201d.<\/p>\n\n\n\n<p class=\"has-text-align-right\"><strong>Aneta Czarnecka<\/strong><br>Fot.: <em><strong>Pixabay.com<\/strong><\/em><\/p>\n","protected":false},"excerpt":{"rendered":"<p>Wszystko wskazuje na to, \u017ce bossowie dawnej mafii pruszkowskiej zn\u00f3w b\u0119d\u0105 na wolno\u015bci. Wszystko za spraw\u0105 kaucji, kt\u00f3r\u0105 mog\u0105 wp\u0142aci\u0107, aby opu\u015bci\u0107 areszt. Mowa o kwotach od 120 do 400 tys. z\u0142otych. Dotyczy to Andrzeja Z. ps. \u201eS\u0142owik\u201d, Leszka D. \u201eWa\u0144ka\u201d oraz Janusza P. \u201eParasol\u201d. Na pocz\u0105tku listopada odby\u0142o si\u0119 specjalne posiedzenie S\u0105du Okr\u0119gowego w [&hellip;]<\/p>\n","protected":false},"author":2,"featured_media":3492,"comment_status":"closed","ping_status":"open","sticky":false,"template":"","format":"standard","meta":{"footnotes":""},"categories":[5],"tags":[],"class_list":["post-3491","post","type-post","status-publish","format-standard","has-post-thumbnail","hentry","category-wiadomosci"],"_links":{"self":[{"href":"https:\/\/fleschmazowsza.com.pl\/index.php?rest_route=\/wp\/v2\/posts\/3491","targetHints":{"allow":["GET"]}}],"collection":[{"href":"https:\/\/fleschmazowsza.com.pl\/index.php?rest_route=\/wp\/v2\/posts"}],"about":[{"href":"https:\/\/fleschmazowsza.com.pl\/index.php?rest_route=\/wp\/v2\/types\/post"}],"author":[{"embeddable":true,"href":"https:\/\/fleschmazowsza.com.pl\/index.php?rest_route=\/wp\/v2\/users\/2"}],"replies":[{"embeddable":true,"href":"https:\/\/fleschmazowsza.com.pl\/index.php?rest_route=%2Fwp%2Fv2%2Fcomments&post=3491"}],"version-history":[{"count":1,"href":"https:\/\/fleschmazowsza.com.pl\/index.php?rest_route=\/wp\/v2\/posts\/3491\/revisions"}],"predecessor-version":[{"id":3493,"href":"https:\/\/fleschmazowsza.com.pl\/index.php?rest_route=\/wp\/v2\/posts\/3491\/revisions\/3493"}],"wp:featuredmedia":[{"embeddable":true,"href":"https:\/\/fleschmazowsza.com.pl\/index.php?rest_route=\/wp\/v2\/media\/3492"}],"wp:attachment":[{"href":"https:\/\/fleschmazowsza.com.pl\/index.php?rest_route=%2Fwp%2Fv2%2Fmedia&parent=3491"}],"wp:term":[{"taxonomy":"category","embeddable":true,"href":"https:\/\/fleschmazowsza.com.pl\/index.php?rest_route=%2Fwp%2Fv2%2Fcategories&post=3491"},{"taxonomy":"post_tag","embeddable":true,"href":"https:\/\/fleschmazowsza.com.pl\/index.php?rest_route=%2Fwp%2Fv2%2Ftags&post=3491"}],"curies":[{"name":"wp","href":"https:\/\/api.w.org\/{rel}","templated":true}]}}